{"id":3485,"date":"2017-03-15T21:31:52","date_gmt":"2017-03-15T19:31:52","guid":{"rendered":"http:\/\/www.berlin.freidenker.org\/?p=3485"},"modified":"2017-03-23T12:35:15","modified_gmt":"2017-03-23T10:35:15","slug":"22-3-2017-berliner-runde-freidenker-im-gespraech","status":"publish","type":"post","link":"https:\/\/www.berlin.freidenker.org\/?p=3485","title":{"rendered":"22.3.2017 \u2013 \u201eBerliner Runde \u2013 Freidenker im Gespr\u00e4ch\u201c"},"content":{"rendered":"<h4 class=\"western\" align=\"center\"><span style=\"color: #008000;\"><strong>Achtung!!! \u2013 Neuer Ort, neue Uhrzeit \u2013 Achtung!!!<\/strong><\/span><\/h4>\n<p style=\"text-align: left;\" align=\"center\"><span style=\"font-family: Arial, sans-serif;\"><span style=\"color: #333333;\"><span style=\"font-size: medium;\">Liebe Freidenkerin, lieber Freidenker, liebe Freunde,\u00a0wir laden <\/span><\/span><span style=\"color: #333333;\"><span style=\"font-size: medium;\">herzlich <\/span><\/span><span style=\"color: #333333;\"><span style=\"font-size: medium;\">ein zu unserer n\u00e4chsten \u00f6ffentlichen<\/span><\/span><\/span><\/p>\n<p align=\"center\"><strong><span style=\"color: #333333;\">\u201e<\/span><\/strong><strong><span style=\"color: #333333;\"><span style=\"font-family: Arial, sans-serif;\"><span style=\"font-size: large;\"><b>Berliner Runde \u2013 Freidenker im Gespr\u00e4ch\u201c<\/b><\/span><\/span><\/span><\/strong><\/p>\n<p style=\"text-align: left;\" align=\"center\"><span style=\"color: #333333;\"><span style=\"font-family: Arial, sans-serif;\"><span style=\"font-size: medium;\">am\u00a0<\/span><\/span><\/span><span style=\"color: #333333;\"><span style=\"font-family: Arial, sans-serif;\"><span style=\"font-size: medium;\">Mittwoch, dem <\/span><\/span><\/span><span style=\"color: #333333;\"><span style=\"font-family: Arial, sans-serif;\"><span style=\"font-size: medium;\">22<\/span><\/span><\/span><span style=\"color: #333333;\"><span style=\"font-family: Arial, sans-serif;\"><span style=\"font-size: medium;\">.\u00a0<\/span><\/span><\/span><span style=\"color: #333333;\"><span style=\"font-family: Arial, sans-serif;\"><span style=\"font-size: medium;\">M\u00e4rz<\/span><\/span><\/span><span style=\"color: #333333;\"><span style=\"font-family: Arial, sans-serif;\"><span style=\"font-size: medium;\">\u00a02017, 18.<\/span><\/span><\/span><span style=\"color: #333333;\"><span style=\"font-family: Arial, sans-serif;\"><span style=\"font-size: medium;\">3<\/span><\/span><\/span><span style=\"color: #333333;\"><span style=\"font-family: Arial, sans-serif;\"><span style=\"font-size: medium;\">0 Uhr,\u00a0<\/span><\/span><\/span><span style=\"font-family: Arial, sans-serif;\"><span style=\"color: #333333;\"><span style=\"font-size: medium;\">i<\/span><\/span><span style=\"color: #333333;\"><span style=\"font-size: medium;\">n der alternativen Klub-Kneipe<\/span><\/span><span style=\"color: #333333;\"><span style=\"font-size: medium;\"> \u201e<\/span><\/span><span style=\"color: #333333;\"><span style=\"font-size: medium;\">Terzo Mondo\u201c, Grolmanstra\u00dfe 28, <\/span><\/span><span style=\"color: #333333;\"><span style=\"font-size: medium;\">10<\/span><\/span><span style=\"color: #333333;\"><span style=\"font-size: medium;\">623<\/span><\/span><span style=\"color: #333333;\"><span style=\"font-size: medium;\"> Berlin<\/span><\/span><span style=\"color: #333333;\"><span style=\"font-size: medium;\"><b>*<\/b><\/span><\/span><\/span><\/p>\n<p align=\"center\"><span style=\"color: #333333;\"><span style=\"font-family: Arial, sans-serif;\"><span style=\"font-size: medium;\">zum Thema:<\/span><\/span><\/span><\/p>\n<p align=\"center\"><span style=\"color: #282e21;\">\u201e<\/span><span style=\"font-family: Arial, sans-serif;\"><span style=\"font-size: large;\"><b><span style=\"color: #282e21;\">Der Kampf Lenins f\u00fcr die Macht der Sowjets. <\/span><\/b><\/span><\/span><\/p>\n<p align=\"center\"><span style=\"font-family: Arial, sans-serif;\"><span style=\"font-size: large;\"><b>Von den &#8222;Aprilthesen&#8220; 1917 bis zu &#8222;Lieber weniger, aber besser&#8220; 1923&#8243;<\/b><\/span><\/span><\/p>\n<h3 align=\"center\"><strong><span style=\"font-family: Arial, sans-serif;\">Referent\/Diskussionsgrundlage: Dr. Klaus-Peter Kurch<\/span><\/strong><\/h3>\n<p align=\"center\"><span style=\"color: #282e21;\"><span style=\"font-family: Arial, sans-serif;\"><span style=\"font-size: medium;\">Dr. Kurch ist Dipl. phil. Dr. oec.<\/span><\/span><\/span><\/p>\n<p align=\"left\"><span style=\"color: #282e21;\"><span style=\"font-family: Arial, sans-serif;\"><span style=\"font-size: medium;\">Die Veranstaltung ist die erste aber nicht die letzte im Jahr 2017, mit der die Berliner Freidenker des 100. Jahrestages der russischen Revolutionen von 1917 gedenken, besonders aber der <\/span><\/span><\/span><span style=\"color: #282e21;\"><span style=\"font-family: Arial, sans-serif;\"><span style=\"font-size: medium;\">immer wieder heftig <\/span><\/span><\/span><span style=\"color: #282e21;\"><span style=\"font-family: Arial, sans-serif;\"><span style=\"font-size: medium;\">umstrittenen Gro\u00dfen Sozialistischen Oktoberrevolution. <\/span><\/span><\/span><\/p>\n<p align=\"left\"><span style=\"color: #000000;\"><span style=\"font-family: Arial, sans-serif;\"><span style=\"font-size: medium;\">Wir <\/span><\/span><\/span><span style=\"color: #000000;\"><span style=\"font-family: Arial, sans-serif;\"><span style=\"font-size: medium;\">wollen dar\u00fcber diskutieren, <\/span><\/span><\/span><span style=\"color: #000000;\"><span style=\"font-family: Arial, sans-serif;\"><span style=\"font-size: medium;\">wie Lenin in den unterschiedlichen, ja absolut gegens\u00e4tzlichen und angespanntesten Situationen <\/span><\/span><\/span><span style=\"color: #000000;\"><span style=\"font-family: Arial, sans-serif;\"><span style=\"font-size: medium;\">der Jahre 1917 bis 1923, <\/span><\/span><\/span><span style=\"color: #000000;\"><span style=\"font-family: Arial, sans-serif;\"><span style=\"font-size: medium;\">zwar die Frage der Macht der Sowjets jeweils tagesaktuell beantwortete, dass <\/span><\/span><\/span><span style=\"color: #000000;\"><span style=\"font-family: Arial, sans-serif;\"><span style=\"font-size: medium;\">aber <\/span><\/span><\/span><span style=\"color: #000000;\"><span style=\"font-family: Arial, sans-serif;\"><span style=\"font-size: medium;\">f\u00fcr ihn <\/span><\/span><\/span><span style=\"color: #000000;\"><span style=\"font-family: Arial, sans-serif;\"><span style=\"font-size: medium;\">der <\/span><\/span><\/span><span style=\"color: #000000;\"><span style=\"font-family: Arial, sans-serif;\"><span style=\"font-size: medium;\">Kern der Machtfrage <\/span><\/span><\/span><span style=\"color: #000000;\"><span style=\"font-family: Arial, sans-serif;\"><span style=\"font-size: medium;\">immer <\/span><\/span><\/span><span style=\"color: #000000;\"><span style=\"font-family: Arial, sans-serif;\"><span style=\"font-size: medium;\">die Selbsterm\u00e4chtigung des Volkes war, konkret der Arbeiterklasse <\/span><\/span><\/span><span style=\"color: #000000;\"><span style=\"font-family: Arial, sans-serif;\"><span style=\"font-size: medium;\">plus <\/span><\/span><\/span><span style=\"color: #000000;\"><span style=\"font-family: Arial, sans-serif;\"><span style=\"font-size: medium;\">der &#8222;aufgekl\u00e4rtesten Elemente&#8220; im B\u00fcndnis mit den Bauern. <\/span><\/span><\/span><\/p>\n<p align=\"left\"><span style=\"color: #000000;\"><span style=\"font-family: Arial, sans-serif;\"><span style=\"font-size: medium;\">Die <\/span><\/span><\/span><span style=\"color: #000000;\"><span style=\"font-family: Arial, sans-serif;\"><span style=\"font-size: medium;\">Orientierung Lenins auf die Selbsterm\u00e4chtigung der Ausgebeuteten <\/span><\/span><\/span><span style=\"color: #000000;\"><span style=\"font-family: Arial, sans-serif;\"><span style=\"font-size: medium;\">begr\u00fcndet, <\/span><\/span><\/span><span style=\"color: #000000;\"><span style=\"font-family: Arial, sans-serif;\"><span style=\"font-size: medium;\">so meinen wir,<\/span><\/span><\/span><span style=\"color: #000000;\"><span style=\"font-family: Arial, sans-serif;\"><span style=\"font-size: medium;\"> einen Gutteil seiner <\/span><\/span><\/span><span style=\"color: #000000;\"><span style=\"font-family: Arial, sans-serif;\"><span style=\"font-size: medium;\">heutigen <\/span><\/span><\/span><span style=\"color: #000000;\"><span style=\"font-family: Arial, sans-serif;\"><span style=\"font-size: medium;\">Aktualit\u00e4t<\/span><\/span><\/span><span style=\"color: #000000;\"><span style=\"font-family: Arial, sans-serif;\"><span style=\"font-size: medium;\">.<\/span><\/span><\/span><\/p>\n<p><span style=\"font-family: Arial, sans-serif;\"><span style=\"color: #282e21;\"><span style=\"font-size: medium;\">Das Thema wird <\/span><\/span><span style=\"color: #282e21;\"><span style=\"font-size: medium;\">nicht in einem l\u00e4ngeren Vortrag behandelt, sondern in der <\/span><\/span><span style=\"color: #282e21;\"><span style=\"font-size: medium;\">Form, <\/span><\/span><span style=\"color: #282e21;\"><span style=\"font-size: medium;\">dass zu ausgew\u00e4hlten Zeitabschnitten bzw. Ereignissen jeweils <\/span><\/span><span style=\"color: #282e21;\"><span style=\"font-size: medium;\">Thesen zur Diskussion gestellt werden. <\/span><\/span><span style=\"color: #282e21;\"><span style=\"font-size: medium;\">Die folgenden\u00a0<\/span><\/span><span style=\"color: #282e21;\"><span style=\"font-size: medium;\">Diskussionsschwerpunkte werden <\/span><\/span><span style=\"color: #282e21;\"><span style=\"font-size: medium;\">vorbereitet<\/span><\/span><span style=\"color: #282e21;\"><span style=\"font-size: medium;\">:<\/span><\/span><\/span><\/p>\n<h4 align=\"center\"><span style=\"font-family: Arial, sans-serif;\"><span style=\"color: #282e21;\"><span style=\"font-size: medium;\">*<\/span><\/span><\/span><\/h4>\n<h4 style=\"text-align: left;\" align=\"center\">\u201e<span style=\"font-family: Arial, sans-serif;\"><i>fertiges Konzept, langatmige Rede &#8211; ganz ohne konkreter Analyse vor Ort\u201c ?<\/i><\/span><\/h4>\n<p><span style=\"font-family: Arial, sans-serif;\"><span style=\"color: #282e21;\"><span style=\"font-size: medium;\">April 191<\/span><\/span><span style=\"color: #282e21;\"><span style=\"font-size: medium;\">7<\/span><\/span><span style=\"color: #282e21;\"><span style=\"font-size: medium;\">, \u201eAprilthesen\u201c (zu finden\u00a0<\/span><\/span><\/span><span style=\"font-family: Arial, sans-serif;\"><span style=\"color: #282e21;\"><span style=\"font-size: medium;\"><a href=\"https:\/\/www.marxists.org\/deutsch\/archiv\/lenin\/1917\/04\/april.htm\" target=\"_blank\">hier<\/a>\u00a0<\/span><\/span><span style=\"color: #282e21;\"><span style=\"font-size: medium;\">oder <a href=\"http:\/\/www.max-stirner-archiv-leipzig.de\/dokumente\/LW24.pdf\" target=\"_blank\">hier<\/a>, <\/span><\/span><span style=\"color: #282e21;\"><span style=\"font-size: medium;\">Seite <\/span><\/span><span style=\"color: #282e21;\"><span style=\"font-size: medium;\">3-8<\/span><\/span><span style=\"color: #282e21;\"><span style=\"font-size: medium;\">)<\/span><\/span><\/span><\/p>\n<p align=\"center\"><span style=\"font-family: Arial, sans-serif;\"><i>* <\/i><\/span><\/p>\n<h4 style=\"text-align: left;\" align=\"center\"><span style=\"font-family: Arial, sans-serif;\"><i>\u201eBotschaft aus der Laubh\u00fctte\u201c ?<\/i><\/span><\/h4>\n<div><span style=\"font-family: Arial, sans-serif;\">August\/September 1917, \u201eStaat und Revolution\u201c (zu finden\u00a0<\/span><span style=\"font-family: Arial, sans-serif;\"><a href=\"http:\/\/www.max-stirner-archiv-leipzig.de\/dokumente\/LW25.pdf\" target=\"_blank\">hier<\/a>, Seite 393ff, <a href=\"http:\/\/www.sozialismus-von-unten.de\/archiv\/svu6\/lenin.htm\" target=\"_blank\">hier<\/a> oder auch <a href=\"https:\/\/www.youtube.com\/watch?v=2veGMDx-QrE\" target=\"_blank\">hier<\/a>)<\/span><\/div>\n<p align=\"center\"><span style=\"font-family: Arial, sans-serif;\"><i>* <\/i><\/span><\/p>\n<h4 style=\"text-align: left;\" align=\"center\"><span style=\"font-family: Arial, sans-serif;\"><i>\u201emilde Leitung eines Dirigenten\u201c\/\u201escharfe Diktatorschaft\u201c <\/i><\/span><\/h4>\n<p><span style=\"font-family: Arial, sans-serif;\">Mai 1918, \u201eDie n\u00e4chsten Aufgaben der Sowjetmacht\u201c (zu finden <a href=\"http:\/\/www.max-stirner-archiv-leipzig.de\/dokumente\/LW27.pdf\" target=\"_blank\">hier<\/a>, Seite 259f, Interessantes auch <a href=\"http:\/\/marx-forum.de\/geschichte\/sowjetunion\/01.html\" target=\"_blank\">hier<\/a>)<\/span><\/p>\n<p style=\"text-align: center;\"><span style=\"font-family: Arial, sans-serif;\"><i>* <\/i><\/span><\/p>\n<h4 style=\"text-align: left;\" align=\"center\"><span style=\"font-family: Arial, sans-serif;\"><i>\u201ebleibt uns damit vom Leibe!\u201c (Trotzkis \u201eThesen&#8220; sind politisch sch\u00e4dlich\u201c) <\/i><\/span><\/h4>\n<p><span style=\"font-family: Arial, sans-serif;\">Dezember 1920, \u201e\u00dcber die Gewerkschaften\u201c (zu finden <a href=\"http:\/\/www.red-channel.de\/LeninWerke\/LW32.pdf\" target=\"_blank\">hier<\/a>, Seite 15, anderes dazu <a href=\"https:\/\/www.marx21.de\/23-08-10-30-jahre-solidarnosc\/\" target=\"_blank\">hier<\/a>)<\/span><\/p>\n<p style=\"text-align: center;\"><span style=\"font-family: Arial, sans-serif;\"><i>* <\/i><\/span><\/p>\n<h4 style=\"text-align: left;\" align=\"center\"><span style=\"font-family: Arial, sans-serif;\"><i>\u201ezu einer derart halbschl\u00e4chtigen Ma\u00dfnahme gezwungen\u201c<\/i><\/span><\/h4>\n<p><span style=\"font-family: Arial, sans-serif;\">April 1921, \u201eReferat \u00fcber die Naturalsteuer\u201c (zu finden <a href=\"http:\/\/www.red-channel.de\/LeninWerke\/LW32.pdf\" target=\"_blank\">hier<\/a>, Seite 297, <strong>besonders wichtig Ulla Plener <a href=\"https:\/\/www.rosalux.de\/fileadmin\/rls_uploads\/pdfs\/205Plener.pdf\" target=\"_blank\">hier<\/a><\/strong>, vergleiche dazu auch <a href=\"http:\/\/www.ura-linda.de\/germania\/lenin%20noep.pdf\" target=\"_blank\">hier<\/a>)<\/span><\/p>\n<p style=\"text-align: center;\"><span style=\"font-family: Arial, sans-serif;\"><i>* <\/i><\/span><\/p>\n<h4><span style=\"font-family: Arial, sans-serif;\"><i>\u201eIch schneide hier gerade die Frage der Kultur an,&#8230;\u201c<\/i><\/span><\/h4>\n<p><span style=\"font-family: Arial, sans-serif;\">Februar\/<\/span><span style=\"font-family: Arial, sans-serif;\">M\u00e4rz 1923, \u201eLieber weniger aber besser\u201c\u00a0<\/span><span style=\"font-family: Arial, sans-serif;\">(das 16-seitige letzte Werk Lenins ist <a href=\"http:\/\/www.red-channel.de\/LeninWerke\/LW33.pdf\" target=\"_blank\">hier <\/a>zu finden<\/span><span style=\"font-family: Arial, sans-serif;\">, Seite 474-490, aufschlussreich\u00a0<\/span><span style=\"font-family: Arial, sans-serif;\">zu den damaligen Auseinandersetzungen \u00a0Rogowin <a href=\"https:\/\/books.google.de\/books?id=GUnqBQAAQBAJ&amp;pg=PA70&amp;lpg=PA70&amp;dq=lieber+weniger+aber+besser,+lenin&amp;source=bl&amp;ots=Yc9dKXcIBW&amp;sig=cQoqwZppz_Me1aq-Qi8Vj5NHuxs&amp;hl=de&amp;sa=X&amp;ved=0ahUKEwij38rjqNjSAhWDWhoKHR5YA8wQ6AEIWzAP#v=onepage&amp;q=lieber%20weniger%20aber%20besser%2C%20lenin&amp;f=false\" target=\"_blank\">hier<\/a>\u00a0und Hildermeier <a href=\"https:\/\/books.google.de\/books?id=ZK02BInSAYoC&amp;pg=PA165&amp;lpg=PA165&amp;dq=lenin+lieber+weniger+aber+besser&amp;source=bl&amp;ots=iStJUUcHQm&amp;sig=V-XaUabGyD0OArYpKoDOnt0lsxw&amp;hl=de&amp;sa=X&amp;ved=0ahUKEwjs5q_vqtjSAhWS0RoKHbXOA8wQ6AEIWzAO#v=onepage&amp;q=lenin%20lieber%20weniger%20aber%20besser&amp;f=false\" target=\"_blank\">hier<\/a>)<\/span><\/p>\n<p>&nbsp;<\/p>\n<p><span style=\"font-family: Arial, sans-serif;\">Zu den vorstehenden Zeitabschnitten bzw. Problemstellungen w\u00fcnschen wir uns eine lebhafte Diskussion. Selbstverst\u00e4ndlich bedeutet das nicht, dass weitere\/andere Fragestellungen \u201everboten\u201c sind.<\/span><\/p>\n<h4 style=\"text-align: center;\"><strong><span style=\"font-family: Arial, sans-serif;\">Bildend und unterhaltend: <a href=\"http:\/\/gutezitate.com\/autor\/wladimir-iljitsch-lenin\" target=\"_blank\">Zitate von W. I. Lenin<\/a><\/span><\/strong><\/h4>\n<p>&nbsp;<\/p>\n<p><em><span style=\"font-family: Arial, sans-serif;\">Im Anhang zu dieser Einladung einige Ausz\u00fcge aus \u201eLieber weniger, aber besser\u201c <\/span><\/em><em><span style=\"font-family: Arial, sans-serif;\">als Lesematerial<\/span><\/em><em><span style=\"font-family: Arial, sans-serif;\">.<\/span><\/em><\/p>\n<p>&nbsp;<\/p>\n<p align=\"right\"><strong><span style=\"font-family: Arial, sans-serif;\">Leitungskollektiv der Berliner Freidenker<\/span><\/strong><\/p>\n<p><span style=\"font-family: Arial, sans-serif;\">&#8212;&#8212;&#8212;&#8212;&#8212;&#8212;&#8212;&#8212;&#8212;&#8212;&#8212;&#8212;&#8212;&#8212;&#8212;&#8211;<\/span><\/p>\n<p><span style=\"font-family: Arial, sans-serif;\"><span style=\"color: #333333;\">*<\/span><span style=\"color: #333333;\">Das \u201eTerzo Mondo\u201c ist bequem zu erreichen vom S-Bahnhof Savignyplatz (<\/span><span style=\"color: #333333;\">F<\/span><span style=\"color: #333333;\">u\u00dfweg <\/span><span style=\"color: #333333;\">160 m<\/span><span style=\"color: #333333;\">) oder von der U-Bahn-Station <\/span><span style=\"color: #333333;\">Uhlandstra\u00dfe (Fu\u00dfweg ca. 300 m).<\/span><\/span><\/p>\n<h3 style=\"text-align: center;\">ANHANG<\/h3>\n<p class=\"western\" align=\"center\"><span style=\"font-family: Arial, sans-serif;\"><span style=\"font-size: large;\"><b>W. I. Lenin &#8211; \u201eLieber weniger, aber besser\u201c <\/b><\/span><\/span><\/p>\n<p class=\"western\" align=\"center\"><span style=\"font-family: Arial, sans-serif;\"><span style=\"font-size: medium;\">Werke Band 33, Berlin 1977, Seite 474-490, Ausz\u00fcge<\/span><\/span><\/p>\n<p class=\"western\" align=\"center\"><!--more--><\/p>\n<p class=\"western\" align=\"left\">\u201e<span style=\"font-family: Arial, sans-serif;\"><span style=\"font-size: medium;\">Wir sind bisher so wenig dazu gekommen, \u00fcber die Qualit\u00e4t unseres Staatsapparats nachzudenken und uns um sie zu k\u00fcmmern, da\u00df es wohl berechtigt ist, sich besonders ernsthaft damit zu befassen und in der Arbeiter- und Bauerninspektion ein Menschenmaterial von wirklich moderner, d. h. den besten westeurop\u00e4ischen Vorbildern nicht nachstehender Qualit\u00e4t zu konzentrieren.\u201c (S. 474)<\/span><\/span><\/p>\n<p class=\"western\" align=\"left\">\u201e<span style=\"font-family: Arial, sans-serif;\"><span style=\"font-size: medium;\">F\u00fcr den Anfang sollte uns eine wirkliche b\u00fcrgerliche Kultur gen\u00fcgen, f\u00fcr den Anfang sollte es uns gen\u00fcgen, wenn wir ohne die besonders ausgepr\u00e4gten Typen vorb\u00fcrgerlicher Kultur auskommen, d. h. der Beamten- oder der Leibeigenschaftskultur usw. In Kulturfragen gibt es nichts Sch\u00e4dlicheres als \u00dcbereile und Leichtfertigkeit.\u201c (S. 474)<\/span><\/span><\/p>\n<p class=\"western\" align=\"left\">\u201e<span style=\"font-family: Arial, sans-serif;\"><span style=\"font-size: medium;\">Ich schneide hier gerade die Frage der Kultur an, weil in diesen Dingen nur das als erreicht gelten darf, was in die Kultur, in das Alltagsleben, in die Gewohnheiten eingegangen ist.\u201c (S.475)<\/span><\/span><\/p>\n<p class=\"western\" align=\"left\">\u201e <span style=\"font-family: Arial, sans-serif;\"><span style=\"font-size: medium;\">Man mu\u00df sich mit einem heilsamen Argwohn gegen die unbedacht schnelle Vorw\u00e4rtsbewegung, gegen jede Prahlsucht usw. wappnen, man mu\u00df an die \u00dcberpr\u00fcfung jener Schritte nach vorn denken, die wir jede Stunde verk\u00fcnden, jede Minute machen, um dann jede Sekunde ihre Unhaltbarkeit, ihre Unsolidit\u00e4t, ihre Unverst\u00e4ndlichkeit zu beweisen.\u201c (S.475)<\/span><\/span><\/p>\n<p class=\"western\" align=\"left\">\u201e<span style=\"font-family: Arial, sans-serif;\"><span style=\"font-size: medium;\">&#8230; und wir sollten bedenken, da\u00df man zur Schaffung dieses Apparats (\u201eeines sozialistischen, eines sowjetischen\u201c) keine Zeit scheuen darf und viele, viele, viele Jahre darauf verwenden mu\u00df.\u201c (S.475)<\/span><\/span><\/p>\n<p class=\"western\" align=\"left\">\u201e<span style=\"font-family: Arial, sans-serif;\"><span style=\"font-size: medium;\">Welche Elemente sind bei uns zur Schaffung dieses Apparats vorhanden? Nur zwei. Erstens die Arbeiter, die begeistert f\u00fcr den Sozialismus k\u00e4mpfen. Diese Elemente sind ungen\u00fcgend gebildet&#8230; Zweitens die Elemente des Wissens, der Bildung, der Schulung, von denen wir im Vergleich mit allen anderen Staaten l\u00e4cherlich wenig haben.\u201c (S.475)<\/span><\/span><\/p>\n<p class=\"western\" align=\"left\">\u201e<span style=\"font-family: Arial, sans-serif;\"><span style=\"font-size: medium;\">Wir m\u00fcssen uns, koste es, was es wolle, zur Erneuerung unseres Staatsapparats die Aufgabe stellen: erstens zu lernen, zweitens zu lernen und drittens zu lernen und dann zu kontrollieren, ob die Wissenschaft bei uns nicht toter Buchstabe oder modische Phrase geblieben ist&#8230;, ob die Wissenschaft wirklich in Fleisch und Blut \u00fcbergegangen, ob sie vollst\u00e4ndig und wirklich zu einem Bestandteil des Alltags geworden ist.\u201c (S. 476)<\/span><\/span><\/p>\n<p class=\"western\" align=\"left\">\u201e<span style=\"font-family: Arial, sans-serif;\"><span style=\"font-size: medium;\">Dazu ist notwendig, da\u00df die besten Elemente, die es in unserer sozialen Ordnung gibt \u2014n\u00e4mlich: erstens die fortschrittlichsten Arbeiter und zweitens die wirklich aufgekl\u00e4rten Elemente, f\u00fcr die man b\u00fcrgen kann, da\u00df sie kein Wort auf Treu und Glauben hinnehmen, kein Wort gegen ihr Gewissen sagen werden \u2014, sich nicht scheuen, jede Schwierigkeit einzugestehen, und vor keinem Kampf zur Erreichung des Zieles zur\u00fcckschrecken, das sie sich ernsthaft gesteckt haben.\u201c (S. 476)<\/span><\/span><\/p>\n<p class=\"western\" align=\"left\">\u201e<span style=\"font-family: Arial, sans-serif;\"><span style=\"font-size: medium;\">Das Volkskommissariat der Arbeiter- und Bauerninspektion genie\u00dft gegenw\u00e4rtig nicht die geringste Autorit\u00e4t. Jedermann wei\u00df, da\u00df es keine schlechter organisierten Institutionen als die unserer Arbeiter- und Bauerninspektion gibt und da\u00df unter den gegenw\u00e4rtigen Verh\u00e4ltnissen von diesem Volkskommissariat rein gar nichts zu erwarten ist.\u201c (S.477)<\/span><\/span><\/p>\n<p class=\"western\" align=\"left\">\u201e<span style=\"font-family: Arial, sans-serif;\"><span style=\"font-size: medium;\">&#8230; man mu\u00df sich wirklich die Aufgabe stellen, auf langsamem, schwierigem, ungew\u00f6hnlichem Wege, nicht ohne zahlreiche \u00dcberpr\u00fcfungen, etwas wirklich Vorbildliches zu schaffen, das dazu angetan ist, jedermann Achtung einzufl\u00f6\u00dfen, und zwar nicht nur, weil Titel und W\u00fcrden das erfordern\u2026 Dann wird es nicht utopisch sein, zu hoffen, da\u00df wir in einigen Jahren eine Institution erhalten, die imstande sein wird, das Ihre zu leisten, n\u00e4mlich systematisch und unbeirrt, gest\u00fctzt auf das Vertrauen der Arbeiterklasse, der Kommunistischen Partei Ru\u00dflands und der ganzen Masse der Bev\u00f6lkerung unserer Republik, an der Verbesserung unseres Staatsapparats zu arbeiten.\u201c (S.479)<\/span><\/span><\/p>\n<p class=\"western\" align=\"left\">\u201e<span style=\"font-family: Arial, sans-serif;\"><span style=\"font-size: medium;\">Ich glaube, bei dem Menschenmaterial, \u00fcber das wir verf\u00fcgen, ist es nicht unbescheiden, wenn man annimmt, da\u00df wir bereits genug gelernt haben, um wenigstens ein einziges Volkskommissariat systematisch und neu aufzubauen. Allerdings soll dieses eine Volkskommissariat f\u00fcr unseren gesamten Staatsapparat richtungweisend sein.\u201c (S. 480)<\/span><\/span><\/p>\n<p class=\"western\" align=\"left\">\u201e<span style=\"font-family: Arial, sans-serif;\"><span style=\"font-size: medium;\">Parallel damit wird man eine vorbereitende Kommission einsetzen m\u00fcssen, um Kandidaten f\u00fcr die Funktion von Mitgliedern der ZKK ausfindig zu machen. Ich hoffe, da\u00df sich f\u00fcr diese Funktion jetzt bei uns bereits mehr als genug Kandidaten finden werden, sowohl aus den Reihen der erfahrenen Mitarbeiter aller Beh\u00f6rden als auch aus den Reihen der Studierenden unserer Sowjetschulen. Es d\u00fcrfte kaum richtig sein, diese oder jene Kategorie von vornherein auszuschlie\u00dfen. Wahrscheinlich wird f\u00fcr diese Institution, in der wir eine Vereinigung vieler Eigenschaften, eine Vereinigung ungleichartiger Vorz\u00fcge suchen m\u00fcssen, eine mannigfaltige Zusammensetzung vorzuziehen sein,&#8230;\u201c (S. 480\/81)<\/span><\/span><\/p>\n<p class=\"western\" align=\"left\">\u201e<span style=\"font-family: Arial, sans-serif;\"><span style=\"font-size: medium;\">Die Mitglieder der ZKK werden unter Leitung ihres Pr\u00e4sidiums systematisch an der Durchsicht aller Akten und Dokumente des Politb\u00fcros arbeiten m\u00fcssen. Zugleich werden sie ihre Zeit f\u00fcr die einzelnen Arbeiten zur Kontrolle der Gesch\u00e4ftsf\u00fchrung in unseren Institutionen, angefangen von den kleinsten und speziellsten bis hinauf zu den obersten Staatsinstitutionen, richtig einteilen m\u00fcssen&#8230; Ich glaube aber, sie werden sich keineswegs auf derartige akademische Arbeiten beschr\u00e4nken k\u00f6nnen. Sie werden sich gleichzeitig auf Arbeiten vorbereiten m\u00fcssen, die ich nicht anstehen w\u00fcrde, als eine Ausbildung zum Herausfischen, ich will nicht sagen: von Spitzbuben, aber doch von Leuten dieses Schlages, zu bezeichnen,&#8230;\u201c (S.481)<\/span><\/span><\/p>\n<p class=\"western\" align=\"left\">\u201e<span style=\"font-family: Arial, sans-serif;\"><span style=\"font-size: medium;\">In der Tat, warum sollte man nicht das Angenehme mit dem N\u00fctzlichen verbinden? Warum sollte man sich nicht irgendeines scherzhaften oder halb scherzhaften Streichs bedienen, um etwas L\u00e4cherliches, etwas Sch\u00e4dliches, etwas halb L\u00e4cherliches oder halb Sch\u00e4dliches usw. aufzudecken?\u201c (S. 482)<\/span><\/span><\/p>\n<p class=\"western\" align=\"left\">\u201e<span style=\"font-family: Arial, sans-serif;\"><span style=\"font-size: medium;\">Wie kann man denn Parteiinstitutionen mit Sowjetinstitutionen vereinigen? Liegt hier nicht etwas Unzul\u00e4ssiges vor? Ich stelle diese Frage nicht in meinem eigenen Namen, sondern im Namen derer, auf die ich fr\u00fcher angespielt habe, als ich sagte, da\u00df es B\u00fcrokraten bei uns nicht nur in den Sowjet-, sondern auch in den Parteiinstitutionen gibt. In der Tat, warum sollte man nicht die einen mit den anderen vereinigen, wenn das Interesse der Sache es verlangt? (S. 483)<\/span><\/span><\/p>\n<p class=\"western\" align=\"left\">\u201e <span style=\"font-family: Arial, sans-serif;\"><span style=\"font-size: medium;\">Ziemt es sich, die Lernt\u00e4tigkeit mit der Amtst\u00e4tigkeit zu verbinden? Mir scheint, das ist nicht nur angebracht, sondern auch erforderlich.\u201c (S. 484)<\/span><\/span><\/p>\n<p class=\"western\" align=\"left\">\u201e\u2026 <span style=\"font-family: Arial, sans-serif;\"><span style=\"font-size: medium;\">vereinigen sich in unserem heutigen Alltagsleben in erstaunlichem Grade Z\u00fcge von Tollk\u00fchnheit mit Zaghaftigkeit des Denkens gegen\u00fcber den geringf\u00fcgigsten Ver\u00e4nderungen. Ich glaube, da\u00df es in keiner einzigen wirklich gro\u00dfen Revolution je anders zugegangen ist, weil die wirklich gro\u00dfen Revolutionen geboren werden aus den Widerspr\u00fcchen zwischen dem Alten, zwischen dem, was auf die Verarbeitung des Alten gerichtet ist, und dem ganz abstrakten Streben nach einem Neuen, das schon so neu sein mu\u00df, da\u00df kein Quentchen der alten Zeit mehr darin enthalten ist.\u201c (S. 485) <\/span><\/span><\/p>\n<p class=\"western\" align=\"left\">\u201e<span style=\"font-family: Arial, sans-serif;\"><span style=\"font-size: medium;\">Wir stehen somit gegenw\u00e4rtig vor der Frage: Wird es uns gelingen, angesichts unserer klein- und zwergb\u00e4uerlichen Produktion, angesichts der Zerr\u00fcttung unserer Wirtschaft so lange durchzuhalten, bis die westeurop\u00e4ischen kapitalistischen L\u00e4nder ihre Entwicklung zum Sozialismus vollenden werden? Aber sie vollenden diese Entwicklung nicht so, wie wir es fr\u00fcher erwartet haben. Sie vollenden sie nicht dadurch, da\u00df der Sozialismus in diesen L\u00e4ndern gleichm\u00e4\u00dfig \u201eausreift&#8220;, sondern auf dem Wege der Ausbeutung der einen Staaten durch die anderen, auf dem Wege der Ausbeutung des ersten w\u00e4hrend des imperialistischen Krieges besiegten Staates, verbunden mit der Ausbeutung des gesamten Ostens. Der Osten anderseits wurde eben infolge dieses ersten imperialistischen Krieges endg\u00fcltig von der revolution\u00e4ren Bewegung erfa\u00dft und endg\u00fcltig in den allgemeinen Strudel der revolution\u00e4ren Weltbewegung hineingerissen.\u201c (S. 487)<\/span><\/span><\/p>\n<p class=\"western\" align=\"left\">\u201e<span style=\"font-family: Arial, sans-serif;\"><span style=\"font-size: medium;\">Wir m\u00fcssen danach streben, einen Staat aufzubauen, in dem die Arbeiter die F\u00fchrung \u00fcber die Bauern behaupten, sich das Vertrauen der Bauern bewahren und durch gr\u00f6\u00dfte Sparsamkeit jede Spur jedweden \u00fcberfl\u00fcssigen Aufwands aus ihrer Gesellschaftsordnung ausmerzen&#8230; Wir m\u00fcssen jede Spur \u00fcberfl\u00fcssigen Aufwands aus ihm ausmerzen, der sich in ihm vom zaristischen Ru\u00dfland, von seinem b\u00fcrokratisch-kapitalistischen Apparat noch in so gro\u00dfem Ausma\u00df erhalten hat. Wird das nicht ein R\u00abich b\u00e4uerlicher Beschr\u00e4nktheit sein? Nein. Wenn wir die F\u00fchrung der Arbeiterklasse \u00fcber die Bauernschaft behaupten, dann wird es uns um den Preis gr\u00f6\u00dfter, allergr\u00f6\u00dfter Sparsamkeit in der Wirtschaft unseres Staates m\u00f6glich sein, zu erreichen, da\u00df jede noch so kleine Einsparung der Entwicklung unserer maschinellen Gro\u00dfindustrie,&#8230; zugute kommt. Darin, und nur darin, wird unsere Hoffnung liegen.\u201c (S. 489) <\/span><\/span><\/p>\n<p class=\"western\" align=\"left\">\u201e<span style=\"font-family: Arial, sans-serif;\"><span style=\"font-size: medium;\">Diese Rechtfertigung besteht darin, da\u00df wir nur vermittels einer maximalen Reinigung unseres Apparats, vermittels eines maximalen Abbaus alles dessen, was darin nicht absolut notwendig ist, imstande sein werden, ans mit Sicherheit zu behaupten. Und zwar &#8230; nicht auf dem Niveau dieser allgemeinen Beschr\u00e4nktheit, sondern auf einem Niveau, das unabl\u00e4ssig steigt, aufw\u00e4rts und stetig vorw\u00e4rts zur maschinellen Gro\u00dfindustrie. Das sind die hohen Aufgaben unserer Arbeiter- und Bauerninspektion, von denen ich tr\u00e4ume. Zu diesem Zweck entwerfe ich f\u00fcr sie den Plan einer Verschmelzung der ma\u00dfgebendsten Parteispitze mit einem \u201egew\u00f6hnlichen&#8220; Volkskommissariat.\u201c (S. 489\/90)<\/span><\/span><\/p>\n","protected":false},"excerpt":{"rendered":"<p>Achtung!!! \u2013 Neuer Ort, neue Uhrzeit \u2013 Achtung!!! Liebe Freidenkerin, lieber Freidenker, liebe Freunde,\u00a0wir laden herzlich ein zu unserer n\u00e4chsten \u00f6ffentlichen \u201eBerliner Runde \u2013 Freidenker im Gespr\u00e4ch\u201c am\u00a0Mittwoch, dem 22.\u00a0M\u00e4rz\u00a02017, 18.30 Uhr,\u00a0in der alternativen Klub-Kneipe \u201eTerzo Mondo\u201c, Grolmanstra\u00dfe 28, 10623 Berlin* zum Thema: \u201eDer Kampf Lenins f\u00fcr die Macht der Sowjets. Von den &#8222;Aprilthesen&#8220; 1917 [&hellip;]<\/p>\n","protected":false},"author":4,"featured_media":0,"comment_status":"open","ping_status":"open","sticky":false,"template":"","format":"standard","meta":{"jetpack_post_was_ever_published":false,"_jetpack_newsletter_access":"","_jetpack_dont_email_post_to_subs":true,"_jetpack_newsletter_tier_id":0,"_jetpack_memberships_contains_paywalled_content":false,"_jetpack_memberships_contains_paid_content":false,"footnotes":""},"categories":[1,49,14,46,19,13],"tags":[221,389,305,467],"class_list":["post-3485","post","type-post","status-publish","format-standard","hentry","category-allgemein","category-aufklaerung","category-aktivitaeten-des-dfv-berlin","category-freidenker-im-gespraech","category-kultur","category-veranstaltungen","tag-lenin","tag-oktoberrevolution","tag-rogowin","tag-sowjetmacht"],"jetpack_featured_media_url":"","jetpack_shortlink":"https:\/\/wp.me\/py5dN-Ud","jetpack_sharing_enabled":true,"_links":{"self":[{"href":"https:\/\/www.berlin.freidenker.org\/index.php?rest_route=\/wp\/v2\/posts\/3485","targetHints":{"allow":["GET"]}}],"collection":[{"href":"https:\/\/www.berlin.freidenker.org\/index.php?rest_route=\/wp\/v2\/posts"}],"about":[{"href":"https:\/\/www.berlin.freidenker.org\/index.php?rest_route=\/wp\/v2\/types\/post"}],"author":[{"embeddable":true,"href":"https:\/\/www.berlin.freidenker.org\/index.php?rest_route=\/wp\/v2\/users\/4"}],"replies":[{"embeddable":true,"href":"https:\/\/www.berlin.freidenker.org\/index.php?rest_route=%2Fwp%2Fv2%2Fcomments&post=3485"}],"version-history":[{"count":25,"href":"https:\/\/www.berlin.freidenker.org\/index.php?rest_route=\/wp\/v2\/posts\/3485\/revisions"}],"predecessor-version":[{"id":3511,"href":"https:\/\/www.berlin.freidenker.org\/index.php?rest_route=\/wp\/v2\/posts\/3485\/revisions\/3511"}],"wp:attachment":[{"href":"https:\/\/www.berlin.freidenker.org\/index.php?rest_route=%2Fwp%2Fv2%2Fmedia&parent=3485"}],"wp:term":[{"taxonomy":"category","embeddable":true,"href":"https:\/\/www.berlin.freidenker.org\/index.php?rest_route=%2Fwp%2Fv2%2Fcategories&post=3485"},{"taxonomy":"post_tag","embeddable":true,"href":"https:\/\/www.berlin.freidenker.org\/index.php?rest_route=%2Fwp%2Fv2%2Ftags&post=3485"}],"curies":[{"name":"wp","href":"https:\/\/api.w.org\/{rel}","templated":true}]}}