{"id":3518,"date":"2017-03-19T20:16:40","date_gmt":"2017-03-19T18:16:40","guid":{"rendered":"http:\/\/www.berlin.freidenker.org\/?p=3518"},"modified":"2017-03-23T12:34:44","modified_gmt":"2017-03-23T10:34:44","slug":"eine-imperialistische-missgeburt","status":"publish","type":"post","link":"https:\/\/www.berlin.freidenker.org\/?p=3518","title":{"rendered":"&#8222;eine imperialistische Mi\u00dfgeburt&#8220;"},"content":{"rendered":"<p>Aus gegebenem<a href=\"https:\/\/opablog.net\/2017\/03\/19\/fundstueck-19-3-2017-prodi\/\" target=\"_blank\"> Anlass<\/a>, nicht ohne Bezug zum \u00f6ffentlichen Gespr\u00e4ch der Freidenker <a href=\"https:\/\/www.berlin.freidenker.org\/?p=3485\" target=\"_blank\">am kommenden Mittwoch<\/a>, erlaube ich mir, die folgenden Worte Rosa Luxemburgs von 1911 zu zitieren:<\/p>\n<p style=\"text-align: left;\">&#8222;<em>Und jedes Mal, wo b\u00fcrgerliche Politiker die Idee des Europ\u00e4ertums, des Zusammenschlusses europ\u00e4ischer Staaten auf den Schild erhoben, da war es mit einer offenen oder stillschweigenden Spitze gegen die \u201egelbe Gefahr\u201c, gegen den \u201eschwarzen Weltteil\u201c, gegen die \u201eminderwertigen Rassen\u201c, kurz, es war stets eine imperialistische Mi\u00dfgeburt. (\u2026)\u00a0 Und die Losung des europ\u00e4ischen Zusammenschlusses kann objektiv innerhalb der kapitalistischen Gesellschaft nur wirtschaftlich einen Zollkrieg mit Amerika und politisch einen kolonialpatriotischen Rassenkampf bedeuten. Der Chinafeldzug der vereinigten europ\u00e4ischen Regimenter mit dem Weltfeldmarschall Waldersee an der Spitze und dem Hunnenevangelium als Panier \u2013 das ist der wirkliche und phantastische, der einzig m\u00f6gliche Ausdruck der \u201eeurop\u00e4ischen Staatenf\u00f6deration\u201c in der heutigen Gesellschaft. (\u2026) Ebenso wie wir stets den Pangermanismus, den Panslawismus, den Panamerikanismus als reaktion\u00e4re Ideen bek\u00e4mpfen, ebenso haben wir mit der Idee des Paneurop\u00e4ertums nicht das geringste zu schaffen.&#8220;<\/em><\/p>\n<p>Dies ist ein Auszug aus<a href=\"https:\/\/www.radio-utopie.de\/2013\/05\/10\/friedensutopien\/\" target=\"_blank\"> dieser<\/a> etwas umfangreicheren Arbeit.<\/p>\n<p style=\"text-align: left;\"><em><strong>Den alten Luxemburg-Text und einen zweiten, nicht ganz so alten Text, der mit tagesaktuellen Links und Querverweisen versehen wurde, habe ich bei <a href=\"https:\/\/www.radio-utopie.de\/2017\/03\/18\/was-ist-europa-experte-ueber-die-heute-groesste-macht-der-welt\/\" target=\"_blank\">Radio Utopie<\/a> gefunden und empfehle, den Beitrag dort aufmerksam zu lesen.\u00a0<\/strong><\/em><\/p>\n","protected":false},"excerpt":{"rendered":"<p>Aus gegebenem Anlass, nicht ohne Bezug zum \u00f6ffentlichen Gespr\u00e4ch der Freidenker am kommenden Mittwoch, erlaube ich mir, die folgenden Worte Rosa Luxemburgs von 1911 zu zitieren: &#8222;Und jedes Mal, wo b\u00fcrgerliche Politiker die Idee des Europ\u00e4ertums, des Zusammenschlusses europ\u00e4ischer Staaten auf den Schild erhoben, da war es mit einer offenen oder stillschweigenden Spitze gegen die [&hellip;]<\/p>\n","protected":false},"author":4,"featured_media":0,"comment_status":"open","ping_status":"open","sticky":false,"template":"","format":"standard","meta":{"jetpack_post_was_ever_published":false,"_jetpack_newsletter_access":"","_jetpack_dont_email_post_to_subs":true,"_jetpack_newsletter_tier_id":0,"_jetpack_memberships_contains_paywalled_content":false,"_jetpack_memberships_contains_paid_content":false,"footnotes":""},"categories":[49,30,46,19,47,175,21,80,8],"tags":[127,470,269,128,471,472],"class_list":["post-3518","post","type-post","status-publish","format-standard","hentry","category-aufklaerung","category-europa","category-freidenker-im-gespraech","category-kultur","category-nation","category-nato","category-politik","category-religion","category-standpunkte","tag-brd","tag-deutschland-weltmacht","tag-eu","tag-faschismus","tag-hitler","tag-luxemburg"],"jetpack_featured_media_url":"","jetpack_shortlink":"https:\/\/wp.me\/py5dN-UK","jetpack_sharing_enabled":true,"_links":{"self":[{"href":"https:\/\/www.berlin.freidenker.org\/index.php?rest_route=\/wp\/v2\/posts\/3518","targetHints":{"allow":["GET"]}}],"collection":[{"href":"https:\/\/www.berlin.freidenker.org\/index.php?rest_route=\/wp\/v2\/posts"}],"about":[{"href":"https:\/\/www.berlin.freidenker.org\/index.php?rest_route=\/wp\/v2\/types\/post"}],"author":[{"embeddable":true,"href":"https:\/\/www.berlin.freidenker.org\/index.php?rest_route=\/wp\/v2\/users\/4"}],"replies":[{"embeddable":true,"href":"https:\/\/www.berlin.freidenker.org\/index.php?rest_route=%2Fwp%2Fv2%2Fcomments&post=3518"}],"version-history":[{"count":3,"href":"https:\/\/www.berlin.freidenker.org\/index.php?rest_route=\/wp\/v2\/posts\/3518\/revisions"}],"predecessor-version":[{"id":3521,"href":"https:\/\/www.berlin.freidenker.org\/index.php?rest_route=\/wp\/v2\/posts\/3518\/revisions\/3521"}],"wp:attachment":[{"href":"https:\/\/www.berlin.freidenker.org\/index.php?rest_route=%2Fwp%2Fv2%2Fmedia&parent=3518"}],"wp:term":[{"taxonomy":"category","embeddable":true,"href":"https:\/\/www.berlin.freidenker.org\/index.php?rest_route=%2Fwp%2Fv2%2Fcategories&post=3518"},{"taxonomy":"post_tag","embeddable":true,"href":"https:\/\/www.berlin.freidenker.org\/index.php?rest_route=%2Fwp%2Fv2%2Ftags&post=3518"}],"curies":[{"name":"wp","href":"https:\/\/api.w.org\/{rel}","templated":true}]}}