{"id":3541,"date":"2017-04-02T01:15:29","date_gmt":"2017-04-01T23:15:29","guid":{"rendered":"http:\/\/www.berlin.freidenker.org\/?p=3541"},"modified":"2017-04-02T10:38:11","modified_gmt":"2017-04-02T08:38:11","slug":"wort-zum-sonntag-49-ludwig-uhland","status":"publish","type":"post","link":"https:\/\/www.berlin.freidenker.org\/?p=3541","title":{"rendered":"Wort zum Sonntag #49 &#8211; Ludwig Uhland"},"content":{"rendered":"<p style=\"text-align: center;\"><strong><em>Fr\u00fchlingsglaube<\/em><\/strong><\/p>\n<p style=\"text-align: center;\"><em>Die linden L\u00fcfte sind erwacht,<\/em><br \/>\n<em> Sie s\u00e4useln und weben Tag und Nacht,<\/em><br \/>\n<em> Sie schaffen an allen Enden.<\/em><br \/>\n<em> O frischer Duft, o neuer Klang!<\/em><br \/>\n<em> Nun, armes Herze, sei nicht bang!<\/em><br \/>\n<em> Nun mu\u00df sich alles, alles wenden.<\/em><\/p>\n<p style=\"text-align: center;\"><em>Die Welt wird sch\u00f6ner mit jedem Tag,<\/em><br \/>\n<em> Man wei\u00df nicht, was noch werden mag,<\/em><br \/>\n<em> Das Bl\u00fchen will nicht enden.<\/em><br \/>\n<em> Es bl\u00fcht das fernste, tiefste Tal:<\/em><br \/>\n<em> Nun, armes Herz, vergi\u00df der Qual!<\/em><br \/>\n<em> Nun mu\u00df sich alles, alles wenden.<\/em><\/p>\n<p style=\"text-align: left;\">Ludwig Uhland (26.4. 1787 T\u00fcbingen \u2013 13.11. 1862 T\u00fcbingen)<\/p>\n<p style=\"text-align: left;\">Franz Schubert (31.1. 1797 Wien \u2013 19.11. 1828 Wien)<\/p>\n<p style=\"text-align: left;\"><iframe loading=\"lazy\" src=\"\/\/www.youtube.com\/embed\/ikf3oxFhbbQ\" width=\"500\" height=\"314\" allowfullscreen=\"allowfullscreen\"><\/iframe><\/p>\n","protected":false},"excerpt":{"rendered":"<p>Fr\u00fchlingsglaube Die linden L\u00fcfte sind erwacht, Sie s\u00e4useln und weben Tag und Nacht, Sie schaffen an allen Enden. O frischer Duft, o neuer Klang! Nun, armes Herze, sei nicht bang! Nun mu\u00df sich alles, alles wenden. Die Welt wird sch\u00f6ner mit jedem Tag, Man wei\u00df nicht, was noch werden mag, Das Bl\u00fchen will nicht enden. [&hellip;]<\/p>\n","protected":false},"author":5,"featured_media":0,"comment_status":"open","ping_status":"open","sticky":false,"template":"","format":"standard","meta":{"jetpack_post_was_ever_published":false,"_jetpack_newsletter_access":"","_jetpack_dont_email_post_to_subs":true,"_jetpack_newsletter_tier_id":0,"_jetpack_memberships_contains_paywalled_content":false,"_jetpack_memberships_contains_paid_content":false,"footnotes":""},"categories":[19,47],"tags":[475,482,476,133,483],"class_list":["post-3541","post","type-post","status-publish","format-standard","hentry","category-kultur","category-nation","tag-deutschland","tag-franz-schubert","tag-ludwig-uhland","tag-patriotismus","tag-peter-anders"],"jetpack_featured_media_url":"","jetpack_shortlink":"https:\/\/wp.me\/py5dN-V7","jetpack_sharing_enabled":true,"_links":{"self":[{"href":"https:\/\/www.berlin.freidenker.org\/index.php?rest_route=\/wp\/v2\/posts\/3541","targetHints":{"allow":["GET"]}}],"collection":[{"href":"https:\/\/www.berlin.freidenker.org\/index.php?rest_route=\/wp\/v2\/posts"}],"about":[{"href":"https:\/\/www.berlin.freidenker.org\/index.php?rest_route=\/wp\/v2\/types\/post"}],"author":[{"embeddable":true,"href":"https:\/\/www.berlin.freidenker.org\/index.php?rest_route=\/wp\/v2\/users\/5"}],"replies":[{"embeddable":true,"href":"https:\/\/www.berlin.freidenker.org\/index.php?rest_route=%2Fwp%2Fv2%2Fcomments&post=3541"}],"version-history":[{"count":7,"href":"https:\/\/www.berlin.freidenker.org\/index.php?rest_route=\/wp\/v2\/posts\/3541\/revisions"}],"predecessor-version":[{"id":3560,"href":"https:\/\/www.berlin.freidenker.org\/index.php?rest_route=\/wp\/v2\/posts\/3541\/revisions\/3560"}],"wp:attachment":[{"href":"https:\/\/www.berlin.freidenker.org\/index.php?rest_route=%2Fwp%2Fv2%2Fmedia&parent=3541"}],"wp:term":[{"taxonomy":"category","embeddable":true,"href":"https:\/\/www.berlin.freidenker.org\/index.php?rest_route=%2Fwp%2Fv2%2Fcategories&post=3541"},{"taxonomy":"post_tag","embeddable":true,"href":"https:\/\/www.berlin.freidenker.org\/index.php?rest_route=%2Fwp%2Fv2%2Ftags&post=3541"}],"curies":[{"name":"wp","href":"https:\/\/api.w.org\/{rel}","templated":true}]}}