{"id":3561,"date":"2017-04-03T22:42:46","date_gmt":"2017-04-03T20:42:46","guid":{"rendered":"http:\/\/www.berlin.freidenker.org\/?p=3561"},"modified":"2017-04-03T22:54:25","modified_gmt":"2017-04-03T20:54:25","slug":"waehrend-der-ersten-minuten-nach-dem-terroranschlag-in-der-metro-von-st-petersburg","status":"publish","type":"post","link":"https:\/\/www.berlin.freidenker.org\/?p=3561","title":{"rendered":"W\u00e4hrend der ersten Minuten nach dem Terroranschlag in der Metro von St. Petersburg"},"content":{"rendered":"<p><iframe loading=\"lazy\" src=\"\/\/www.youtube.com\/embed\/YPBoDtXqjzE\" width=\"500\" height=\"314\" allowfullscreen=\"allowfullscreen\"><\/iframe><\/p>\n<p>Quelle:<a href=\"https:\/\/de.sputniknews.com\/panorama\/20170403315161575-petersburg-terroranschlag-video\/\" target=\"_blank\"> Sputnik<\/a><\/p>\n<h2 class=\"b-article__lead\">Nach dem Anschlag in der U-Bahn von St. Petersburg wird das Brandenburger Tor am Montagabend nicht in den russischen Nationalfarben angestrahlt werden. Das berichtete die \u201eBerliner Zeitung\u201c unter Berufung auf einen Sprecher des Rot-Rot-Gr\u00fcnen Senats. (<a href=\"https:\/\/de.sputniknews.com\/panorama\/20170403315162279-petersburg-anschlag-berlin-brandenburger-tor-keine-farben-russlands\/\" target=\"_blank\">Quelle<\/a>)<\/h2>\n<p style=\"text-align: center;\"><a href=\"https:\/\/i0.wp.com\/www.berlin.freidenker.org\/wp-content\/uploads\/2017\/04\/170403-brandenburger-Tor-315162428-klein.jpg?ssl=1\"><img data-recalc-dims=\"1\" loading=\"lazy\" decoding=\"async\" class=\"alignnone size-full wp-image-3564\" src=\"https:\/\/i0.wp.com\/www.berlin.freidenker.org\/wp-content\/uploads\/2017\/04\/170403-brandenburger-Tor-315162428-klein.jpg?resize=500%2C271&#038;ssl=1\" alt=\"\" width=\"500\" height=\"271\" srcset=\"https:\/\/i0.wp.com\/www.berlin.freidenker.org\/wp-content\/uploads\/2017\/04\/170403-brandenburger-Tor-315162428-klein.jpg?w=500&amp;ssl=1 500w, https:\/\/i0.wp.com\/www.berlin.freidenker.org\/wp-content\/uploads\/2017\/04\/170403-brandenburger-Tor-315162428-klein.jpg?resize=300%2C163&amp;ssl=1 300w\" sizes=\"auto, (max-width: 500px) 100vw, 500px\" \/><\/a><\/p>\n<h2 style=\"text-align: center;\"><strong>Wir Freidenker aber erkl\u00e4ren unsere Solidarit\u00e4t mit Russland, einem der Hauptk\u00e4mpfer gegen den Terror.\u00a0<\/strong><\/h2>\n","protected":false},"excerpt":{"rendered":"<p>Quelle: Sputnik Nach dem Anschlag in der U-Bahn von St. Petersburg wird das Brandenburger Tor am Montagabend nicht in den russischen Nationalfarben angestrahlt werden. Das berichtete die \u201eBerliner Zeitung\u201c unter Berufung auf einen Sprecher des Rot-Rot-Gr\u00fcnen Senats. (Quelle) Wir Freidenker aber erkl\u00e4ren unsere Solidarit\u00e4t mit Russland, einem der Hauptk\u00e4mpfer gegen den Terror.\u00a0<\/p>\n","protected":false},"author":4,"featured_media":0,"comment_status":"open","ping_status":"open","sticky":false,"template":"","format":"standard","meta":{"jetpack_post_was_ever_published":false,"_jetpack_newsletter_access":"","_jetpack_dont_email_post_to_subs":true,"_jetpack_newsletter_tier_id":0,"_jetpack_memberships_contains_paywalled_content":false,"_jetpack_memberships_contains_paid_content":false,"footnotes":""},"categories":[45,175,21],"tags":[59,107,484,187],"class_list":["post-3561","post","type-post","status-publish","format-standard","hentry","category-friedensbewegung","category-nato","category-politik","tag-freidenker","tag-russland","tag-st-petersburg","tag-terror"],"jetpack_featured_media_url":"","jetpack_shortlink":"https:\/\/wp.me\/py5dN-Vr","jetpack_sharing_enabled":true,"_links":{"self":[{"href":"https:\/\/www.berlin.freidenker.org\/index.php?rest_route=\/wp\/v2\/posts\/3561","targetHints":{"allow":["GET"]}}],"collection":[{"href":"https:\/\/www.berlin.freidenker.org\/index.php?rest_route=\/wp\/v2\/posts"}],"about":[{"href":"https:\/\/www.berlin.freidenker.org\/index.php?rest_route=\/wp\/v2\/types\/post"}],"author":[{"embeddable":true,"href":"https:\/\/www.berlin.freidenker.org\/index.php?rest_route=\/wp\/v2\/users\/4"}],"replies":[{"embeddable":true,"href":"https:\/\/www.berlin.freidenker.org\/index.php?rest_route=%2Fwp%2Fv2%2Fcomments&post=3561"}],"version-history":[{"count":4,"href":"https:\/\/www.berlin.freidenker.org\/index.php?rest_route=\/wp\/v2\/posts\/3561\/revisions"}],"predecessor-version":[{"id":3566,"href":"https:\/\/www.berlin.freidenker.org\/index.php?rest_route=\/wp\/v2\/posts\/3561\/revisions\/3566"}],"wp:attachment":[{"href":"https:\/\/www.berlin.freidenker.org\/index.php?rest_route=%2Fwp%2Fv2%2Fmedia&parent=3561"}],"wp:term":[{"taxonomy":"category","embeddable":true,"href":"https:\/\/www.berlin.freidenker.org\/index.php?rest_route=%2Fwp%2Fv2%2Fcategories&post=3561"},{"taxonomy":"post_tag","embeddable":true,"href":"https:\/\/www.berlin.freidenker.org\/index.php?rest_route=%2Fwp%2Fv2%2Ftags&post=3561"}],"curies":[{"name":"wp","href":"https:\/\/api.w.org\/{rel}","templated":true}]}}