{"id":3567,"date":"2017-04-04T17:47:14","date_gmt":"2017-04-04T15:47:14","guid":{"rendered":"http:\/\/www.berlin.freidenker.org\/?p=3567"},"modified":"2017-04-04T17:48:39","modified_gmt":"2017-04-04T15:48:39","slug":"amoklaeufe-fuer-den-polizeistaat","status":"publish","type":"post","link":"https:\/\/www.berlin.freidenker.org\/?p=3567","title":{"rendered":"Amokl\u00e4ufe f\u00fcr den Polizeistaat"},"content":{"rendered":"<h3 style=\"text-align: center;\"><strong>Ein warnender Einwurf von Elias Davidsson\u00a0<\/strong><\/h3>\n<div class=\"\" style=\"text-align: center;\"><\/div>\n<div class=\"\"><em>Am 3. April 2017 zeigte Das Erste einen <a href=\"http:\/\/mediathek.daserste.de\/Reportage-Dokumentation\/Sch%C3%BCsse-im-Gymnasium-Der-Amoklauf-von-E\/Video?bcastId=799280&amp;documentId=41966968\" target=\"_blank\">Film \u00fcber Amokl\u00e4ufe<\/a>. \u00a0Der Film basierte auf den Amoklauf in Erfurt vor 15 Jahren aber\u00a0erw\u00e4hnte auch neuere Amokl\u00e4ufe, darunter Winnenden.\u00a0<\/em><br class=\"\" \/><br class=\"\" \/><em>Die Ziele dieses Propagandafilms:<\/em><br class=\"\" \/><br class=\"\" \/><em>1. \u00a0Den allgemeinen Wunsch nach einem Sicherheitsstaat zu sch\u00fcren (mehr Video, mehr Polizei, mehr Waffen)<\/em><br class=\"\" \/><em>2. \u00a0Das Vertrauen der \u00d6ffentlichkeit in die Polizei und KSK zu st\u00e4rken und jungen Leute f\u00fcr eine polizeiliche Karriere zu locken<\/em><br class=\"\" \/><em>3. \u00a0Die Idee zu verbreiten Schulen br\u00e4uchten eine Sicherheitsinfrastruktur, sollten \u00dcbungen gegen Amokl\u00e4ufe und Terror\u00a0regelm\u00e4ssig ausf\u00fchren und mit der Polizei eine st\u00e4ndige Kooperation aufrechterhalten<\/em><br class=\"\" \/><em>4. \u00a0Sch\u00fcler zur Gehorsam und Konformit\u00e4t zu disziplinieren bzw. zur Spitzelt\u00e4tigkeit zu k\u00f6dern (auch junge V-Leute zu werben).<\/em><\/div>\n<div class=\"\"><\/div>\n<div class=\"\"><em>Mir kam die Hitlerjugend in den Sinn.<\/em><br class=\"\" \/><br class=\"\" \/><em>In Frankreich werden bereits in Schulen \u00fcberall Antiterror\u00fcbungen praktiziert. In Deutschland ist es noch nicht so weit. Daher der\u00a0Film. Schillernd.<\/em><\/div>\n<div class=\"\"><\/div>\n<div class=\"\"><em>Elias<\/em><\/div>\n<div class=\"\">\u00a0.<\/div>\n<div class=\"\">Nachbemerkung der Webredaktion:<\/div>\n<div class=\"\">Wer sich ausf\u00fchrlich \u00fcber die Ereignisse in Erfurt und Winnenden und zahlreiche Terrorereignisse sowie die dazugeh\u00f6rigen kontroversen Diskussionen informieren will, sei auf die Webseiten <a href=\"http:\/\/www.medienanalyse-international.de\/index1.html\" target=\"_blank\">MAI<\/a> oder\/und <a href=\"http:\/\/geomatiko.eu\/forum\/index.php\" target=\"_blank\">geomatiko <\/a>hingewiesen.<\/div>\n","protected":false},"excerpt":{"rendered":"<p>Ein warnender Einwurf von Elias Davidsson\u00a0 Am 3. April 2017 zeigte Das Erste einen Film \u00fcber Amokl\u00e4ufe. \u00a0Der Film basierte auf den Amoklauf in Erfurt vor 15 Jahren aber\u00a0erw\u00e4hnte auch neuere Amokl\u00e4ufe, darunter Winnenden.\u00a0Die Ziele dieses Propagandafilms:1. \u00a0Den allgemeinen Wunsch nach einem Sicherheitsstaat zu sch\u00fcren (mehr Video, mehr Polizei, mehr Waffen)2. \u00a0Das Vertrauen der \u00d6ffentlichkeit [&hellip;]<\/p>\n","protected":false},"author":4,"featured_media":0,"comment_status":"open","ping_status":"open","sticky":false,"template":"","format":"standard","meta":{"jetpack_post_was_ever_published":false,"_jetpack_newsletter_access":"","_jetpack_dont_email_post_to_subs":true,"_jetpack_newsletter_tier_id":0,"_jetpack_memberships_contains_paywalled_content":false,"_jetpack_memberships_contains_paid_content":false,"footnotes":""},"categories":[49,175,21,8],"tags":[485,487,488,486,151,489],"class_list":["post-3567","post","type-post","status-publish","format-standard","hentry","category-aufklaerung","category-nato","category-politik","category-standpunkte","tag-amoklauf","tag-davidsson","tag-erfurt","tag-polizeistaat","tag-terrorismus","tag-winnenden"],"jetpack_featured_media_url":"","jetpack_shortlink":"https:\/\/wp.me\/py5dN-Vx","jetpack_sharing_enabled":true,"_links":{"self":[{"href":"https:\/\/www.berlin.freidenker.org\/index.php?rest_route=\/wp\/v2\/posts\/3567","targetHints":{"allow":["GET"]}}],"collection":[{"href":"https:\/\/www.berlin.freidenker.org\/index.php?rest_route=\/wp\/v2\/posts"}],"about":[{"href":"https:\/\/www.berlin.freidenker.org\/index.php?rest_route=\/wp\/v2\/types\/post"}],"author":[{"embeddable":true,"href":"https:\/\/www.berlin.freidenker.org\/index.php?rest_route=\/wp\/v2\/users\/4"}],"replies":[{"embeddable":true,"href":"https:\/\/www.berlin.freidenker.org\/index.php?rest_route=%2Fwp%2Fv2%2Fcomments&post=3567"}],"version-history":[{"count":4,"href":"https:\/\/www.berlin.freidenker.org\/index.php?rest_route=\/wp\/v2\/posts\/3567\/revisions"}],"predecessor-version":[{"id":3571,"href":"https:\/\/www.berlin.freidenker.org\/index.php?rest_route=\/wp\/v2\/posts\/3567\/revisions\/3571"}],"wp:attachment":[{"href":"https:\/\/www.berlin.freidenker.org\/index.php?rest_route=%2Fwp%2Fv2%2Fmedia&parent=3567"}],"wp:term":[{"taxonomy":"category","embeddable":true,"href":"https:\/\/www.berlin.freidenker.org\/index.php?rest_route=%2Fwp%2Fv2%2Fcategories&post=3567"},{"taxonomy":"post_tag","embeddable":true,"href":"https:\/\/www.berlin.freidenker.org\/index.php?rest_route=%2Fwp%2Fv2%2Ftags&post=3567"}],"curies":[{"name":"wp","href":"https:\/\/api.w.org\/{rel}","templated":true}]}}