{"id":3586,"date":"2017-04-05T22:56:17","date_gmt":"2017-04-05T20:56:17","guid":{"rendered":"http:\/\/www.berlin.freidenker.org\/?p=3586"},"modified":"2017-04-13T10:36:14","modified_gmt":"2017-04-13T08:36:14","slug":"12-4-2017-berliner-runde-freidenker-im-gespraech","status":"publish","type":"post","link":"https:\/\/www.berlin.freidenker.org\/?p=3586","title":{"rendered":"12.4.2017  \u2013 \u201eBerliner Runde \u2013 Freidenker im Gespr\u00e4ch\u201c"},"content":{"rendered":"<h4 class=\"western\" align=\"center\"><span style=\"color: #008000;\"><strong>Achtung!!! \u2013 Neuer Ort, neue Uhrzeit \u2013 Achtung!!!<\/strong><\/span><\/h4>\n<p align=\"center\"><span style=\"font-family: Arial, sans-serif;\"><span style=\"color: #333333;\"><span style=\"font-size: medium;\">Liebe Freidenkerin, lieber Freidenker, liebe Freunde,\u00a0wir laden <\/span><\/span><span style=\"color: #333333;\"><span style=\"font-size: medium;\">herzlich <\/span><\/span><span style=\"color: #333333;\"><span style=\"font-size: medium;\">ein zu unserer n\u00e4chsten \u00f6ffentlichen<\/span><\/span><\/span><\/p>\n<p align=\"center\"><strong><span style=\"color: #333333;\">\u201e<\/span><\/strong><strong><span style=\"color: #333333;\"><span style=\"font-family: Arial, sans-serif;\"><span style=\"font-size: large;\"><b>Berliner Runde \u2013 Freidenker im Gespr\u00e4ch\u201c<\/b><\/span><\/span><\/span><\/strong><\/p>\n<p align=\"center\"><span style=\"color: #333333;\"><span style=\"font-family: Arial, sans-serif;\"><span style=\"font-size: medium;\">am\u00a0<\/span><\/span><\/span><strong><span style=\"color: #333333;\"><span style=\"font-family: Arial, sans-serif;\"><span style=\"font-size: medium;\">Mittwoch, dem <\/span><\/span><\/span><\/strong><strong><span style=\"color: #333333;\"><span style=\"font-family: Arial, sans-serif;\"><span style=\"font-size: medium;\">12<\/span><\/span><\/span><\/strong><strong><span style=\"color: #333333;\"><span style=\"font-family: Arial, sans-serif;\"><span style=\"font-size: medium;\">.\u00a0<\/span><\/span><\/span><\/strong><strong><span style=\"color: #333333;\"><span style=\"font-family: Arial, sans-serif;\"><span style=\"font-size: medium;\">April<\/span><\/span><\/span><\/strong><strong><span style=\"color: #333333;\"><span style=\"font-family: Arial, sans-serif;\"><span style=\"font-size: medium;\">\u00a02017, 18.<\/span><\/span><\/span><\/strong><strong><span style=\"color: #333333;\"><span style=\"font-family: Arial, sans-serif;\"><span style=\"font-size: medium;\">00<\/span><\/span><\/span><\/strong><strong><span style=\"color: #333333;\"><span style=\"font-family: Arial, sans-serif;\"><span style=\"font-size: medium;\"> Uhr<\/span><\/span><\/span><\/strong><\/p>\n<p align=\"center\"><span style=\"color: #333333;\"><span style=\"font-family: Arial, sans-serif;\"><span style=\"font-size: medium;\">im Kieztreff <\/span><\/span><\/span><span style=\"color: #333333;\"><span style=\"font-family: Arial, sans-serif;\"><span style=\"font-size: medium;\">Mitte, Stralsunder Stra\u00dfe 6, 13355 Berlin<span style=\"color: #ff0000;\">* <\/span><\/span><\/span><\/span><\/p>\n<p align=\"center\"><span style=\"color: #333333;\"><span style=\"font-family: Arial, sans-serif;\"><span style=\"font-size: medium;\">zum Thema:<\/span><\/span><\/span><\/p>\n<h2 align=\"center\">&#8222;Wie wollen wir leben?&#8220;<\/h2>\n<h3 align=\"center\">Unser Gespr\u00e4chspartner ist Klaus Hartmann,<\/h3>\n<h3 align=\"center\">Bundesvorsitzender des Deutschen Freidenker-Verbandes<\/h3>\n<p>&nbsp;<\/p>\n<p>(Unser Thema geht auf den gleichnamigen <a href=\"http:\/\/www.freidenker.org\/cms\/dfv\/index.php?option=com_content&amp;view=article&amp;id=493:freidenker-verbandstag-potsdam-2016&amp;catid=62:positionen-der-freidenker&amp;Itemid=89\" target=\"_blank\">Beschluss des Verbandstages 2016<\/a> zur\u00fcck. Wir dokumentieren <a href=\"https:\/\/www.berlin.freidenker.org\/wp-content\/uploads\/2017\/04\/170313-Wie-wollen-wir-leben-Verbandstag.pdf\" target=\"_blank\">hier <\/a>den einstimmig angenommenen Antrag &#8222;Wie wollen wir leben?&#8220;)<\/p>\n<p>Weniger denn je soll unser Treffen im April eine akademische Veranstaltung werden. Daf\u00fcr steht nicht zuletzt Klaus Hartmann, der allemal lieber das Gespr\u00e4ch, auch das Streitgespr\u00e4ch, sucht als ewige Wahrheiten zu verk\u00fcnden. Unsere Diskussionen bisher deuten darauf hin, dass drei gro\u00dfe Problemkreise besonderes Interesse finden. Diese sind:<\/p>\n<p><!--more--><\/p>\n<p><strong>Erstens gro\u00dfe Fragen, denen sich die ganze Menschheit gegen\u00fcbersieht, also Fragen, die sich auf das Wesen, die Dynamik, die Perspektiven unseres gesellschaftlichen Systems beziehen und unsere Rolle darin, etwa:<\/strong><\/p>\n<p>&#8211; Unsere Visionen vom k\u00fcnftigen, ausbeutungsfreien friedlichen Gesellschaftssystem, Ankn\u00fcpfen an den Ideen der utopischen Sozialisten sowie den Analysen der Klassiker, aber auch Aufgreifen der urspr\u00fcnglichen religi\u00f6sen Vorstellungen (z.B. fr\u00fches Christentum, Waldenser, Wiedert\u00e4ufer u.a.)<\/p>\n<p>&#8211; welche Auffassung vom Menschen ist mit der neuen materialistisch-dialektischen Weltanschauung verbunden?<\/p>\n<p>&#8211; ist &#8222;Arbeit&#8220; der zentrale Begriff der Menschwerdung? Ist der Mensch ein Lebewesen, das sich in der gesellschaftlichen Arbeit selbst produziert?<\/p>\n<p>&#8211; wie k\u00f6nnen breite Kreise der Bev\u00f6lkerung f\u00fcr die L\u00f6sung der Eigentumsfrage an den Produktionsmitteln gewonnen werden?<\/p>\n<p>&#8211; Mensch und Natur, eine dialektische Einheit?&#8220;<\/p>\n<p><strong>Eine zweite Diskussionsebene k\u00f6nnte sich daraus ergeben, dass zu bestimmten Teilfragen unseres Lebens, die aber selbst recht komplex sind, gro\u00dfes Interesse besteht (und auch Positionen profiliert vertreten werden). Beispiele: \u00a0<\/strong><\/p>\n<p>&#8211; Zum Thema \u201ewie wollen wir leben?&#8220; geh\u00f6rt auch: \u201eWie\/was wollen wir essen?&#8220; Da diese Frage eine kulturell bedingte, tagt\u00e4gliche, meist unbewusste Entscheidung ist, aber die heutigen destruktiven \u00f6kologischen und sozialen Folgen der Fleischindustrie un\u00fcbersehbar sind, sowie die Produktivkraftentwicklung in den reichen L\u00e4ndern ein viel vern\u00fcnftigeren Umgang mit der Natur heute erlaubt und erfordert, denke ich, dass die Freidenker sich dieses Themas \u2013 Tierbefreiung \u2013 annehmen sollten. Ich bin davon \u00fcberzeugt, dass dies kein \u201eRandthema&#8220; ist.\u00a0Die Argumente hierf\u00fcr haben Marxisten (u.a. Susann Witt-Stahl) in ihrem Thesenpapier Marxismus und Tierbefreiung dargelegt, siehe besonders ab These XIII<a href=\"https:\/\/de-de.facebook.com\/notes\/marxismus-und-tierbefreiung\/thesenpapier-f%C3%BCr-die-vereinigung-von-marxismus-und-tierbefreiung\/538996556303692\" target=\"_blank\">\u00a0hier.<\/a><\/p>\n<p>&#8211; Wie k\u00f6nnen wir heute, unter den Bedingungen der Informationsrevolution, namentlich des Internets, geistige Souver\u00e4nit\u00e4t (&#8222;den Durchblick&#8220;) erreichen oder behalten oder wiedergewinnen? (Abkopplung von den traditionellen Systemmedien? Wie die richtige Auswahl alternativer Medien finden?, Wie sich gegen die neuen (sich alternativ gebenden) Systemmedien behaupten?)<\/p>\n<p>&#8211; Was bedeutet uns heute &#8222;Heimat&#8220;? Gibt es nationale deutsche Werte &#8211; z. B. der Kultur, der Kunst, der Sprache, der Sitten, der Geschichte &#8211; die in unserer modernen Welt bewahrt und lebendig bleiben sollten? Muss da etwas gepflegt werden, um es in sich ver\u00e4ndernden Zeiten immer wieder neu anzueignen? Oder ist das ein reaktion\u00e4res Ansinnen?<\/p>\n<p><strong>Zu einem dritten Themenkreis z\u00e4hlen wir Fragen, die eher im moralischen Bereich angesiedelt sind, darunter auch ethische Probleme, die sensible pers\u00f6nliche Lebensentscheidungen betreffen:<\/strong><\/p>\n<p>&#8211; Was tun, um angesichts der sich vollziehenden und der sich abzeichnenden\/zu bef\u00fcrchtenden politischen Gro\u00df-Vorg\u00e4nge nicht resignativ oder depressiv zu werden, sondern eine aktive und optimistische Position aufrecht zu erhalten?<\/p>\n<p>&#8211; Welche Bedeutung haben freundschaftliche Beziehungen (und damit das &#8222;Aufeinander-Verlassenk\u00f6nnen&#8220;) zwischen Gleichgesinnten\/Kampfgef\u00e4hrten? Das Potential pers\u00f6nliche Freundschaften pflegen zu k\u00f6nnen ist begrenzt. Welche Beziehungen, die den freundschaftlichen entsprechen, sollten Gleichgesinnte\/Kampfgef\u00e4hrten haben, die weit voneinander entfernt sind und sich pers\u00f6nlich gar nicht kennen?<\/p>\n<p>&#8211; Wie sollten gesunde, aktive Freidenker mit kranken, aktionsunf\u00e4higen, vielleicht bald sterbenden Freidenkern umgehen? Erwarten sie etwas voneinander? Ein Freidenker sagte hierzu: &#8222;Diese Frage\u00a0betrifft mich leibhaftig. Bin zwar nicht aktionsunf\u00e4hig in dem Sinne, bin aber wegen Schwerbehinderung derart auf Hilfe angewiesen, dass ich nicht eigenst\u00e4ndig, ohne fremde Hilfe Aktionen starten oder mich an Aktionen beteiligen kann. Dadurch bin ich auch insgesamt sehr stark isoliert und partiell vereinsamt.&#8220;<\/p>\n<p>&#8211; Geh\u00f6rt &#8222;Wie will ich sterben?&#8220; zum &#8222;Wie wollen wir leben?&#8220; dazu? Wie ist in diesem Zusammenhang das Sterbefasten einzusch\u00e4tzen?&#8220;<\/p>\n<p>&nbsp;<\/p>\n<p>Das ist ein umfangreicher Strau\u00df von Problemstellungen. Keinesfalls fassen wir ihn als Korsett auf. Sicher k\u00f6nnen wir nicht alle diese Fragen &#8222;zugleich und endg\u00fcltig&#8220; kl\u00e4ren. Und au\u00dferdem m\u00f6gen Probleme im Gespr\u00e4chsverlauf auf den Tisch kommen, an die momentan noch keiner denkt.<\/p>\n<p>Wenn eine ansehnliche Anzahl kluger Leute ihre K\u00f6pfe zusammenstecken &#8222;sine ira et studio&#8220; (Wer diesen Spruch nicht kennt, darf goggeln.) und dieselben gemeinschaftlich rauchen lassen, dann&#8230;<\/p>\n<p style=\"text-align: center;\">Vielleicht k\u00f6nnen wir uns gegenseitig positiv \u00fcberraschen!<\/p>\n<p>&nbsp;<\/p>\n<p style=\"text-align: right;\"><strong>Darauf freut sich Eure Kollektive Berliner Leitung<\/strong><\/p>\n<p>&nbsp;<\/p>\n<p><strong><span style=\"color: #333333;\"><span style=\"font-family: Arial, sans-serif;\"><span style=\"font-size: medium;\"><span style=\"color: #ff0000;\">*<\/span>\u00a0<\/span><\/span><\/span><\/strong><span style=\"color: #333333;\"><span style=\"font-family: Arial, sans-serif;\"><span style=\"font-size: medium;\">Der Kieztreff\u00a0&#8211;<\/span><\/span><\/span><span style=\"color: #000000;\"><span style=\"font-family: Arial, sans-serif;\"><span style=\"font-size: medium;\">\u00a0\u201e<\/span><\/span><\/span><span style=\"color: #000000;\"><span style=\"font-family: Arial, sans-serif;\"><span style=\"font-size: large;\">generations\u00fcbergreifender und kiezbezogener Treffpunkt f\u00fcr alle Anwohnergruppen&#8220; &#8211;\u00a0ist zu erreichen vom U-Bahnhof\u00a0Bernauer Stra\u00dfe (Fu\u00dfweg\u00a0ca.\u00a0300m)\u00a0oder mit dem Bus 247 oder der Tram M10, ebenfalls Haltestelle \u201eU-Bahnhof Bernauer Stra\u00dfe<\/span><\/span><\/span><span style=\"color: #000000;\"><span style=\"font-family: Arial, sans-serif;\"><span style=\"font-size: medium;\">\u201c<\/span><\/span><\/span><span style=\"color: #000000;\"><span style=\"font-family: Arial, sans-serif;\"><span style=\"font-size: large;\">.<\/span><\/span><\/span><\/p>\n","protected":false},"excerpt":{"rendered":"<p>Achtung!!! \u2013 Neuer Ort, neue Uhrzeit \u2013 Achtung!!! Liebe Freidenkerin, lieber Freidenker, liebe Freunde,\u00a0wir laden herzlich ein zu unserer n\u00e4chsten \u00f6ffentlichen \u201eBerliner Runde \u2013 Freidenker im Gespr\u00e4ch\u201c am\u00a0Mittwoch, dem 12.\u00a0April\u00a02017, 18.00 Uhr im Kieztreff Mitte, Stralsunder Stra\u00dfe 6, 13355 Berlin* zum Thema: &#8222;Wie wollen wir leben?&#8220; Unser Gespr\u00e4chspartner ist Klaus Hartmann, Bundesvorsitzender des Deutschen Freidenker-Verbandes [&hellip;]<\/p>\n","protected":false},"author":4,"featured_media":0,"comment_status":"open","ping_status":"open","sticky":false,"template":"","format":"standard","meta":{"jetpack_post_was_ever_published":false,"_jetpack_newsletter_access":"","_jetpack_dont_email_post_to_subs":true,"_jetpack_newsletter_tier_id":0,"_jetpack_memberships_contains_paywalled_content":false,"_jetpack_memberships_contains_paid_content":false,"footnotes":""},"categories":[49,14,46,19,47,13],"tags":[40],"class_list":["post-3586","post","type-post","status-publish","format-standard","hentry","category-aufklaerung","category-aktivitaeten-des-dfv-berlin","category-freidenker-im-gespraech","category-kultur","category-nation","category-veranstaltungen","tag-freidenker-im-gespraech"],"jetpack_featured_media_url":"","jetpack_shortlink":"https:\/\/wp.me\/py5dN-VQ","jetpack_sharing_enabled":true,"_links":{"self":[{"href":"https:\/\/www.berlin.freidenker.org\/index.php?rest_route=\/wp\/v2\/posts\/3586","targetHints":{"allow":["GET"]}}],"collection":[{"href":"https:\/\/www.berlin.freidenker.org\/index.php?rest_route=\/wp\/v2\/posts"}],"about":[{"href":"https:\/\/www.berlin.freidenker.org\/index.php?rest_route=\/wp\/v2\/types\/post"}],"author":[{"embeddable":true,"href":"https:\/\/www.berlin.freidenker.org\/index.php?rest_route=\/wp\/v2\/users\/4"}],"replies":[{"embeddable":true,"href":"https:\/\/www.berlin.freidenker.org\/index.php?rest_route=%2Fwp%2Fv2%2Fcomments&post=3586"}],"version-history":[{"count":23,"href":"https:\/\/www.berlin.freidenker.org\/index.php?rest_route=\/wp\/v2\/posts\/3586\/revisions"}],"predecessor-version":[{"id":3695,"href":"https:\/\/www.berlin.freidenker.org\/index.php?rest_route=\/wp\/v2\/posts\/3586\/revisions\/3695"}],"wp:attachment":[{"href":"https:\/\/www.berlin.freidenker.org\/index.php?rest_route=%2Fwp%2Fv2%2Fmedia&parent=3586"}],"wp:term":[{"taxonomy":"category","embeddable":true,"href":"https:\/\/www.berlin.freidenker.org\/index.php?rest_route=%2Fwp%2Fv2%2Fcategories&post=3586"},{"taxonomy":"post_tag","embeddable":true,"href":"https:\/\/www.berlin.freidenker.org\/index.php?rest_route=%2Fwp%2Fv2%2Ftags&post=3586"}],"curies":[{"name":"wp","href":"https:\/\/api.w.org\/{rel}","templated":true}]}}