{"id":360,"date":"2010-03-18T13:28:57","date_gmt":"2010-03-18T11:28:57","guid":{"rendered":"http:\/\/www.berlin.freidenker.org\/?p=360"},"modified":"2010-04-01T11:26:07","modified_gmt":"2010-04-01T09:26:07","slug":"erklarung-der-tagung-des-verbandsvorstandes-am-14-marz-2010-in-magdeburg","status":"publish","type":"post","link":"https:\/\/www.berlin.freidenker.org\/?p=360","title":{"rendered":"Erkl\u00e4rung der Tagung des Verbandsvorstandes am 14. M\u00e4rz 2010 in Magdeburg"},"content":{"rendered":"<p style=\"text-align: center;\"><strong>\u201eLasset die Kindlein zu mir kommen\u201c:<br \/>\nScheinheilige Hirten<br \/>\n<\/strong><\/p>\n<p>Der Deutsche Freidenker-Verband verurteilt in sch\u00e4rfster Form die massenhaften Vergehen und Straftaten, die von W\u00fcrdentr\u00e4gern insbesondere der Katholischen Kirche gegen junge Menschen begangen wurden.<br \/>\nErst durch Einzelbeispiele, die mehr oder weniger zuf\u00e4llig an die \u00d6ffentlichkeit kamen, wurde eine Lawine von Enth\u00fcllungen ins Rollen gebracht, die ein unerh\u00f6rtes Ausma\u00df von Gewalt und sexuellem Missbrauch offenlegt. Diese sind seit Langem in kirchlichen Institutionen und klerikalen Bildungseinrichtungen an der Tagesordnung.<\/p>\n<p><!--more-->Unter Missbrauch des Vertrauens von Eltern und Kindern wurde mit psychischem Druck und Angst vor Strafen die Hinnahme sexueller N\u00f6tigung und entw\u00fcrdigender Dem\u00fctigung erzwungen und zugleich die umfassende Aufkl\u00e4rung der Zust\u00e4nde unterbunden. Die f\u00fcr strafw\u00fcrdige Hand\u00aclungen Verantwortlichen m\u00fcssen zur Rechenschaft gezogen werden.<br \/>\nWir fordern die schonungslose Aufkl\u00e4rung jedes Einzelfalls unabh\u00e4ngig vom jeweiligen Zeitpunkt und einer eventuell eingetretenen strafrechtlichen Verj\u00e4hrung. Die Ermittlungen sind von Anfang an ausschlie\u00dflich Aufgabe der zust\u00e4ndigen Staatsanwaltschaften. Die Praxis, zun\u00e4chst \u201einterne Untersuchungen\u201c anzustellen, und dann \u201egegebenenfalls\u201c die staatlichen Stellen zu informieren, ist genauso abwegig und inakzeptabel, wie wenn Bank\u00fcberf\u00e4lle zuerst durch die Bankr\u00e4ubervereinigung gepr\u00fcft w\u00fcrden oder f\u00fcr Mordermittlungen zun\u00e4chst die Mafia zust\u00e4ndig w\u00e4re.<br \/>\nDer Deutsche Freidenker-Verband fordert auch eine strafrechtliche Untersuchung, ob das Geheimschreiben \u201eDe delictis gravioribus\u201c von Papa Ratzinger aus dem Jahr 2001, das die \u201eausschlie\u00dfliche Kom-petenz des Vatikans\u201c in P\u00e4dophilief\u00e4llen (!) betont und alle Bisch\u00f6fe unter Strafe der Exkommunikation aufgefordert, alle Miss-brauchsf\u00e4lle ausschlie\u00dflich und nur an den Vatikan zu melden, die Tatbest\u00e4nde der Vertuschung, Strafvereitelung, Beg\u00fcnstigung im Amte, Rechtsbeugung, Verleitung von Untergebenen zu strafbaren Handlungen und Behinderung der Justiz erf\u00fcllt.<\/p>\n<p>Der Deutsche Freidenker-Verband unterst\u00fctzt die Forderung, dass die Opfer durch Leistungen der Kirchen entsch\u00e4digt werden m\u00fcssen.<br \/>\nDer Skandal wirft ein bezeichnendes Licht auf den Monopolanspruch der Kirchen auf Ethik, Moral sowie die sogenannte christlich-abendl\u00e4ndische Werteerziehung.<\/p>\n<p>Die damit einhergehende Diskriminierung konfessionsfreier Menschen belegt die staatliche Praxis, Sch\u00fclerinnen und Sch\u00fcler, die sich vom religi\u00f6sen Bekenntnisunterricht abmelden, zum Besuch eines Ersatz-unterrichts zu verpflichten, da sie der ethisch-moralischen Nachhilfe bed\u00fcrftig erachtet werden.<br \/>\nDie demagogische Behauptung der Kirche, dass angeblich ein totaler Werteverlust bei den Menschen eingetreten sei, weil ihre Bindung an die Kirchen rapide abnimmt, ist besonders frivol, da nach dieser Logik die kirchliche Bindung ihres eigenen Personal ja besonders locker sein muss.<br \/>\nDer Deutsche Freidenker-Verband protestiert gegen die unversch\u00e4mte Feststellung von Merkw\u00fcrden Mixa, wonach die sexuelle Revolution f\u00fcr die Missbrauchsf\u00e4lle in der katholischen Kirche mitverantwortlich sei. Mixa, der sich als oberster Milit\u00e4rbischof des Landes um die Kampfmoral der Afghanistan-Krieger ebenso sorgt wie um die Geburtenrate der deutschen Mutter, will vermutlich mitteilen, dass die sexuelle Revolution besonders unter seinesgleichen wie eine Bombe eingeschlagen hat<br \/>\nBis zum Beweis des Gegenteils gehen wir weiter davon aus, dass die mittels Z\u00f6libat zur Enthaltsamkeit Verpflichteten einfach aufgrund der verklemmten, scheinheiligen Sexualmoral der Mutter Kirche zu ihren Eskapaden getrieben werden.<\/p>\n<p>Zu dieser Skandalchronik geh\u00f6rt auch das Kapitel der Priesterkinder, zu den sich ihre V\u00e4ter nicht bekennen d\u00fcrfen, und f\u00fcr deren lebenslange Kontaktsperre die M\u00fctter von der Kirche Alimente und Schweigegeld beziehen.<br \/>\nDie Abgabe des staatlichen Bildungsauftrags an private, vor allem kirchliche Institutionen f\u00fchrt zur Zerst\u00f6rung eines einheitlichen Bildungssystems und beg\u00fcnstigt den Machtmissbrauch.<br \/>\n\u2022\u00a0\u00a0\u00a0 Die ernsten Verbrechen der Gottes-m\u00e4nner gegen die Menschenrechte und die Menschenw\u00fcrde machen die Konsequenz \u00fcberf\u00e4llig, den recht\u00aclichen Sonderstatus der Kirchen generell aufzuheben.<br \/>\n\u2022\u00a0\u00a0\u00a0 Die Sonderbeziehung von Staat und Kirche leisten dem institutionellen klerikalen Machtmissbrauch Vorschub.<br \/>\n\u2022\u00a0\u00a0\u00a0 Die Privilegierung der Kirchen bedeutet die Diskriminierung kon-fessionsfreier Menschen.<br \/>\n\u2022\u00a0\u00a0\u00a0 Die strikte Trennung von Staat und Kirche sowie Kirche und Schule geh\u00f6rt wieder auf die Tagesordnung.<br \/>\n\u2022\u00a0\u00a0\u00a0 Keine rechtsfreien R\u00e4ume f\u00fcr Kleriker, Arbeits- und Tarifrecht auch in kirch-lichen Einrichtungen, Kirchen raus aus dem Bildungswesen, Abschaffung der \u201eMilit\u00e4rseelsorge\u201c!<\/p>\n","protected":false},"excerpt":{"rendered":"<p>\u201eLasset die Kindlein zu mir kommen\u201c: Scheinheilige Hirten Der Deutsche Freidenker-Verband verurteilt in sch\u00e4rfster Form die massenhaften Vergehen und Straftaten, die von W\u00fcrdentr\u00e4gern insbesondere der Katholischen Kirche gegen junge Menschen begangen wurden. Erst durch Einzelbeispiele, die mehr oder weniger zuf\u00e4llig an die \u00d6ffentlichkeit kamen, wurde eine Lawine von Enth\u00fcllungen ins Rollen gebracht, die ein unerh\u00f6rtes [&hellip;]<\/p>\n","protected":false},"author":4,"featured_media":0,"comment_status":"closed","ping_status":"closed","sticky":false,"template":"","format":"standard","meta":{"jetpack_post_was_ever_published":false,"_jetpack_newsletter_access":"","_jetpack_dont_email_post_to_subs":false,"_jetpack_newsletter_tier_id":0,"_jetpack_memberships_contains_paywalled_content":false,"_jetpack_memberships_contains_paid_content":false,"footnotes":""},"categories":[8],"tags":[],"class_list":["post-360","post","type-post","status-publish","format-standard","hentry","category-standpunkte"],"jetpack_featured_media_url":"","jetpack_shortlink":"https:\/\/wp.me\/py5dN-5O","jetpack_sharing_enabled":true,"_links":{"self":[{"href":"https:\/\/www.berlin.freidenker.org\/index.php?rest_route=\/wp\/v2\/posts\/360","targetHints":{"allow":["GET"]}}],"collection":[{"href":"https:\/\/www.berlin.freidenker.org\/index.php?rest_route=\/wp\/v2\/posts"}],"about":[{"href":"https:\/\/www.berlin.freidenker.org\/index.php?rest_route=\/wp\/v2\/types\/post"}],"author":[{"embeddable":true,"href":"https:\/\/www.berlin.freidenker.org\/index.php?rest_route=\/wp\/v2\/users\/4"}],"replies":[{"embeddable":true,"href":"https:\/\/www.berlin.freidenker.org\/index.php?rest_route=%2Fwp%2Fv2%2Fcomments&post=360"}],"version-history":[{"count":5,"href":"https:\/\/www.berlin.freidenker.org\/index.php?rest_route=\/wp\/v2\/posts\/360\/revisions"}],"predecessor-version":[{"id":390,"href":"https:\/\/www.berlin.freidenker.org\/index.php?rest_route=\/wp\/v2\/posts\/360\/revisions\/390"}],"wp:attachment":[{"href":"https:\/\/www.berlin.freidenker.org\/index.php?rest_route=%2Fwp%2Fv2%2Fmedia&parent=360"}],"wp:term":[{"taxonomy":"category","embeddable":true,"href":"https:\/\/www.berlin.freidenker.org\/index.php?rest_route=%2Fwp%2Fv2%2Fcategories&post=360"},{"taxonomy":"post_tag","embeddable":true,"href":"https:\/\/www.berlin.freidenker.org\/index.php?rest_route=%2Fwp%2Fv2%2Ftags&post=360"}],"curies":[{"name":"wp","href":"https:\/\/api.w.org\/{rel}","templated":true}]}}