{"id":3640,"date":"2017-04-08T10:57:28","date_gmt":"2017-04-08T08:57:28","guid":{"rendered":"http:\/\/www.berlin.freidenker.org\/?p=3640"},"modified":"2017-04-08T10:57:28","modified_gmt":"2017-04-08T08:57:28","slug":"energischere-aktivitaeten-im-kampf-um-mehr-transparenz","status":"publish","type":"post","link":"https:\/\/www.berlin.freidenker.org\/?p=3640","title":{"rendered":"Energischere Aktivit\u00e4ten im Kampf um mehr Transparenz!"},"content":{"rendered":"<p>Mit ihren Fragen und Untersuchungen zu <strong>Campact<\/strong> haben<a href=\"https:\/\/www.berlin.freidenker.org\/?p=2937\" target=\"_blank\"> die Nachdenkseiten schon vor Monaten <\/a>eine Vorreiterrolle f\u00fcr die Erkenntnis des Problems <strong>&#8222;Transparenz der NRO und der Zivilgesellschaft&#8220;<\/strong> \u00fcbernommen. Berliner Freidenker haben diese Fragestellung wiederholt und mit verschiedenen Nuancierungen aufgegriffen, <a href=\"https:\/\/www.berlin.freidenker.org\/?s=Transparenz\" target=\"_blank\">wie man hier nachlesen kann.<\/a><\/p>\n<p>Erfreut stelle ich fest, dass in j\u00fcngster Zeit immer mehr und unterschiedliche Aktivisten qualifizierte Beitr\u00e4ge zu dieser Problematik ver\u00f6ffentlichen.<\/p>\n<p>Beispiel eins:<strong> Wolfgang Effenberger in der &#8222;Neuern Rheinischen Zeitung&#8220;<\/strong> mit dem Beitrag:<\/p>\n<h4 style=\"text-align: center;\"><a href=\"http:\/\/www.nrhz.de\/flyer\/beitrag.php?id=23691\" target=\"_blank\"><span style=\"color: #ff0000;\">&#8222;Campact: Der &#8222;Rattenf\u00e4nger von Verden&#8220;\u00a0<\/span><\/a><\/h4>\n<p>der sich vornehmlich mit der Rolle von <strong>Campact<\/strong> bei der Mobilisierung f\u00fcr den SPD-Kanzlerkandidaten Schulz auseinandersetzt.<\/p>\n<p>Beispiel zwei:<strong> Martin Betzwieser im &#8222;Freitag&#8220;<\/strong> mit dem Beitrag:<\/p>\n<h4 style=\"text-align: center;\"><a href=\"https:\/\/www.freitag.de\/autoren\/martin-betzwieser\/zehn-fragen-an-dr-daniel-roeder\" target=\"_blank\"><span style=\"color: #ff0000;\">&#8222;Zehn Fragen an Dr. Daniel R\u00f6der&#8220;<\/span><\/a><\/h4>\n<p>der zehn Fragen an die neue &#8222;B\u00fcrgerinitiative&#8220; <strong>PULSE OF EUROPE<\/strong> stellt. Seine Fragen sind ziemlich &#8222;penetrant&#8220; und sind &#8211; Oh Wunder! &#8211; an Kriterien angelehnt, die die<a href=\"https:\/\/www.transparency.de\/Initiative-Transparente-Zivilg.1612.0.html\" target=\"_blank\"> &#8222;Initiative Transparente Zivilgesellschaft&#8220; (ITZ)<\/a>\u00a0seit Jahren vertritt (gehen zugleich \u00fcber letztere hinaus).<\/p>\n<p>Beispiel drei: <strong>Jens Twiehaus in &#8222;turi2&#8220;<\/strong> mit dem Beitrag:<\/p>\n<h4 style=\"text-align: center;\"><strong><a href=\"http:\/\/www.turi2.de\/aktuell\/stiftung-von-george-soros-gibt-correctiv-100-000-euro-fuer-fake-news-checks\/\" target=\"_blank\"><span style=\"color: #ff0000;\">&#8222;Stiftung von George Soros gibt correctiv 100.000 Euro f\u00fcr Fake-News-Checks&#8220;<\/span><\/a><\/strong><\/h4>\n<p>Der kleine Artikel f\u00fchrt eine Menge wenig bekannter Querverbindungen an. Auch die Kommentare sind lesenswert \u00a0(was auch f\u00fcr obiges Beispiel zwei gilt).\u00a0Erinnert sei, dass Zusammenh\u00e4nge zwischen<strong> Campact und Correktiv<\/strong> bestehen, auf die bereits <a href=\"https:\/\/www.berlin.freidenker.org\/?p=3368\" target=\"_blank\">hier<\/a> hingewiesen wurde.<\/p>\n<p>Die hier verlinkten Beitr\u00e4ge machen mir Hoffnung, dass allm\u00e4hlich immer mehr Demokraten (auch bei den Freidenkern) die strategische Bedeutung begreifen, die die Transparenzproblematik f\u00fcr die Einflussnahme des Staates (des tiefen und des &#8222;untiefen&#8220;) auf die Zivilgesellschaft hat. Wir haben hier nicht weniger als ein St\u00fcck der (indirekten) staatlichen Steuerung der Zerst\u00f6rung effektiven demokratischen Widerstands beim Wickel.<\/p>\n","protected":false},"excerpt":{"rendered":"<p>Mit ihren Fragen und Untersuchungen zu Campact haben die Nachdenkseiten schon vor Monaten eine Vorreiterrolle f\u00fcr die Erkenntnis des Problems &#8222;Transparenz der NRO und der Zivilgesellschaft&#8220; \u00fcbernommen. Berliner Freidenker haben diese Fragestellung wiederholt und mit verschiedenen Nuancierungen aufgegriffen, wie man hier nachlesen kann. Erfreut stelle ich fest, dass in j\u00fcngster Zeit immer mehr und unterschiedliche [&hellip;]<\/p>\n","protected":false},"author":4,"featured_media":0,"comment_status":"open","ping_status":"open","sticky":false,"template":"","format":"standard","meta":{"jetpack_post_was_ever_published":false,"_jetpack_newsletter_access":"","_jetpack_dont_email_post_to_subs":false,"_jetpack_newsletter_tier_id":0,"_jetpack_memberships_contains_paywalled_content":false,"_jetpack_memberships_contains_paid_content":false,"footnotes":""},"categories":[49,14,45,175,21],"tags":[502,59,42,141,503,135,139],"class_list":["post-3640","post","type-post","status-publish","format-standard","hentry","category-aufklaerung","category-aktivitaeten-des-dfv-berlin","category-friedensbewegung","category-nato","category-politik","tag-aufklaerung","tag-freidenker","tag-friedensbewegung","tag-nro","tag-tiefer-staat","tag-transparenz","tag-zivilgesellschaft"],"jetpack_featured_media_url":"","jetpack_shortlink":"https:\/\/wp.me\/py5dN-WI","jetpack_sharing_enabled":true,"_links":{"self":[{"href":"https:\/\/www.berlin.freidenker.org\/index.php?rest_route=\/wp\/v2\/posts\/3640","targetHints":{"allow":["GET"]}}],"collection":[{"href":"https:\/\/www.berlin.freidenker.org\/index.php?rest_route=\/wp\/v2\/posts"}],"about":[{"href":"https:\/\/www.berlin.freidenker.org\/index.php?rest_route=\/wp\/v2\/types\/post"}],"author":[{"embeddable":true,"href":"https:\/\/www.berlin.freidenker.org\/index.php?rest_route=\/wp\/v2\/users\/4"}],"replies":[{"embeddable":true,"href":"https:\/\/www.berlin.freidenker.org\/index.php?rest_route=%2Fwp%2Fv2%2Fcomments&post=3640"}],"version-history":[{"count":2,"href":"https:\/\/www.berlin.freidenker.org\/index.php?rest_route=\/wp\/v2\/posts\/3640\/revisions"}],"predecessor-version":[{"id":3642,"href":"https:\/\/www.berlin.freidenker.org\/index.php?rest_route=\/wp\/v2\/posts\/3640\/revisions\/3642"}],"wp:attachment":[{"href":"https:\/\/www.berlin.freidenker.org\/index.php?rest_route=%2Fwp%2Fv2%2Fmedia&parent=3640"}],"wp:term":[{"taxonomy":"category","embeddable":true,"href":"https:\/\/www.berlin.freidenker.org\/index.php?rest_route=%2Fwp%2Fv2%2Fcategories&post=3640"},{"taxonomy":"post_tag","embeddable":true,"href":"https:\/\/www.berlin.freidenker.org\/index.php?rest_route=%2Fwp%2Fv2%2Ftags&post=3640"}],"curies":[{"name":"wp","href":"https:\/\/api.w.org\/{rel}","templated":true}]}}