{"id":3707,"date":"2017-04-14T19:21:31","date_gmt":"2017-04-14T17:21:31","guid":{"rendered":"http:\/\/www.berlin.freidenker.org\/?p=3707"},"modified":"2017-04-14T19:21:31","modified_gmt":"2017-04-14T17:21:31","slug":"morgen-ostermarsch-und-kundgebung-haende-weg-von-syrien","status":"publish","type":"post","link":"https:\/\/www.berlin.freidenker.org\/?p=3707","title":{"rendered":"morgen: Ostermarsch und Kundgebung &#8222;H\u00e4nde weg von Syrien&#8220;!"},"content":{"rendered":"<p><strong>Zum Ostermarsch morgen in Berlin haben wir lange informiert.<\/strong><\/p>\n<h3 style=\"text-align: center;\"><span style=\"color: #ff0000;\"><strong>15.4.2017, 12.00 Uhr Kaiser Wilhelm Platz (Sch\u00f6neberg)<\/strong><\/span><\/h3>\n<p><strong>Alle weiteren Informationen <a href=\"http:\/\/www.frikoberlin.de\/\" target=\"_blank\">hier<\/a>\u00a0(&#8222;Aktuelles&#8220; anklicken).<\/strong><\/p>\n<p style=\"text-align: center;\"><strong>***<\/strong><\/p>\n<p style=\"text-align: left;\"><strong>Das <a href=\"https:\/\/www.facebook.com\/skfs.germany\/?fref=nf\" target=\"_blank\">Frankfurter Solidarit\u00e4tskomitee f\u00fcr Syrien<\/a> ruft zu einer Kundgebung auf:\u00a0&#8222;Wie weltweit geht auch die Syrische Gemeinde in Deutschland auf die <span id=\":4xm.2\" class=\"\">Strasse<\/span> gegen US &#8211; Aggression und Terror&#8220;<\/strong><\/p>\n<h3 style=\"text-align: center;\"><span style=\"color: #ff0000;\"><strong>++++Berlin am Samstag 15.04.2016, 14.30 Uhr vor der US &#8211; Botschaft++++<\/strong><\/span><\/h3>\n<p><strong>USA &#8211;&gt; Raus !!!<\/strong><br \/>\n<strong>Gro\u00dfbritannien &#8211;&gt; Raus !!!<\/strong><br \/>\n<strong>Deutschland &#8211;&gt; Raus !!!<\/strong><br \/>\n<strong>Frankreich &#8211;&gt; Raus !!!\u00a0<\/strong><br \/>\n<strong>Australien &#8211;&gt; Raus !!!<\/strong><br \/>\n<strong>D\u00e4nemark &#8211;&gt; Raus !!!<\/strong><br \/>\n<strong>Belgien &#8212; Raus !!!<\/strong><br \/>\n<strong>T\u00fcrkei &#8211;&gt; Raus !!!<\/strong><br \/>\n<strong>Saudi-Arabien &#8211;&gt; Raus !!!<\/strong><br \/>\n<strong><span id=\":4xm.45\" class=\"\">Katar<\/span> &#8211;&gt; Raus !!!<\/strong><br \/>\n<strong>Israel &#8211;&gt; Raus !!!<\/strong><br \/>\n<strong>Jordanien &#8211;&gt; Raus !!!<\/strong><\/p>\n<p><strong>W\u00e4ren all diese Staaten nicht in Syrien pr\u00e4sent, w\u00e4re in Syrien l\u00e4ngst Frieden eingekehrt.<\/strong><\/p>\n<p style=\"text-align: left;\"><strong>Weitere Informationen<a href=\"https:\/\/www.facebook.com\/events\/1110344919111426\/?acontext=%7B%22action_history%22%3A%22[%7B%5C%22surface%5C%22%3A%5C%22page%5C%22%2C%5C%22mechanism%5C%22%3A%5C%22page_upcoming_events_card%5C%22%2C%5C%22extra_data%5C%22%3A[]%7D]%22%2C%22has_source%22%3Atrue%7D\" target=\"_blank\"> hier<\/a>.<\/strong><\/p>\n","protected":false},"excerpt":{"rendered":"<p>Zum Ostermarsch morgen in Berlin haben wir lange informiert. 15.4.2017, 12.00 Uhr Kaiser Wilhelm Platz (Sch\u00f6neberg) Alle weiteren Informationen hier\u00a0(&#8222;Aktuelles&#8220; anklicken). *** Das Frankfurter Solidarit\u00e4tskomitee f\u00fcr Syrien ruft zu einer Kundgebung auf:\u00a0&#8222;Wie weltweit geht auch die Syrische Gemeinde in Deutschland auf die Strasse gegen US &#8211; Aggression und Terror&#8220; ++++Berlin am Samstag 15.04.2016, 14.30 Uhr [&hellip;]<\/p>\n","protected":false},"author":4,"featured_media":0,"comment_status":"open","ping_status":"open","sticky":false,"template":"","format":"standard","meta":{"jetpack_post_was_ever_published":false,"_jetpack_newsletter_access":"","_jetpack_dont_email_post_to_subs":false,"_jetpack_newsletter_tier_id":0,"_jetpack_memberships_contains_paywalled_content":false,"_jetpack_memberships_contains_paid_content":false,"footnotes":""},"categories":[1,22,45,24,175,21,23],"tags":[334,70],"class_list":["post-3707","post","type-post","status-publish","format-standard","hentry","category-allgemein","category-friedensaktionen","category-friedensbewegung","category-friko-berlin","category-nato","category-politik","category-syrien","tag-haende-weg-von-syrien","tag-ostermarsch"],"jetpack_featured_media_url":"","jetpack_shortlink":"https:\/\/wp.me\/py5dN-XN","jetpack_sharing_enabled":true,"_links":{"self":[{"href":"https:\/\/www.berlin.freidenker.org\/index.php?rest_route=\/wp\/v2\/posts\/3707","targetHints":{"allow":["GET"]}}],"collection":[{"href":"https:\/\/www.berlin.freidenker.org\/index.php?rest_route=\/wp\/v2\/posts"}],"about":[{"href":"https:\/\/www.berlin.freidenker.org\/index.php?rest_route=\/wp\/v2\/types\/post"}],"author":[{"embeddable":true,"href":"https:\/\/www.berlin.freidenker.org\/index.php?rest_route=\/wp\/v2\/users\/4"}],"replies":[{"embeddable":true,"href":"https:\/\/www.berlin.freidenker.org\/index.php?rest_route=%2Fwp%2Fv2%2Fcomments&post=3707"}],"version-history":[{"count":3,"href":"https:\/\/www.berlin.freidenker.org\/index.php?rest_route=\/wp\/v2\/posts\/3707\/revisions"}],"predecessor-version":[{"id":3710,"href":"https:\/\/www.berlin.freidenker.org\/index.php?rest_route=\/wp\/v2\/posts\/3707\/revisions\/3710"}],"wp:attachment":[{"href":"https:\/\/www.berlin.freidenker.org\/index.php?rest_route=%2Fwp%2Fv2%2Fmedia&parent=3707"}],"wp:term":[{"taxonomy":"category","embeddable":true,"href":"https:\/\/www.berlin.freidenker.org\/index.php?rest_route=%2Fwp%2Fv2%2Fcategories&post=3707"},{"taxonomy":"post_tag","embeddable":true,"href":"https:\/\/www.berlin.freidenker.org\/index.php?rest_route=%2Fwp%2Fv2%2Ftags&post=3707"}],"curies":[{"name":"wp","href":"https:\/\/api.w.org\/{rel}","templated":true}]}}