{"id":3732,"date":"2017-04-19T12:56:32","date_gmt":"2017-04-19T10:56:32","guid":{"rendered":"http:\/\/www.berlin.freidenker.org\/?p=3732"},"modified":"2017-04-19T18:54:50","modified_gmt":"2017-04-19T16:54:50","slug":"wenn-ein-journalistischer-rotzloeffel-laura-von-wimmersperg-anpinkelt","status":"publish","type":"post","link":"https:\/\/www.berlin.freidenker.org\/?p=3732","title":{"rendered":"Wenn ein journalistischer Rotzl\u00f6ffel Laura von Wimmersperg anpinkelt, &#8230;"},"content":{"rendered":"<p>ist das zwar nicht witzig aber grotesk. Lachen mag ich trotzdem nicht, denn er &#8211; &#8222;Robin Avram&#8220;, nicht zu verwechseln mit Ms. &#8222;Robin Dubin Avram&#8220; &#8211; hat sich flei\u00dfig ausgebildet, soll hei\u00dfen: Er pinkelt so gezielt, dass auch der Gutwilligste sich gest\u00f6rt f\u00fchlen muss.<\/p>\n<p>Doch der Reihe nach: Eine liebe Freundin schickt mir eine Mail, in deren Betreffzeile das Wort &#8222;infam&#8220; steht. Die Mail enth\u00e4lt wenig mehr als die Frage <em>&#8222;&#8230;hattest du das gelesen? &#8222;<\/em> und <a href=\"http:\/\/www.rbb-online.de\/politik\/beitrag\/2017\/04\/Friedensbewegung-Berlin-Ostermarsch-Unterwanderung-Russland.html\" target=\"_blank\">diesen Link<\/a>.<\/p>\n<p>Kannte ich nat\u00fcrlich nicht. Mir reicht es, dass ich Zwangsgeb\u00fchren zahlen muss. Den Konsum der &#8222;Unabh\u00e4ngigen&#8220;, &#8222;\u00f6ffentlich Rechtlichen&#8220; verweigere ich, von Ausnahmen abgesehen, so gut es geht. So war mir der <em>&#8222;&#8217;schmutzige(r)&#8216; Artikel, um Ressentiments gegen Friedensaktivisten zu sch\u00fcren&#8220;<\/em> (Kommentator 2) entgangen. (<em>&#8222;Typischer Artikel im Sinne der Querfrontstudie der Otto-Brenner-Stiftung&#8220;<\/em> &#8211; Kommentator 3.)<\/p>\n<p>Worum geht es Herrn Avram\u00a0in seinem Pamphlet <em>&#8222;<\/em><span class=\"titletext\"><em>Wie die Neu-Rechte die Friedensbewegung unterwandert&#8220;<\/em>, dem &#8211; Zuf\u00e4lle gibt es &#8211; ein Bild der Flagge der vermutlich BND-durchsetzten &#8222;Stephan-Steins-Friedensbewegung&#8220; vorangestellt ist? Es geht um nicht weniger, als Laura von Wimmersperg zur Kronzeugin der behaupteten Rechtsunterwanderung zu machen. <\/span><\/p>\n<p><span class=\"titletext\">Es ist schwierig mit dieser Alten. Zwar habe\u00a0<em>&#8222;ihr \u00fcberaltertes B\u00fcndnis&#8220;<\/em>\u00a0(<em>&#8222;wie aus der Zeit gefallen&#8220;<\/em>) kaum Zulauf aber sie, <em>&#8222;immer noch da&#8220;<\/em>, ist einfach nicht tot zu kriegen. Sogar <em>&#8222;wachen Blick&#8220;<\/em> muss Robin ihr bescheinigen. Wo er recht hat, hat er recht, und sei es nur mit dieser einen Phrase unter, gef\u00fchlt, siebentausend W\u00f6rtern.\u00a0<\/span><\/p>\n<p style=\"text-align: center;\"><a href=\"https:\/\/i0.wp.com\/www.berlin.freidenker.org\/wp-content\/uploads\/2017\/04\/laura-von-nrhz.jpg?ssl=1\"><img data-recalc-dims=\"1\" loading=\"lazy\" decoding=\"async\" class=\"alignnone size-full wp-image-3754\" src=\"https:\/\/i0.wp.com\/www.berlin.freidenker.org\/wp-content\/uploads\/2017\/04\/laura-von-nrhz.jpg?resize=440%2C330&#038;ssl=1\" alt=\"\" width=\"440\" height=\"330\" srcset=\"https:\/\/i0.wp.com\/www.berlin.freidenker.org\/wp-content\/uploads\/2017\/04\/laura-von-nrhz.jpg?w=440&amp;ssl=1 440w, https:\/\/i0.wp.com\/www.berlin.freidenker.org\/wp-content\/uploads\/2017\/04\/laura-von-nrhz.jpg?resize=300%2C225&amp;ssl=1 300w\" sizes=\"auto, (max-width: 440px) 100vw, 440px\" \/><\/a><\/p>\n<p style=\"text-align: left;\">Leider, schrullig ist die alte Dame nicht (die schon f\u00fcr den Frieden demonstrierte, als Robin noch ein Hosenschei\u00dferchen war). Sie wei\u00df genau, was sie sagt (Zitate aus dem Artikel):<\/p>\n<p style=\"text-align: left;\"><em>&#8222;Russland ist gefragt worden von Assad, also ganz im Sinne des V\u00f6lkerrechts voran gegangen.&#8220; Assad sei dabei ein Politiker, der nicht schlimmer und nicht besser sei, als andere Politiker, die im Nahen Osten agieren. Der russische Einsatz trage zudem dazu bei, dass &#8222;dieses Land nicht v\u00f6llig auseinanderf\u00e4llt&#8220;, das Ziel seien freie Wahlen.&#8220;<\/em><\/p>\n<p style=\"text-align: left;\">&#8222;Wir machen absolut nichts mit, was in Richtung Rassismus geht&#8220;.<\/p>\n<p style=\"text-align: left;\"><em>&#8222;Wenn unsere Presse sauber arbeiten w\u00fcrde, dann w\u00e4re man auf diese Medien (gemeint ist &#8222;rt&#8220; &#8211; Opa) nicht so angewiesen&#8220;, sagt sie. Und Ken Jebsen? Dem werde in Sachen Antisemtimus vieles angedichtet. Als sie mit ihm gesprochen habe, habe sie den Eindruck gewonnen: Eigentlich ist er ein sehr kluger Kopf, der in den vergangenen Jahren auch viel gelernt habe.&#8220;<\/em><\/p>\n<p style=\"text-align: left;\"><em>&#8222;Denn wenn die USA und Russland einen Krieg beginnen, wird der auf deutschem Boden ausgetragen werden.&#8220;<\/em><\/p>\n<p style=\"text-align: left;\">Wie soll Robin daraus Honig saugen? Dass\u00a0Laura &#8222;betroffen&#8220; schaut und &#8222;am \u00c4rmel ihres roten Oberteils&#8220; nestelt, wenn es um den Friedenswinter 2014 geht, ist f\u00fcr einen<a href=\"https:\/\/www.ems-babelsberg.de\/person\/absolventen\/robin-avram\" target=\"_blank\">\u00a0ems-gest\u00e4hlten<\/a> Qualit\u00e4tsjournalisten (&#8222;aus einem Haar auf &#8217;ner Glatze eine Locke drehen&#8220;) vielleicht doch etwas d\u00fcnn. Wie w\u00e4r&#8217;s denn damit:<\/p>\n<p style=\"text-align: center;\"><strong><em>&#8222;Im Auslegen seid frisch und munter\u00a0<\/em><\/strong><br \/>\n<strong> <em> Legt ihrs nicht aus, so legt was unter.&#8220;<\/em><\/strong><\/p>\n<p style=\"text-align: center;\"><a href=\"http:\/\/gutenberg.spiegel.de\/buch\/gedichte-ausgabe-letzter-hand-7129\/320\" target=\"_blank\">(vom Altmeister, zahm)<\/a><\/p>\n<p style=\"text-align: left;\">Und Robin legt los. An, aus, dr\u00fcber, drunter. Sie sei doch ein B\u00fcndnis eingegangen\u00a0<em>&#8222;mit halbseidenen Organisationen, in denen sich Fremdenfeinde, Antisemiten und Verschw\u00f6rungstheoretiker tummeln.&#8220; &#8222;Der Ex-rbb-Moderator Ken Jebsen &#8230; schwadronierte von der Herrschaft j\u00fcdischer Lobbyisten und erkl\u00e4rte, die deutsche Presse sei von der Nato gekauft.&#8220; &#8222;Doch bei gemeinsamen Veranstaltungen von klassischer und neurechter Friedensbewegung traten weiterhin Redner auf, die antisemitische Verschw\u00f6rungstheorien verbreiteten und vor einer \u00dcberfremdung warnten.&#8220; &#8222;&#8230; Giftgaseinsatz Assads gegen die eigene Bev\u00f6lkerung.&#8220; &#8222;russische(n) Annexion der Krim&#8220; &#8222;Die Zeiten, f\u00fcr Laura Wimmersperg haben sie sich gar nicht so sehr ge\u00e4ndert. Vor der Wende war sie Mitglied der Sozialistischen Einheitspartei West-Berlin (SEW), die der SED nahestand.&#8220;<\/em><\/p>\n<p style=\"text-align: left;\">Liebe Leserin, lieber Leser, gen\u00fcgen diese Beispiele?<\/p>\n<p style=\"text-align: left;\">Sie verlangen hoffentlich nicht, dass ich dieses Sammelsurium bewusst gestreuter B\u00f6sartigkeiten ein weiteres mal (zum eintauseneinten mal) aufdr\u00f6sele und widerlege. Ich verweise auf die 86 Kommentare, in denen Herr Avram (neben dem Zuspruch einiger Claqueure) ausreichend Nachhilfe erhalten hat bzw. Blamage ernten konnte. (EINE Perle aber eines Avram-Begeisterten m\u00f6chte ich nicht vorenthalten: <em>&#8222;Das diese Frau, die die Partei unterst\u00fctzt, die so viel Elend \u00fcber Deutschland gebracht hat, nicht alles versteht, ist nur zu gut verst\u00e4ndlich ! Ein Schlag ins Gesicht der tausenden Opfer der SED Diktatur, dass sie sich hier als kommunistischer Friedensengel darstellen will und kann &#8211; unglaublich !&#8220;<\/em>)<\/p>\n<p style=\"text-align: left;\">Uli Gellermann (<a href=\"http:\/\/www.rationalgalerie.de\/home\/rationalgalerie-macht-pause.html\" target=\"_blank\">dem ich herzlich Genesung w\u00fcnsche<\/a>) hat es auf den Punkt gebracht: <a href=\"http:\/\/www.rationalgalerie.de\/home\/assad-muss-weg.html\" target=\"_blank\">&#8222;<strong>Also zum Mitschreiben und f\u00fcr die Justiz: Der Rundfunk Berlin-Brandenburg (rbb) l\u00e4sst seinen Mitarbeiter Robin Avram lauthals l\u00fcgen.&#8220;<\/strong>\u00a0<\/a><\/p>\n<p style=\"text-align: left;\">Letzte Bemerkung:\u00a0EIN Markenzeichen der kommenden Edelfeder R. A. k\u00f6nnte es sein, dass neben Falschaussagen, die ihm Kommentatoren nachweisen (und die er beinhart verteidigt), <a href=\"http:\/\/www.rbb-online.de\/wirtschaft\/thema\/2016\/pendleratlas\/beitraege\/Reportage-Pendler-Potsdam-Berlin.html\" target=\"_blank\">am Ende seiner Arbeiten<\/a>\u00a0schon mal Korrekturen angegeben sind. Ein Mann also, der die Gr\u00f6\u00dfe hat, sich zu korrigieren? Leider betreffen die Korrekturen vergleichsweise nebens\u00e4chliche Details. Also doch wohl eher jemand, der zwar trefflich hetzt aber schlampig schreibt.<\/p>\n","protected":false},"excerpt":{"rendered":"<p>ist das zwar nicht witzig aber grotesk. Lachen mag ich trotzdem nicht, denn er &#8211; &#8222;Robin Avram&#8220;, nicht zu verwechseln mit Ms. &#8222;Robin Dubin Avram&#8220; &#8211; hat sich flei\u00dfig ausgebildet, soll hei\u00dfen: Er pinkelt so gezielt, dass auch der Gutwilligste sich gest\u00f6rt f\u00fchlen muss. Doch der Reihe nach: Eine liebe Freundin schickt mir eine Mail, [&hellip;]<\/p>\n","protected":false},"author":4,"featured_media":0,"comment_status":"open","ping_status":"open","sticky":false,"template":"","format":"standard","meta":{"jetpack_post_was_ever_published":false,"_jetpack_newsletter_access":"","_jetpack_dont_email_post_to_subs":true,"_jetpack_newsletter_tier_id":0,"_jetpack_memberships_contains_paywalled_content":false,"_jetpack_memberships_contains_paid_content":false,"footnotes":""},"categories":[49,14,22,45,24,175,21,8,23,31],"tags":[530,59,532,41,529,531,70],"class_list":["post-3732","post","type-post","status-publish","format-standard","hentry","category-aufklaerung","category-aktivitaeten-des-dfv-berlin","category-friedensaktionen","category-friedensbewegung","category-friko-berlin","category-nato","category-politik","category-standpunkte","category-syrien","category-ukraine","tag-ems-potsdam","tag-freidenker","tag-gellermann","tag-ken-jebsen","tag-laura-von-wimmersperg","tag-mahnwache","tag-ostermarsch"],"jetpack_featured_media_url":"","jetpack_shortlink":"https:\/\/wp.me\/py5dN-Yc","jetpack_sharing_enabled":true,"_links":{"self":[{"href":"https:\/\/www.berlin.freidenker.org\/index.php?rest_route=\/wp\/v2\/posts\/3732","targetHints":{"allow":["GET"]}}],"collection":[{"href":"https:\/\/www.berlin.freidenker.org\/index.php?rest_route=\/wp\/v2\/posts"}],"about":[{"href":"https:\/\/www.berlin.freidenker.org\/index.php?rest_route=\/wp\/v2\/types\/post"}],"author":[{"embeddable":true,"href":"https:\/\/www.berlin.freidenker.org\/index.php?rest_route=\/wp\/v2\/users\/4"}],"replies":[{"embeddable":true,"href":"https:\/\/www.berlin.freidenker.org\/index.php?rest_route=%2Fwp%2Fv2%2Fcomments&post=3732"}],"version-history":[{"count":28,"href":"https:\/\/www.berlin.freidenker.org\/index.php?rest_route=\/wp\/v2\/posts\/3732\/revisions"}],"predecessor-version":[{"id":3762,"href":"https:\/\/www.berlin.freidenker.org\/index.php?rest_route=\/wp\/v2\/posts\/3732\/revisions\/3762"}],"wp:attachment":[{"href":"https:\/\/www.berlin.freidenker.org\/index.php?rest_route=%2Fwp%2Fv2%2Fmedia&parent=3732"}],"wp:term":[{"taxonomy":"category","embeddable":true,"href":"https:\/\/www.berlin.freidenker.org\/index.php?rest_route=%2Fwp%2Fv2%2Fcategories&post=3732"},{"taxonomy":"post_tag","embeddable":true,"href":"https:\/\/www.berlin.freidenker.org\/index.php?rest_route=%2Fwp%2Fv2%2Ftags&post=3732"}],"curies":[{"name":"wp","href":"https:\/\/api.w.org\/{rel}","templated":true}]}}