{"id":3763,"date":"2017-04-21T08:51:31","date_gmt":"2017-04-21T06:51:31","guid":{"rendered":"http:\/\/www.berlin.freidenker.org\/?p=3763"},"modified":"2017-04-23T11:37:42","modified_gmt":"2017-04-23T09:37:42","slug":"%ef%bb%bffuenf-voraussetzungen-fuer-die-enthuellung-von-kriminellen-staatsverschwoerungen","status":"publish","type":"post","link":"https:\/\/www.berlin.freidenker.org\/?p=3763","title":{"rendered":"\ufeffF\u00fcnf Voraussetzungen f\u00fcr die Enth\u00fcllung von kriminellen Staatsverschw\u00f6rungen"},"content":{"rendered":"<p style=\"text-align: center;\">\u00a0von Freidenker Elias Davidsson<\/p>\n<p><em>Der Begriff der kriminellen Staatsverschw\u00f6rungen weist auf strafbare Machenschaften hin, die von den h\u00f6chsten Instanzen eines Staates im Namen und im mutma\u00dflichen Interesse des Staates begangen werden. Es handelt sich also nicht um private Straftaten von Machthabern. Es wird immer wieder behauptet \u2013 besonders in Bezug auf 9\/11 \u2013 dass gro\u00dfe Staatsverschw\u00f6rungen auffliegen w\u00fcrden, da sicherlich \u201cjemand ausplaudern wird\u201d. Man w\u00fcrde es sich zwar so w\u00fcnschen, aber diese Vorstellung ist naiv und unbegr\u00fcndet, wie es hier erkl\u00e4rt wird.<\/em><\/p>\n<p><em>Damit kriminelle staatliche Verschw\u00f6rungen auffliegen, m\u00fcssen f\u00fcnf Voraussetzungen gleichzeitig erf\u00fcllt werden, die h\u00f6chst selten oder nie vorhanden sind:<\/em><\/p>\n<p><em>1. Die Person muss von einem Staatsverbrechen unmittelbare Kenntnis haben und es belegen k\u00f6nnen.<\/em><\/p>\n<p><em>2. Die Person muss bereit sein ihre Geheimhaltungspflicht zu verletzen und die unberechenbaren Konsequenzen zu tragen (Entlassung, Gef\u00e4ngnis oder sogar Tod).<\/em><\/p>\n<p><em>3. Die Person muss bereit sein ihre MitarbeiterInnen zu verraten.<\/em><\/p>\n<p><em>4. Die Person muss einen vertrauensw\u00fcrdigen Journalisten kennen, der sie nicht verraten wird.<\/em><\/p>\n<p><em>5. Ein Chefredakteur muss vorhanden sein, der bereit und in der Lage ist die Information zu publizieren und die pers\u00f6nlichen Konsequenzen zu tragen.<\/em><\/p>\n<p><em>Nur wenige F\u00e4lle von solchen Enth\u00fcllungen sind bekannt. Enth\u00fcller (\u201cwhistleblower\u201d) wie Mordechai Vanunu und Edward Snowden mussten ein hohen Preis f\u00fcr ihre mutige Tat bezahlen. Vanunu wurde zu 18 Jahren Haft in Israel verurteilt, davon 11 Jahren in Einzelhaft. Er darf trotzdem nicht mit fremden Journalisten sprechen und das Land verlassen. Snowden musste Asyl in Russland erhalten und kann sich nicht mal in West Europa sicher aufhalten. Wenn Journalisten sich nicht mal trauen in ihren Ver\u00f6ffentlichungen den Verdacht zu er\u00f6rtern, dass staatliche Instanzen gelegentlich ihre B\u00fcrger ermorden \u2013 wie z.B. im Fall Buback oder des NSU \u2013 wie soll jemand erwarten, dass Geheimnistr\u00e4ger ihre Freiheit oder Leben durch die Enth\u00fcllung von Staatsverschw\u00f6rungen gef\u00e4hrden werden?<\/em><\/p>\n<p><em>Wer so mutig ist, soll bitte die Hand aufheben! Im Fall 9\/11 sind die Namen von einigen Menschen bereits bekannt, die Insider-Wissen besa\u00dfen und in ungekl\u00e4rten Umst\u00e4nden starben.<\/em><\/p>\n<p>Elias Davidsson war vor einiger Zeit Gast unserer Berliner Gespr\u00e4chsrunde. U. a.\u00a0<a href=\"https:\/\/www.berlin.freidenker.org\/?s=Davidsson+\" target=\"_blank\">hier<\/a> haben wir davon berichtet. Seine beiden markanten Beitr\u00e4ge zum &#8222;Berliner Anschlag&#8220;\u00a0sind<a href=\"https:\/\/opablog.net\/?s=%22Berliner+Anschlag%22\" target=\"_blank\"> hier <\/a>nachzulesen.<a href=\"https:\/\/www.berlin.freidenker.org\/?p=3419\" target=\"_blank\">\u00a0Hier <\/a>haben wir sein neues Buch angezeigt. Gerade in diesen Tagen ging ein neues Gespr\u00e4ch von Ken Jebsen mit Elias Davidsson online:<\/p>\n<p style=\"text-align: center;\"><iframe loading=\"lazy\" src=\"\/\/www.youtube.com\/embed\/ICpuRTJlAU4\" width=\"500\" height=\"314\" allowfullscreen=\"allowfullscreen\"><\/iframe><\/p>\n","protected":false},"excerpt":{"rendered":"<p>\u00a0von Freidenker Elias Davidsson Der Begriff der kriminellen Staatsverschw\u00f6rungen weist auf strafbare Machenschaften hin, die von den h\u00f6chsten Instanzen eines Staates im Namen und im mutma\u00dflichen Interesse des Staates begangen werden. Es handelt sich also nicht um private Straftaten von Machthabern. Es wird immer wieder behauptet \u2013 besonders in Bezug auf 9\/11 \u2013 dass gro\u00dfe [&hellip;]<\/p>\n","protected":false},"author":4,"featured_media":0,"comment_status":"open","ping_status":"open","sticky":false,"template":"","format":"standard","meta":{"jetpack_post_was_ever_published":false,"_jetpack_newsletter_access":"","_jetpack_dont_email_post_to_subs":true,"_jetpack_newsletter_tier_id":0,"_jetpack_memberships_contains_paywalled_content":false,"_jetpack_memberships_contains_paid_content":false,"footnotes":""},"categories":[49,14,46,175,21,8],"tags":[85,405,487,109,187,503],"class_list":["post-3763","post","type-post","status-publish","format-standard","hentry","category-aufklaerung","category-aktivitaeten-des-dfv-berlin","category-freidenker-im-gespraech","category-nato","category-politik","category-standpunkte","tag-85","tag-berliner-anschlag","tag-davidsson","tag-kenfm","tag-terror","tag-tiefer-staat"],"jetpack_featured_media_url":"","jetpack_shortlink":"https:\/\/wp.me\/py5dN-YH","jetpack_sharing_enabled":true,"_links":{"self":[{"href":"https:\/\/www.berlin.freidenker.org\/index.php?rest_route=\/wp\/v2\/posts\/3763","targetHints":{"allow":["GET"]}}],"collection":[{"href":"https:\/\/www.berlin.freidenker.org\/index.php?rest_route=\/wp\/v2\/posts"}],"about":[{"href":"https:\/\/www.berlin.freidenker.org\/index.php?rest_route=\/wp\/v2\/types\/post"}],"author":[{"embeddable":true,"href":"https:\/\/www.berlin.freidenker.org\/index.php?rest_route=\/wp\/v2\/users\/4"}],"replies":[{"embeddable":true,"href":"https:\/\/www.berlin.freidenker.org\/index.php?rest_route=%2Fwp%2Fv2%2Fcomments&post=3763"}],"version-history":[{"count":4,"href":"https:\/\/www.berlin.freidenker.org\/index.php?rest_route=\/wp\/v2\/posts\/3763\/revisions"}],"predecessor-version":[{"id":3767,"href":"https:\/\/www.berlin.freidenker.org\/index.php?rest_route=\/wp\/v2\/posts\/3763\/revisions\/3767"}],"wp:attachment":[{"href":"https:\/\/www.berlin.freidenker.org\/index.php?rest_route=%2Fwp%2Fv2%2Fmedia&parent=3763"}],"wp:term":[{"taxonomy":"category","embeddable":true,"href":"https:\/\/www.berlin.freidenker.org\/index.php?rest_route=%2Fwp%2Fv2%2Fcategories&post=3763"},{"taxonomy":"post_tag","embeddable":true,"href":"https:\/\/www.berlin.freidenker.org\/index.php?rest_route=%2Fwp%2Fv2%2Ftags&post=3763"}],"curies":[{"name":"wp","href":"https:\/\/api.w.org\/{rel}","templated":true}]}}