{"id":3863,"date":"2017-05-02T21:19:00","date_gmt":"2017-05-02T19:19:00","guid":{"rendered":"http:\/\/www.berlin.freidenker.org\/?p=3863"},"modified":"2017-05-02T21:19:00","modified_gmt":"2017-05-02T19:19:00","slug":"gegen-die-benachteiligung-konfessionsfreier-menschen-in-deutschland","status":"publish","type":"post","link":"https:\/\/www.berlin.freidenker.org\/?p=3863","title":{"rendered":"Gegen die Benachteiligung konfessionsfreier Menschen in Deutschland"},"content":{"rendered":"<p style=\"text-align: center;\"><em><span class=\"namefield surname\">Karlheinz Schulz, eines unserer \u00e4ltesten aktiven Mitglieder, hat uns, zusammen mit seiner Partnerin\u00a0<span class=\"namefield firstname\">Ingeborg<\/span> Neuendorf, auf die Aktivit\u00e4ten des Humanistischen Verbandes Deutschland gegen die Benachteiligung nichtreligi\u00f6ser Menschen in Deutschland aufmerksam gemacht.\u00a0<\/span><\/em><\/p>\n<p>Der Humanistische Verband hat 2015 einen Bericht herausgebracht, <strong>&#8222;Gl\u00e4serne W\u00e4nde&#8220;<\/strong>, um <em>&#8222;das Wissen \u00fcber die vielf\u00e4ltigen und teils gravierenden Formen der Diskriminierung nichtgl\u00e4ubiger Menschen zu verbessern<\/em>&#8222;. Auf der <a href=\"http:\/\/www.glaeserne-waende.de\/\" target=\"_blank\">dortigen Webseite<\/a> hei\u00dft es: <em>&#8222;Die kompakte Brosch\u00fcre beschreibt auf knapp 100 Seiten, in welchen Bereichen B\u00fcrgerinnen und B\u00fcrger ohne religi\u00f6ses Bekenntnis benachteiligt werden und verweist auf aktuelle Konfliktfelder. Zus\u00e4tzlich erl\u00e4utert der Bericht politische und rechtliche Hintergr\u00fcnde des Status quo und nennt Fallbeispiele. Erg\u00e4nzt werden die Darstellungen durch Vorschl\u00e4ge, wie die Politik Benachteiligungen abbauen k\u00f6nnte.&#8220; <\/em>Wer mehr wissen m\u00f6chte, kann den Bericht<a href=\"http:\/\/www.glaeserne-waende.de\/media\/2015\/08\/Glaeserne-Waende-2015-web.pdf\" target=\"_blank\"> hier<\/a> kostenlos downladen.<\/p>\n<p>Zugleich haben uns beide auch mit dem <a href=\"http:\/\/www.reformation2017.jetzt\/aufruf\/\" target=\"_blank\">&#8222;Aufruf zum 500. Reformationsjubil\u00e4um 2017&#8220;<\/a> bekannt gemacht und den dazugeh\u00f6rigen 33 &#8222;<strong>Thesen gegen die Benachteiligung konfessionsfreier Menschen in Deutschland&#8220;<\/strong>. Diese k\u00f6nnen <a href=\"http:\/\/www.reformation2017.jetzt\/media\/2016\/12\/thesenanschlag-04-bund-02-ohne-marken.pdf\" target=\"_blank\">hier<\/a>\u00a0downgeladen werden.<\/p>\n<p>Der Deutsche Freidenker-Verband hat bekanntlich das <strong>Heft 4\/2016 des &#8222;Freidenkers&#8220; dem Problemkreis &#8222;Religion\/Religiosit\u00e4t\/Reformation&#8220;<\/strong> gewidmet. Dort sind auch die Thesen zur Religion abgedruckt, die der Verbandstag 2016 beschlossen hat.<\/p>\n<p style=\"text-align: center;\"><a href=\"https:\/\/i0.wp.com\/www.berlin.freidenker.org\/wp-content\/uploads\/2017\/05\/freidenker-16-04-blog.jpg?ssl=1\"><img data-recalc-dims=\"1\" loading=\"lazy\" decoding=\"async\" class=\"alignnone size-full wp-image-3866\" src=\"https:\/\/i0.wp.com\/www.berlin.freidenker.org\/wp-content\/uploads\/2017\/05\/freidenker-16-04-blog.jpg?resize=500%2C708&#038;ssl=1\" alt=\"\" width=\"500\" height=\"708\" srcset=\"https:\/\/i0.wp.com\/www.berlin.freidenker.org\/wp-content\/uploads\/2017\/05\/freidenker-16-04-blog.jpg?w=500&amp;ssl=1 500w, https:\/\/i0.wp.com\/www.berlin.freidenker.org\/wp-content\/uploads\/2017\/05\/freidenker-16-04-blog.jpg?resize=212%2C300&amp;ssl=1 212w\" sizes=\"auto, (max-width: 500px) 100vw, 500px\" \/><\/a><\/p>\n<p style=\"text-align: center;\"><em>Mein Dank gilt Karlheinz und Ingeborg f\u00fcr ihren &#8222;Blick \u00fcber den Gartenzaun&#8220;, der mithilft, die religionskritischen Diskussionen im Jubil\u00e4umsjahr der Reformation zu f\u00f6rdern.\u00a0<\/em><\/p>\n","protected":false},"excerpt":{"rendered":"<p>Karlheinz Schulz, eines unserer \u00e4ltesten aktiven Mitglieder, hat uns, zusammen mit seiner Partnerin\u00a0Ingeborg Neuendorf, auf die Aktivit\u00e4ten des Humanistischen Verbandes Deutschland gegen die Benachteiligung nichtreligi\u00f6ser Menschen in Deutschland aufmerksam gemacht.\u00a0 Der Humanistische Verband hat 2015 einen Bericht herausgebracht, &#8222;Gl\u00e4serne W\u00e4nde&#8220;, um &#8222;das Wissen \u00fcber die vielf\u00e4ltigen und teils gravierenden Formen der Diskriminierung nichtgl\u00e4ubiger Menschen zu [&hellip;]<\/p>\n","protected":false},"author":4,"featured_media":0,"comment_status":"open","ping_status":"open","sticky":false,"template":"","format":"standard","meta":{"jetpack_post_was_ever_published":false,"_jetpack_newsletter_access":"","_jetpack_dont_email_post_to_subs":false,"_jetpack_newsletter_tier_id":0,"_jetpack_memberships_contains_paywalled_content":false,"_jetpack_memberships_contains_paid_content":false,"footnotes":""},"categories":[49,46,19,80,8],"tags":[59,554,555],"class_list":["post-3863","post","type-post","status-publish","format-standard","hentry","category-aufklaerung","category-freidenker-im-gespraech","category-kultur","category-religion","category-standpunkte","tag-freidenker","tag-humanistischer-verband","tag-reformation"],"jetpack_featured_media_url":"","jetpack_shortlink":"https:\/\/wp.me\/py5dN-10j","jetpack_sharing_enabled":true,"_links":{"self":[{"href":"https:\/\/www.berlin.freidenker.org\/index.php?rest_route=\/wp\/v2\/posts\/3863","targetHints":{"allow":["GET"]}}],"collection":[{"href":"https:\/\/www.berlin.freidenker.org\/index.php?rest_route=\/wp\/v2\/posts"}],"about":[{"href":"https:\/\/www.berlin.freidenker.org\/index.php?rest_route=\/wp\/v2\/types\/post"}],"author":[{"embeddable":true,"href":"https:\/\/www.berlin.freidenker.org\/index.php?rest_route=\/wp\/v2\/users\/4"}],"replies":[{"embeddable":true,"href":"https:\/\/www.berlin.freidenker.org\/index.php?rest_route=%2Fwp%2Fv2%2Fcomments&post=3863"}],"version-history":[{"count":4,"href":"https:\/\/www.berlin.freidenker.org\/index.php?rest_route=\/wp\/v2\/posts\/3863\/revisions"}],"predecessor-version":[{"id":3868,"href":"https:\/\/www.berlin.freidenker.org\/index.php?rest_route=\/wp\/v2\/posts\/3863\/revisions\/3868"}],"wp:attachment":[{"href":"https:\/\/www.berlin.freidenker.org\/index.php?rest_route=%2Fwp%2Fv2%2Fmedia&parent=3863"}],"wp:term":[{"taxonomy":"category","embeddable":true,"href":"https:\/\/www.berlin.freidenker.org\/index.php?rest_route=%2Fwp%2Fv2%2Fcategories&post=3863"},{"taxonomy":"post_tag","embeddable":true,"href":"https:\/\/www.berlin.freidenker.org\/index.php?rest_route=%2Fwp%2Fv2%2Ftags&post=3863"}],"curies":[{"name":"wp","href":"https:\/\/api.w.org\/{rel}","templated":true}]}}