{"id":3884,"date":"2017-05-08T09:49:26","date_gmt":"2017-05-08T07:49:26","guid":{"rendered":"http:\/\/www.berlin.freidenker.org\/?p=3884"},"modified":"2017-05-08T09:51:35","modified_gmt":"2017-05-08T07:51:35","slug":"wer-schrieb-der-liberalismus-als-hoechstes-stadium-des-kapitalismus","status":"publish","type":"post","link":"https:\/\/www.berlin.freidenker.org\/?p=3884","title":{"rendered":"Wer schrieb &#8222;Der Liberalismus als h\u00f6chstes Stadium des Kapitalismus&#8220;?"},"content":{"rendered":"<p>Niemand?<\/p>\n<p>Welch ein Mangel!<\/p>\n<p>Da hat man sich seit einem Jahrhundert mit offenbar (Vorsicht Ironie!) leeren Worth\u00fclsen, wie &#8222;Imperialismus&#8220; herumgeschlagen, w\u00e4hrend es in Wahrheit um viel Gr\u00f6\u00dferes h\u00e4tte gehen m\u00fcssen: Um Offen-, Offen-, \u00a0Offenheit zum Beispiel, um die familiale Karriere von Schwulenpaaren, um Frauenquoten in DAX-Vorst\u00e4nden, um den Sieg der pinken Strickm\u00fctze!<\/p>\n<p>Jetzt endlich hat uns<a href=\"https:\/\/linkezeitung.de\/2017\/05\/06\/frankreich-liberale-hoffnung\/\" target=\"_blank\" rel=\"noopener noreferrer\"> F\u00fclberth in der &#8222;UZ&#8220;<\/a> \u00fcber den Liberalismus aufgekl\u00e4rt. Gut, diese Differenzierungen zu kennen: &#8222;urspr\u00fcnglicher Liberalismus&#8220;, &#8222;Manchesterliberalismus&#8220;, &#8222;Nationalliberalismus&#8220;, &#8222;Linksliberalismus&#8220;, &#8222;Sozialliberalismus&#8220;, &#8222;Liberalkonservativismus&#8220;, endlich &#8222;Neoliberalismus&#8220;.<\/p>\n<p>Endlich! Mit dem Neoliberalismus hat sich die Welt doch sehr vereinfacht, besonders f\u00fcr die grundst\u00fcrzenden Linken:\u00a0Den Imperialismus haben sie seit Jahrzehnten\u00a0vergessen. Noch l\u00e4nger ist ihnen Lenin ein toter Hund. Der Neoliberalismus gilt als allm\u00e4chtig &#8211; h\u00e4ssliche Fratze aber TINA und mit \u00fcberzeugendem Menschenrechtsgetue. Und was sich die Linke nennt, k\u00e4mpft wie besessen\u00a0f\u00fcr die Verbesserung dieses Neolib. Wer einst Kapitalistenfresser war, parliert jetzt \u00fcber Transformation, oder &#8211; letzter Schrei im Lutherjahr! &#8211; schreibt <a href=\"https:\/\/www.freitag.de\/autoren\/joachim-petrick\/botschaft-aus-dem-linken-elysium\" target=\"_blank\">Thesen zur Reformation<\/a>.<\/p>\n<p>Wer Imperialismus nicht kennt, sollte \u00fcber Faschismus schweigen. Sonst setzt\u00a0er bald die erstbeste nationalistische Dumpfbacke mit\u00a0einem Faschisten gleich und zelebriert gemeinsam mit zivilgesellschaftlich zertifizierten Blutgesellen (etwa Clinton, Steinmeier, Merkel) Gedenkfeiern f\u00fcr Opfer des Faschismus.<\/p>\n<p>In der sich heute &#8222;Neoliberalismus&#8220; nennenden Entwicklungsstufe des von den USA gepr\u00e4gten Imperialismus k\u00e4mpfen zwei (nicht eindeutig abgrenzbare) Kapitalfraktionen um die Macht &#8211; die als &#8222;globalistisch&#8220; bezeichnete, deren Hauptkr\u00e4fte st\u00e4rker im spekulativen Kapital verankert sind und eine andere, ihren Nationalismus in den Vordergrund r\u00fcckende, die st\u00e4rker im imperialistischen (!) Industriekapital wurzelt.<\/p>\n<p>Die erstgenannte Fraktion hat bisher geherrscht und dominiert vorerst. Sie hat die Welt nicht nur an den Rand eines sehr gro\u00dfen Krieges gebracht, sondern auch zugleich die Gefahr des eigenen Machtverlustes bis hin zum Untergang des eigenen Systems hervorgerufen.<\/p>\n<p>Die zweite Fraktion ist zu einer taktischen Umorientierung bereit, um die Gefahr des eigenen Untergangs zu beseitigen und Kr\u00e4fte f\u00fcr &#8222;gro\u00dfe Zukunftsaufgaben&#8220; neu zu sammeln.<\/p>\n<p>Es handelt sich um Auseinandersetzungen innerhalb des &#8222;alten westlichen Imperialismus&#8220; vor dem Hintergrund strategischer Verschiebungen der \u00f6konomischen, politischen und milit\u00e4rischen Macht in der Welt.<\/p>\n<p>Linkssein heisst (ankn\u00fcpfend an die historischen Traditionen gro\u00dfer Klassenk\u00e4mpfe, deren wir besonders im Jahr 2017 gedenken) eine eigene konsequent emanzipatorische Position gegen jegliche Klassenherrschaft und Ausbeutung zu formulieren und politisch gegen BEIDE genannte Fraktionen aufzustehen. Es bedeutet dar\u00fcber hinaus, KEINESFALLS die herrschende Fraktion in irgend einer Weise zu unterst\u00fctzen. Es kann bedeuten, mit der jeweils NICHT herrschenden Fraktion begrenzte Zweckb\u00fcndnisse einzugehen. Angesichts der Desorientierung und realen politischen Machtlosigkeit der Linken scheint es mir vorrangig, dass sie ihre ideologische bzw. geistige Position kl\u00e4rt und es wieder lernt, diese offensiv zu vertreten.<\/p>\n","protected":false},"excerpt":{"rendered":"<p>Niemand? Welch ein Mangel! Da hat man sich seit einem Jahrhundert mit offenbar (Vorsicht Ironie!) leeren Worth\u00fclsen, wie &#8222;Imperialismus&#8220; herumgeschlagen, w\u00e4hrend es in Wahrheit um viel Gr\u00f6\u00dferes h\u00e4tte gehen m\u00fcssen: Um Offen-, Offen-, \u00a0Offenheit zum Beispiel, um die familiale Karriere von Schwulenpaaren, um Frauenquoten in DAX-Vorst\u00e4nden, um den Sieg der pinken Strickm\u00fctze! Jetzt endlich hat [&hellip;]<\/p>\n","protected":false},"author":4,"featured_media":0,"comment_status":"open","ping_status":"open","sticky":false,"template":"","format":"standard","meta":{"jetpack_post_was_ever_published":false,"_jetpack_newsletter_access":"","_jetpack_dont_email_post_to_subs":true,"_jetpack_newsletter_tier_id":0,"_jetpack_memberships_contains_paywalled_content":false,"_jetpack_memberships_contains_paid_content":false,"footnotes":""},"categories":[49,47,175,21,8],"tags":[152,565],"class_list":["post-3884","post","type-post","status-publish","format-standard","hentry","category-aufklaerung","category-nation","category-nato","category-politik","category-standpunkte","tag-imperialismus","tag-liberalismus"],"jetpack_featured_media_url":"","jetpack_shortlink":"https:\/\/wp.me\/py5dN-10E","jetpack_sharing_enabled":true,"_links":{"self":[{"href":"https:\/\/www.berlin.freidenker.org\/index.php?rest_route=\/wp\/v2\/posts\/3884","targetHints":{"allow":["GET"]}}],"collection":[{"href":"https:\/\/www.berlin.freidenker.org\/index.php?rest_route=\/wp\/v2\/posts"}],"about":[{"href":"https:\/\/www.berlin.freidenker.org\/index.php?rest_route=\/wp\/v2\/types\/post"}],"author":[{"embeddable":true,"href":"https:\/\/www.berlin.freidenker.org\/index.php?rest_route=\/wp\/v2\/users\/4"}],"replies":[{"embeddable":true,"href":"https:\/\/www.berlin.freidenker.org\/index.php?rest_route=%2Fwp%2Fv2%2Fcomments&post=3884"}],"version-history":[{"count":2,"href":"https:\/\/www.berlin.freidenker.org\/index.php?rest_route=\/wp\/v2\/posts\/3884\/revisions"}],"predecessor-version":[{"id":3886,"href":"https:\/\/www.berlin.freidenker.org\/index.php?rest_route=\/wp\/v2\/posts\/3884\/revisions\/3886"}],"wp:attachment":[{"href":"https:\/\/www.berlin.freidenker.org\/index.php?rest_route=%2Fwp%2Fv2%2Fmedia&parent=3884"}],"wp:term":[{"taxonomy":"category","embeddable":true,"href":"https:\/\/www.berlin.freidenker.org\/index.php?rest_route=%2Fwp%2Fv2%2Fcategories&post=3884"},{"taxonomy":"post_tag","embeddable":true,"href":"https:\/\/www.berlin.freidenker.org\/index.php?rest_route=%2Fwp%2Fv2%2Ftags&post=3884"}],"curies":[{"name":"wp","href":"https:\/\/api.w.org\/{rel}","templated":true}]}}