{"id":3950,"date":"2017-05-25T10:05:08","date_gmt":"2017-05-25T08:05:08","guid":{"rendered":"http:\/\/www.berlin.freidenker.org\/?p=3950"},"modified":"2017-05-25T10:05:08","modified_gmt":"2017-05-25T08:05:08","slug":"elias-davidsson-mahnt","status":"publish","type":"post","link":"https:\/\/www.berlin.freidenker.org\/?p=3950","title":{"rendered":"Elias Davidsson mahnt!"},"content":{"rendered":"<p style=\"text-align: center;\"><em>&#8222;Liebe Freunde,<\/em><\/p>\n<p style=\"text-align: center;\"><em>es w\u00e4re angemessen wegen der Ereignisse in Manchester, dass jeder, der sich schockiert f\u00fchlt, mein Buch <a href=\"http:\/\/zambon.net\/index.php?id=25&amp;tt_products%5BbackPID%5D=2&amp;tt_products%5Bproduct%5D=230&amp;cHash=3474feeeaa5bb0b0b316cec32e6f5c5d\" target=\"_blank\">&#8222;Psychologische Kriegsf\u00fchrung und gesellschaftliche Leugnung&#8220;<\/a> lesen sollte. Das wird Menschen helfen ihre Emp\u00f6rung gegen die wahren T\u00e4ter zu richten.<\/em><\/p>\n<p style=\"text-align: center;\"><em>Herzliche Gr\u00fc\u00dfe von Elias&#8220;<\/em><\/p>\n<p>Und in einer Mail setzt er hinzu: <em>&#8222;Und wieder eine &#8222;false flag&#8220; in Manchester. In diesem Fall wird die Jugend zum Hass gegen dem Islam erzogen und auch Musiker werden dazu erzogen. Es ist ersch\u00fctternd, wie dumm (oder schlimmer) unsere Linken zu dieser offensichtlichen psychologischen Kriegsf\u00fchrung gegen uns sich hingeben.&#8220;<\/em><\/p>\n<p>&nbsp;<\/p>\n<p>Wir, Webredaktion der Berliner Freidenker, m\u00f6chten kurz begr\u00fcnden, warum wir hier erneut Davidssons Position herausstellen:<\/p>\n<ol>\n<li>Wir kennen Elias Davidsson seit Langem. Hier ein <a href=\"https:\/\/www.youtube.com\/watch?v=rYuOvWTIA38&amp;t=46s\" target=\"_blank\">Video seines Vortrags<\/a>\u00a0aus dem Mai 2016 bei uns.<\/li>\n<li>Seinem neuestes Buch haben wir ganz bewusst <a href=\"https:\/\/www.berlin.freidenker.org\/?p=3419\" target=\"_blank\">gro\u00dfe Aufmerksamkeit<\/a> gewidmet. \u00dcber dieses Buch spricht Elias <a href=\"https:\/\/www.youtube.com\/watch?v=ICpuRTJlAU4&amp;t=1381s\" target=\"_blank\">im April 2017 ausf\u00fchrlich mit Ken Jebsen<\/a>.<\/li>\n<li>Wir unterst\u00fctzen mit aller Entschiedenheit den folgenden Ansatz, der sich durch alle \u00c4u\u00dferungen von Elias zum Terrorismus zieht bzw. diesen zu Grunde liegt und die wir so zusammenfassen:<\/li>\n<\/ol>\n<p><strong>Die Kritiker der sich ereignenden Verschw\u00f6rungs- und Terrorakte haben NICHT prim\u00e4r die Pflicht, die Wahrheit \u00fcber das Stattgefundene umfassend aufzudecken. Sie k\u00f6nnen dazu beitragen aber sie k\u00f6nnen regelm\u00e4\u00dfig nicht die l\u00fcckenlosen Beweise vorlegen. Daf\u00fcr gibt es Organe des Rechtsstaats, und diese d\u00fcrfen keinesfalls auf ihrer Pflicht entlassen werden. Wir m\u00fcssen &#8211; Elias Davidsson folgend &#8211; die eminent politische aufkl\u00e4rerische Arbeit leisten, die massenhaften Verletzungen der Pflichten unseres \u00a0Rechtsstaats durch diesen selbst aufzudecken, anzuprangern und die strikte Einhaltung seiner Regeln und Gesetze, sowie die Sanktionierung ihrer Verletzung fordern.<\/strong><\/p>\n","protected":false},"excerpt":{"rendered":"<p>&#8222;Liebe Freunde, es w\u00e4re angemessen wegen der Ereignisse in Manchester, dass jeder, der sich schockiert f\u00fchlt, mein Buch &#8222;Psychologische Kriegsf\u00fchrung und gesellschaftliche Leugnung&#8220; lesen sollte. Das wird Menschen helfen ihre Emp\u00f6rung gegen die wahren T\u00e4ter zu richten. Herzliche Gr\u00fc\u00dfe von Elias&#8220; Und in einer Mail setzt er hinzu: &#8222;Und wieder eine &#8222;false flag&#8220; in Manchester. [&hellip;]<\/p>\n","protected":false},"author":4,"featured_media":0,"comment_status":"open","ping_status":"open","sticky":false,"template":"","format":"standard","meta":{"jetpack_post_was_ever_published":false,"_jetpack_newsletter_access":"","_jetpack_dont_email_post_to_subs":false,"_jetpack_newsletter_tier_id":0,"_jetpack_memberships_contains_paywalled_content":false,"_jetpack_memberships_contains_paid_content":false,"footnotes":""},"categories":[49,14,46,175,21,8],"tags":[105,578,151],"class_list":["post-3950","post","type-post","status-publish","format-standard","hentry","category-aufklaerung","category-aktivitaeten-des-dfv-berlin","category-freidenker-im-gespraech","category-nato","category-politik","category-standpunkte","tag-elias-davidsson","tag-psychologische-kriegsfuehrung","tag-terrorismus"],"jetpack_featured_media_url":"","jetpack_shortlink":"https:\/\/wp.me\/py5dN-11I","jetpack_sharing_enabled":true,"_links":{"self":[{"href":"https:\/\/www.berlin.freidenker.org\/index.php?rest_route=\/wp\/v2\/posts\/3950","targetHints":{"allow":["GET"]}}],"collection":[{"href":"https:\/\/www.berlin.freidenker.org\/index.php?rest_route=\/wp\/v2\/posts"}],"about":[{"href":"https:\/\/www.berlin.freidenker.org\/index.php?rest_route=\/wp\/v2\/types\/post"}],"author":[{"embeddable":true,"href":"https:\/\/www.berlin.freidenker.org\/index.php?rest_route=\/wp\/v2\/users\/4"}],"replies":[{"embeddable":true,"href":"https:\/\/www.berlin.freidenker.org\/index.php?rest_route=%2Fwp%2Fv2%2Fcomments&post=3950"}],"version-history":[{"count":5,"href":"https:\/\/www.berlin.freidenker.org\/index.php?rest_route=\/wp\/v2\/posts\/3950\/revisions"}],"predecessor-version":[{"id":3955,"href":"https:\/\/www.berlin.freidenker.org\/index.php?rest_route=\/wp\/v2\/posts\/3950\/revisions\/3955"}],"wp:attachment":[{"href":"https:\/\/www.berlin.freidenker.org\/index.php?rest_route=%2Fwp%2Fv2%2Fmedia&parent=3950"}],"wp:term":[{"taxonomy":"category","embeddable":true,"href":"https:\/\/www.berlin.freidenker.org\/index.php?rest_route=%2Fwp%2Fv2%2Fcategories&post=3950"},{"taxonomy":"post_tag","embeddable":true,"href":"https:\/\/www.berlin.freidenker.org\/index.php?rest_route=%2Fwp%2Fv2%2Ftags&post=3950"}],"curies":[{"name":"wp","href":"https:\/\/api.w.org\/{rel}","templated":true}]}}