{"id":3962,"date":"2017-05-28T22:45:15","date_gmt":"2017-05-28T20:45:15","guid":{"rendered":"http:\/\/www.berlin.freidenker.org\/?p=3962"},"modified":"2017-05-28T22:45:15","modified_gmt":"2017-05-28T20:45:15","slug":"14-6-2017-berliner-runde-freidenker-im-gespraech","status":"publish","type":"post","link":"https:\/\/www.berlin.freidenker.org\/?p=3962","title":{"rendered":"14.6.2017  \u2013 \u201eBerliner Runde \u2013 Freidenker im Gespr\u00e4ch\u201c"},"content":{"rendered":"<h4 class=\"western\" align=\"center\"><span style=\"color: #008000;\"><strong>Achtung! \u2013 Unsere Veranstaltungen &#8222;Freidenker im Gespr\u00e4ch&#8220; finden seit einiger Zeit regelm\u00e4\u00dfig im Kieztreff Stralsunder Stra\u00dfe (Wedding) statt.\u00a0<\/strong><\/span><\/h4>\n<p align=\"center\"><span style=\"font-family: Arial, sans-serif;\"><span style=\"color: #333333;\"><span style=\"font-size: medium;\">Liebe Freidenkerin, lieber Freidenker, liebe Freunde,\u00a0wir laden <\/span><\/span><span style=\"color: #333333;\"><span style=\"font-size: medium;\">herzlich <\/span><\/span><span style=\"color: #333333;\"><span style=\"font-size: medium;\">ein zu unserer n\u00e4chsten \u00f6ffentlichen<\/span><\/span><\/span><\/p>\n<p align=\"center\"><strong><span style=\"color: #333333;\">\u201e<\/span><\/strong><strong><span style=\"color: #333333;\"><span style=\"font-family: Arial, sans-serif;\"><span style=\"font-size: large;\"><b>Berliner Runde \u2013 Freidenker im Gespr\u00e4ch\u201c<\/b><\/span><\/span><\/span><\/strong><\/p>\n<p align=\"center\"><span style=\"color: #333333;\"><span style=\"font-family: Arial, sans-serif;\"><span style=\"font-size: medium;\">am\u00a0<\/span><\/span><\/span><span style=\"color: #333333;\"><span style=\"font-family: Arial, sans-serif;\"><span style=\"font-size: medium;\">Mittwoch, dem <\/span><\/span><\/span><span style=\"color: #333333;\"><span style=\"font-family: Arial, sans-serif;\"><span style=\"font-size: medium;\">14<\/span><\/span><\/span><span style=\"color: #333333;\"><span style=\"font-family: Arial, sans-serif;\"><span style=\"font-size: medium;\">. Juni<\/span><\/span><\/span><span style=\"color: #333333;\"><span style=\"font-family: Arial, sans-serif;\"><span style=\"font-size: medium;\">\u00a02017, 18.<\/span><\/span><\/span><span style=\"color: #333333;\"><span style=\"font-family: Arial, sans-serif;\"><span style=\"font-size: medium;\">00<\/span><\/span><\/span><span style=\"color: #333333;\"><span style=\"font-family: Arial, sans-serif;\"><span style=\"font-size: medium;\"> Uhr\u00a0<\/span><\/span><\/span><span style=\"color: #333333;\"><span style=\"font-family: Arial, sans-serif;\"><span style=\"font-size: medium;\">im Kieztreff <\/span><\/span><\/span><span style=\"color: #333333;\"><span style=\"font-family: Arial, sans-serif;\"><span style=\"font-size: medium;\">Mitte, Stralsunder Stra\u00dfe 6, 13355 Berlin<span style=\"color: #ff0000;\">*<\/span><\/span><\/span><\/span><\/p>\n<p align=\"center\"><span style=\"color: #333333;\"><span style=\"font-family: Arial, sans-serif;\"><span style=\"font-size: medium;\">mit dem Titel:<\/span><\/span><\/span><\/p>\n<h2 style=\"text-align: center;\"><span style=\"color: #008000;\"><em>Das Lied wollte meiner Stimme zu hoch werden<\/em><\/span><\/h2>\n<h2 style=\"text-align: center;\"><span style=\"color: #008000;\">Martin Luther \u2013 Rebell und Reformator und dann?&#8230;<\/span><\/h2>\n<h3 style=\"text-align: center;\"><span style=\"color: #008000;\">mit<\/span><\/h3>\n<h2 style=\"text-align: center;\"><span style=\"color: #008000;\">Gina Pietsch,\u00a0Gesang <\/span><\/h2>\n<h2 style=\"text-align: center;\"><span style=\"color: #008000;\">und Christine Reumsch\u00fcssel, Piano.<\/span><\/h2>\n<p>&nbsp;<\/p>\n<p style=\"text-align: left;\" align=\"center\">&#8230; Dann wird er gegen Bauern als tolle Hunde und vollkommene Schweine hetzen, gegen T\u00fcrken als Gei\u00dfel Gottes, gegen Juden als Erzdiebe und R\u00e4uber, gegen Behinderte als teufels\u00e4hnlich, gegen Frauen als minderwertig wegen vieler Ausscheidung und wenig Geist.<br \/>\nUnpassend all das zur \u201eWittenbergischen Nachtigall\u201d, wie ihn der Schuhmacherdichter Hans Sachs nennt. Besonders die Lieder waren es, die die n\u00f6tigen Ver\u00e4nderungen bef\u00f6rderten, die \u201eMarseillaise der Reformation\u201d war dabei, wie Engels Luthers Lied \u201eEin feste Burg ist unser Gott\u201d nennt. Luther meinte die \u201eBefreiung vom r\u00f6mischen Joch\u201d, das Volk meinte dazu noch ein anderes Joch. Luther meinte, zum Dulden sind die Christen bestimmt. Die Bauern meinten, sie h\u00e4tten nun genug geduldet. Und langsam merkte auch er es.<\/p>\n<h3 style=\"text-align: left;\" align=\"center\">Von Erfolgen und Widerspr\u00fcchen eines Gro\u00dfen singen und erz\u00e4hlen <a href=\"http:\/\/www.ginapietsch.de\/\" target=\"_blank\">Gina Pietsch (voc)<\/a>, und <a href=\"http:\/\/www.theater-im-nikolaiviertel.de\/christine-reumschuessel\/\" target=\"_blank\">Christine Reumsch\u00fcssel (piano).<\/a><\/h3>\n<p align=\"center\">\u00a0<span style=\"color: #008000;\">Eintritt, wie immer, frei.\u00a0Um eine Spende wird gebeten.<\/span><\/p>\n<hr \/>\n<p style=\"text-align: left;\"><span style=\"color: #ff0000;\">* <\/span><a href=\"http:\/\/www.jahresringe-ev.de\/begegnungsstatten.html\" target=\"_blank\">Der Kieztreff <\/a>&#8211; &#8222;generations\u00fcbergreifender und kiezbezogener Treffpunkt f\u00fcr alle Anwohnergruppen&#8220; &#8211; ist etwa gleich weit entfernt (ca.\u00a0300m Fu\u00dfweg) von den U-Bahnh\u00f6fen Bernauer Stra\u00dfe oder Voltastra\u00dfe. Die Stralsunder Stra\u00dfe kreuzt die Brunnenstra\u00dfe. Im Bereich des Kieztreffs ist die Stralsunder Stra\u00dfe verkehrsberuhigt (ohne Autoverkehr), parkartig. Der Eingang zum Kieztreff ist von der Stralsunder Stra\u00dfe etwas zur\u00fcckgesetzt, Dank Ausschilderung aber trotzdem gut zu finden. Hier eine Karte:<\/p>\n<p style=\"text-align: center;\"><a href=\"https:\/\/i0.wp.com\/www.berlin.freidenker.org\/wp-content\/uploads\/2017\/05\/kieztreff.jpg?ssl=1\"><img data-recalc-dims=\"1\" loading=\"lazy\" decoding=\"async\" class=\"alignnone size-full wp-image-3972\" src=\"https:\/\/i0.wp.com\/www.berlin.freidenker.org\/wp-content\/uploads\/2017\/05\/kieztreff.jpg?resize=500%2C332&#038;ssl=1\" alt=\"\" width=\"500\" height=\"332\" srcset=\"https:\/\/i0.wp.com\/www.berlin.freidenker.org\/wp-content\/uploads\/2017\/05\/kieztreff.jpg?w=500&amp;ssl=1 500w, https:\/\/i0.wp.com\/www.berlin.freidenker.org\/wp-content\/uploads\/2017\/05\/kieztreff.jpg?resize=300%2C199&amp;ssl=1 300w\" sizes=\"auto, (max-width: 500px) 100vw, 500px\" \/><\/a><\/p>\n<p style=\"text-align: left;\">\n","protected":false},"excerpt":{"rendered":"<p>Achtung! \u2013 Unsere Veranstaltungen &#8222;Freidenker im Gespr\u00e4ch&#8220; finden seit einiger Zeit regelm\u00e4\u00dfig im Kieztreff Stralsunder Stra\u00dfe (Wedding) statt.\u00a0 Liebe Freidenkerin, lieber Freidenker, liebe Freunde,\u00a0wir laden herzlich ein zu unserer n\u00e4chsten \u00f6ffentlichen \u201eBerliner Runde \u2013 Freidenker im Gespr\u00e4ch\u201c am\u00a0Mittwoch, dem 14. Juni\u00a02017, 18.00 Uhr\u00a0im Kieztreff Mitte, Stralsunder Stra\u00dfe 6, 13355 Berlin* mit dem Titel: Das Lied [&hellip;]<\/p>\n","protected":false},"author":4,"featured_media":0,"comment_status":"open","ping_status":"open","sticky":false,"template":"","format":"standard","meta":{"jetpack_post_was_ever_published":false,"_jetpack_newsletter_access":"","_jetpack_dont_email_post_to_subs":false,"_jetpack_newsletter_tier_id":0,"_jetpack_memberships_contains_paywalled_content":false,"_jetpack_memberships_contains_paid_content":false,"footnotes":""},"categories":[49,14,46,19,80],"tags":[584,583,346,555],"class_list":["post-3962","post","type-post","status-publish","format-standard","hentry","category-aufklaerung","category-aktivitaeten-des-dfv-berlin","category-freidenker-im-gespraech","category-kultur","category-religion","tag-chanson","tag-gina-pietsch","tag-luther","tag-reformation"],"jetpack_featured_media_url":"","jetpack_shortlink":"https:\/\/wp.me\/py5dN-11U","jetpack_sharing_enabled":true,"_links":{"self":[{"href":"https:\/\/www.berlin.freidenker.org\/index.php?rest_route=\/wp\/v2\/posts\/3962","targetHints":{"allow":["GET"]}}],"collection":[{"href":"https:\/\/www.berlin.freidenker.org\/index.php?rest_route=\/wp\/v2\/posts"}],"about":[{"href":"https:\/\/www.berlin.freidenker.org\/index.php?rest_route=\/wp\/v2\/types\/post"}],"author":[{"embeddable":true,"href":"https:\/\/www.berlin.freidenker.org\/index.php?rest_route=\/wp\/v2\/users\/4"}],"replies":[{"embeddable":true,"href":"https:\/\/www.berlin.freidenker.org\/index.php?rest_route=%2Fwp%2Fv2%2Fcomments&post=3962"}],"version-history":[{"count":11,"href":"https:\/\/www.berlin.freidenker.org\/index.php?rest_route=\/wp\/v2\/posts\/3962\/revisions"}],"predecessor-version":[{"id":3974,"href":"https:\/\/www.berlin.freidenker.org\/index.php?rest_route=\/wp\/v2\/posts\/3962\/revisions\/3974"}],"wp:attachment":[{"href":"https:\/\/www.berlin.freidenker.org\/index.php?rest_route=%2Fwp%2Fv2%2Fmedia&parent=3962"}],"wp:term":[{"taxonomy":"category","embeddable":true,"href":"https:\/\/www.berlin.freidenker.org\/index.php?rest_route=%2Fwp%2Fv2%2Fcategories&post=3962"},{"taxonomy":"post_tag","embeddable":true,"href":"https:\/\/www.berlin.freidenker.org\/index.php?rest_route=%2Fwp%2Fv2%2Ftags&post=3962"}],"curies":[{"name":"wp","href":"https:\/\/api.w.org\/{rel}","templated":true}]}}