{"id":3975,"date":"2017-06-02T09:13:29","date_gmt":"2017-06-02T07:13:29","guid":{"rendered":"http:\/\/www.berlin.freidenker.org\/?p=3975"},"modified":"2017-06-02T09:17:04","modified_gmt":"2017-06-02T07:17:04","slug":"zu-schade-fuer-den-papierkorb-diesmal-in-eigener-sache","status":"publish","type":"post","link":"https:\/\/www.berlin.freidenker.org\/?p=3975","title":{"rendered":"Zu schade f\u00fcr den Papierkorb&#8230; diesmal in eigener Sache"},"content":{"rendered":"<h4 style=\"text-align: center;\"><span style=\"color: #008000;\">Uns erreichen manchmal Reaktionen auf Postings, die eigentlich als Kommentare m\u00fchelos das \u00a0Licht der Welt (bzw. unserer bescheidenen Webseite) erblicken k\u00f6nnten.<\/span><\/h4>\n<h4 style=\"text-align: center;\"><span style=\"color: #ff0000;\">Offenbar werden sie aber nicht durch Aktivierung des <a href=\"https:\/\/www.berlin.freidenker.org\/?p=3946#respond\" target=\"_blank\">Links: &#8222;Comment&#8220;<\/a>\u00a0\u00fcbermittelt und laufen so Gefahr im Nirwana zu verschwinden.<\/span><\/h4>\n<h4 style=\"text-align: center;\"><span style=\"color: #0000ff;\">Diese Reaktion hat uns auf Umwegen doch erreicht<\/span>:<\/h4>\n<p style=\"text-align: center;\"><strong>Hallo Freidenkerfreunde<\/strong><\/p>\n<p>Wir zitieren in Ausz\u00fcgen:<\/p>\n<p><em>&#8222;&#8230; Erlaubt mir jedoch eine Kritik an Eurer letzten Ver\u00f6ffentlichung des Geburtstagsgru\u00dfes f\u00fcr den Kabarettisten Dieter Hallervorden. Ist Euch eigentlich bekannt, dass Hallervorden Anh\u00e4nger, vielleicht auch Mitglied, der neoliberalen FDP ist? Aus Wikipedia-Eintr\u00e4gen ist zu entnehmen, dass<\/em><\/p>\n<p><em>&#8222;zu den Landtagswahl 1975 und zur Bundestagswahl 1976 Hallervorden mit den W\u00fchlm\u00e4usen f\u00fcr die FDP unterwegs war. Zur Bundestagswahl 1980 warb er als Repr\u00e4sentant der Liberalen Aktion in 36 St\u00e4dten in NRW f\u00fcr die FDP.\u00a0Auch 2016 war er Teil der FDP-Kampagne zur Landtagswahl in Sachsen-Anhalt.&#8220;<\/em><\/p>\n<p><em>&#8222;Bei der \u00f6sterreichischen Romyverleihung 2015 in Wien nahm Hallervorden den Preis als bester Schauspieler entgegen, bedankte sich und f\u00fcgte hinzu: \u201eUnd morgen f\u00fchre ich die Romy heim ins Reich.\u201c Mit der Parole Heim ins Reich hatten die Nationalsozialisten u.\u00a0a. f\u00fcr den Anschluss \u00d6sterreichs 1938 geworben.&#8220;<\/em><\/p>\n<p><em>Sind die rechtslastigen Aussagen ein Grund, diesen Mann auf der Website der Freidenker zu ver\u00f6ffentlichen?<\/em><\/p>\n<p><em>Wir sind \u00fcberrascht und entsetzt, dass Ihr Euch mit Herrn Hallervorden identifiziert, bzw. den Eindruck erweckt, dass er zu den Freidenkern geh\u00f6rt. Diese Ver\u00f6ffentlichung k\u00f6nnte einige Mitglieder dazu bringen, ihren Austritt aus der Organisation zu erw\u00e4gen &#8230;.<\/em><\/p>\n<p><em>G. J.&#8220;<\/em><\/p>\n<p>&nbsp;<\/p>\n<p>Die Zuschrift von G. J. enth\u00e4lt einen Satz mit Fragezeichen, der aber leider keine Frage ist, auf die wir ernsthaft antworten k\u00f6nnen. Wir k\u00f6nnen nicht glauben, dass G. J. tats\u00e4chlich meint, was er schreibt, n\u00e4mlich, dass wir Aussagen auf unserer Webseite ver\u00f6ffentlichen, WEIL sie, wie er formuliert, &#8222;rechtslastig&#8220; sind.<\/p>\n<p>Auf den Fragesatz und die Folges\u00e4tze w\u00fcrde man unter Kumpels vielleicht antworten: &#8222;Komm mal runter, lieber G. J.!&#8220;<\/p>\n<p>Statt mit Wikipedia FDP-Wahlkampfaktivit\u00e4ten aus den Jahren 1975 und 1976 zu recherchieren oder eine kalkulierte Provokation eines Kabarettisten zur &#8222;rechtslastigen Aussage&#8220; aufzublasen, k\u00f6nnte mensch sich einfach <a href=\"https:\/\/www.berlin.freidenker.org\/?p=3852\" target=\"_blank\">sein Video <\/a>zu Gem\u00fcte f\u00fchren. Ein neugieriger Mensch w\u00fcrde dann vielleicht\u00a0einige bemerkenswerte, h\u00f6chst aktuelle Wahrheiten entdecken. Und dabei sogar Vergn\u00fcgen empfinden. Oder ist ein Song schon deshalb eine populistische S\u00fcnde oder &#8222;rechtslastig&#8220; oder (laut <a href=\"https:\/\/de.wikipedia.org\/wiki\/Dieter_Hallervorden\" target=\"_blank\">Wikipedia<\/a>)\u00a0&#8222;antisemitisch&#8220;, &#8222;antiamerikanisch&#8220;\u00a0und &#8222;verschw\u00f6rungstheoretisch&#8220;, weil er mehr als 900.000\u00a0mal abgerufen wurde?<\/p>\n<p>Liebe Leserinnen und Leser,<\/p>\n<p>wie immer (die Kommentarfunktion ist aktiviert) sind Sie zu Wortmeldungen eingeladen, gerne auch streitbaren!<\/p>\n","protected":false},"excerpt":{"rendered":"<p>Uns erreichen manchmal Reaktionen auf Postings, die eigentlich als Kommentare m\u00fchelos das \u00a0Licht der Welt (bzw. unserer bescheidenen Webseite) erblicken k\u00f6nnten. Offenbar werden sie aber nicht durch Aktivierung des Links: &#8222;Comment&#8220;\u00a0\u00fcbermittelt und laufen so Gefahr im Nirwana zu verschwinden. Diese Reaktion hat uns auf Umwegen doch erreicht: Hallo Freidenkerfreunde Wir zitieren in Ausz\u00fcgen: &#8222;&#8230; Erlaubt [&hellip;]<\/p>\n","protected":false},"author":4,"featured_media":0,"comment_status":"open","ping_status":"open","sticky":false,"template":"","format":"standard","meta":{"jetpack_post_was_ever_published":false,"_jetpack_newsletter_access":"","_jetpack_dont_email_post_to_subs":true,"_jetpack_newsletter_tier_id":0,"_jetpack_memberships_contains_paywalled_content":false,"_jetpack_memberships_contains_paid_content":false,"footnotes":""},"categories":[49,46,22,19],"tags":[576,586,585,86],"class_list":["post-3975","post","type-post","status-publish","format-standard","hentry","category-aufklaerung","category-freidenker-im-gespraech","category-friedensaktionen","category-kultur","tag-hallervorden","tag-luegenpresse","tag-rechtslastig","tag-verschwoerungstheorie"],"jetpack_featured_media_url":"","jetpack_shortlink":"https:\/\/wp.me\/py5dN-127","jetpack_sharing_enabled":true,"_links":{"self":[{"href":"https:\/\/www.berlin.freidenker.org\/index.php?rest_route=\/wp\/v2\/posts\/3975","targetHints":{"allow":["GET"]}}],"collection":[{"href":"https:\/\/www.berlin.freidenker.org\/index.php?rest_route=\/wp\/v2\/posts"}],"about":[{"href":"https:\/\/www.berlin.freidenker.org\/index.php?rest_route=\/wp\/v2\/types\/post"}],"author":[{"embeddable":true,"href":"https:\/\/www.berlin.freidenker.org\/index.php?rest_route=\/wp\/v2\/users\/4"}],"replies":[{"embeddable":true,"href":"https:\/\/www.berlin.freidenker.org\/index.php?rest_route=%2Fwp%2Fv2%2Fcomments&post=3975"}],"version-history":[{"count":13,"href":"https:\/\/www.berlin.freidenker.org\/index.php?rest_route=\/wp\/v2\/posts\/3975\/revisions"}],"predecessor-version":[{"id":3990,"href":"https:\/\/www.berlin.freidenker.org\/index.php?rest_route=\/wp\/v2\/posts\/3975\/revisions\/3990"}],"wp:attachment":[{"href":"https:\/\/www.berlin.freidenker.org\/index.php?rest_route=%2Fwp%2Fv2%2Fmedia&parent=3975"}],"wp:term":[{"taxonomy":"category","embeddable":true,"href":"https:\/\/www.berlin.freidenker.org\/index.php?rest_route=%2Fwp%2Fv2%2Fcategories&post=3975"},{"taxonomy":"post_tag","embeddable":true,"href":"https:\/\/www.berlin.freidenker.org\/index.php?rest_route=%2Fwp%2Fv2%2Ftags&post=3975"}],"curies":[{"name":"wp","href":"https:\/\/api.w.org\/{rel}","templated":true}]}}