{"id":4004,"date":"2017-06-07T08:57:34","date_gmt":"2017-06-07T06:57:34","guid":{"rendered":"http:\/\/www.berlin.freidenker.org\/?p=4004"},"modified":"2017-06-07T11:26:30","modified_gmt":"2017-06-07T09:26:30","slug":"zu-schade-fuer-den-papierkorb-brief-an-frank-tempel-vom-22-5-2017","status":"publish","type":"post","link":"https:\/\/www.berlin.freidenker.org\/?p=4004","title":{"rendered":"Zu schade f\u00fcr den Papierkorb&#8230; Brief an Frank Tempel vom 22.5.2017"},"content":{"rendered":"<h4 style=\"text-align: center;\"><span style=\"color: #008000;\">Uns erreichen immer wieder Briefe an &#8222;Institutionen linken Vertrauens&#8220; (beispielsweise die &#8222;junge Welt&#8220;) oder \u00f6ffentliche &#8222;Personen linken Vertrauens&#8220;, die weder ver\u00f6ffentlicht noch beantwortet werden.<\/span><\/h4>\n<h4 style=\"text-align: center;\"><span style=\"color: #ff0000;\">Offenbar landen sie im Papierkorb.<\/span><\/h4>\n<h4 style=\"text-align: center;\"><span style=\"color: #0000ff;\">Diesen haben wir hervorgeholt<\/span>:<\/h4>\n<p><strong>Brief an Frank Tempel, Die Linke (Bundestag), 22.5.2017:<\/strong><\/p>\n<p><em>Sehr geehrter Herr Tempel, <\/em><\/p>\n<p><em>Sie setzen sich f\u00fcr einen Untersuchungsausschu\u00df zum Fall Amri ein. Der Ausschu\u00df soll, wie ich verstehe, davon ausgehen, dass Amri der T\u00e4ter des Anschlages am 19.12.2016 gewesen sei. Dies hat kein Gericht festgestellt. Auch die GBA hat f\u00fcr diese Behauptung keine Beweise vorgelegt. Bisweilen genie\u00dft Amri die Unschuldsvermutung. Soll nun in der Zukunft die Polizei befugt sein die Schuld einer Person in einer Straftat festzustellen und darauf, unter Umst\u00e4nden, den Beschuldigten hinzurichten, oder habe ich hier etwas falsch verstanden? Wie wollen Sie diese Aush\u00f6hlung des Rechtsstaats an Ihren W\u00e4hler erkl\u00e4ren? <\/em><\/p>\n<p><em>E. D.<\/em><\/p>\n<p><span style=\"color: #000000;\">Nachbemerkung der Webredaktion: <\/span><\/p>\n<p><span style=\"color: #800080;\">M\u00f6gen unsere Leserinnen und Lesern selbst beurteilen, ob es sich hier um Querulantengeschreibsel handelt, das jeder vern\u00fcnftige Mensch ignorieren w\u00fcrde oder ob etwas Wichtiges \u00f6ffentlich gemacht werden soll. Einen bedenkenswerten Einwand zu ignorieren, stellt eine Missachtung dar. Wir wissen nicht, was schwerer wiegt: Die Missachtung eines Feindes oder die Missachtung eines Partners.<\/span><\/p>\n","protected":false},"excerpt":{"rendered":"<p>Uns erreichen immer wieder Briefe an &#8222;Institutionen linken Vertrauens&#8220; (beispielsweise die &#8222;junge Welt&#8220;) oder \u00f6ffentliche &#8222;Personen linken Vertrauens&#8220;, die weder ver\u00f6ffentlicht noch beantwortet werden. Offenbar landen sie im Papierkorb. Diesen haben wir hervorgeholt: Brief an Frank Tempel, Die Linke (Bundestag), 22.5.2017: Sehr geehrter Herr Tempel, Sie setzen sich f\u00fcr einen Untersuchungsausschu\u00df zum Fall Amri ein. [&hellip;]<\/p>\n","protected":false},"author":4,"featured_media":0,"comment_status":"open","ping_status":"open","sticky":false,"template":"","format":"standard","meta":{"jetpack_post_was_ever_published":false,"_jetpack_newsletter_access":"","_jetpack_dont_email_post_to_subs":true,"_jetpack_newsletter_tier_id":0,"_jetpack_memberships_contains_paywalled_content":false,"_jetpack_memberships_contains_paid_content":false,"footnotes":""},"categories":[49,46,21],"tags":[120,165,187],"class_list":["post-4004","post","type-post","status-publish","format-standard","hentry","category-aufklaerung","category-freidenker-im-gespraech","category-politik","tag-die-linke","tag-meinungsstreit","tag-terror"],"jetpack_featured_media_url":"","jetpack_shortlink":"https:\/\/wp.me\/py5dN-12A","jetpack_sharing_enabled":true,"_links":{"self":[{"href":"https:\/\/www.berlin.freidenker.org\/index.php?rest_route=\/wp\/v2\/posts\/4004","targetHints":{"allow":["GET"]}}],"collection":[{"href":"https:\/\/www.berlin.freidenker.org\/index.php?rest_route=\/wp\/v2\/posts"}],"about":[{"href":"https:\/\/www.berlin.freidenker.org\/index.php?rest_route=\/wp\/v2\/types\/post"}],"author":[{"embeddable":true,"href":"https:\/\/www.berlin.freidenker.org\/index.php?rest_route=\/wp\/v2\/users\/4"}],"replies":[{"embeddable":true,"href":"https:\/\/www.berlin.freidenker.org\/index.php?rest_route=%2Fwp%2Fv2%2Fcomments&post=4004"}],"version-history":[{"count":5,"href":"https:\/\/www.berlin.freidenker.org\/index.php?rest_route=\/wp\/v2\/posts\/4004\/revisions"}],"predecessor-version":[{"id":4016,"href":"https:\/\/www.berlin.freidenker.org\/index.php?rest_route=\/wp\/v2\/posts\/4004\/revisions\/4016"}],"wp:attachment":[{"href":"https:\/\/www.berlin.freidenker.org\/index.php?rest_route=%2Fwp%2Fv2%2Fmedia&parent=4004"}],"wp:term":[{"taxonomy":"category","embeddable":true,"href":"https:\/\/www.berlin.freidenker.org\/index.php?rest_route=%2Fwp%2Fv2%2Fcategories&post=4004"},{"taxonomy":"post_tag","embeddable":true,"href":"https:\/\/www.berlin.freidenker.org\/index.php?rest_route=%2Fwp%2Fv2%2Ftags&post=4004"}],"curies":[{"name":"wp","href":"https:\/\/api.w.org\/{rel}","templated":true}]}}