{"id":4077,"date":"2017-06-24T01:01:01","date_gmt":"2017-06-23T23:01:01","guid":{"rendered":"http:\/\/www.berlin.freidenker.org\/?p=4077"},"modified":"2017-06-24T08:34:00","modified_gmt":"2017-06-24T06:34:00","slug":"pax-terra-musica-das-friedensfestival-23-bis-25-juni-in-niedergoersdorf","status":"publish","type":"post","link":"https:\/\/www.berlin.freidenker.org\/?p=4077","title":{"rendered":"PAX TERRA MUSICA &#8211; Das Friedensfestival &#8211; 23. bis 25. Juni in Niederg\u00f6rsdorf"},"content":{"rendered":"<p><a href=\"https:\/\/i0.wp.com\/www.berlin.freidenker.org\/wp-content\/uploads\/2017\/06\/170623-1339950845.thumbnail-ptm.jpg?ssl=1\"><img data-recalc-dims=\"1\" loading=\"lazy\" decoding=\"async\" class=\"alignnone size-full wp-image-4080\" src=\"https:\/\/i0.wp.com\/www.berlin.freidenker.org\/wp-content\/uploads\/2017\/06\/170623-1339950845.thumbnail-ptm.jpg?resize=500%2C403&#038;ssl=1\" alt=\"\" width=\"500\" height=\"403\" srcset=\"https:\/\/i0.wp.com\/www.berlin.freidenker.org\/wp-content\/uploads\/2017\/06\/170623-1339950845.thumbnail-ptm.jpg?w=500&amp;ssl=1 500w, https:\/\/i0.wp.com\/www.berlin.freidenker.org\/wp-content\/uploads\/2017\/06\/170623-1339950845.thumbnail-ptm.jpg?resize=300%2C242&amp;ssl=1 300w\" sizes=\"auto, (max-width: 500px) 100vw, 500px\" \/><\/a><\/p>\n<h3 style=\"text-align: center;\">Nat\u00fcrlich sind <a href=\"http:\/\/www.pax-terra-musica.de\/ort-anfahrt\" target=\"_blank\">wir Berliner Freidenker dabei<\/a>, wenn sich die Friedensfreunde treffen. Wir leisten den Beitrag, der in unseren Kr\u00e4ften steht.<\/h3>\n<p>Heute war der erste Tag &#8211; Zeit f\u00fcr anregenden Austausch, Zeit, die freundliche, optimistische Atmosph\u00e4re zu sp\u00fcren.<\/p>\n<p>Wir werden ausf\u00fchrlich berichten.<\/p>\n<p><a href=\"https:\/\/i0.wp.com\/www.berlin.freidenker.org\/wp-content\/uploads\/2017\/06\/ptm-Screenshot-6.jpg?ssl=1\"><img data-recalc-dims=\"1\" loading=\"lazy\" decoding=\"async\" class=\"alignnone size-full wp-image-4082\" src=\"https:\/\/i0.wp.com\/www.berlin.freidenker.org\/wp-content\/uploads\/2017\/06\/ptm-Screenshot-6.jpg?resize=500%2C472&#038;ssl=1\" alt=\"\" width=\"500\" height=\"472\" srcset=\"https:\/\/i0.wp.com\/www.berlin.freidenker.org\/wp-content\/uploads\/2017\/06\/ptm-Screenshot-6.jpg?w=500&amp;ssl=1 500w, https:\/\/i0.wp.com\/www.berlin.freidenker.org\/wp-content\/uploads\/2017\/06\/ptm-Screenshot-6.jpg?resize=300%2C283&amp;ssl=1 300w\" sizes=\"auto, (max-width: 500px) 100vw, 500px\" \/><\/a><\/p>\n","protected":false},"excerpt":{"rendered":"<p>Nat\u00fcrlich sind wir Berliner Freidenker dabei, wenn sich die Friedensfreunde treffen. Wir leisten den Beitrag, der in unseren Kr\u00e4ften steht. Heute war der erste Tag &#8211; Zeit f\u00fcr anregenden Austausch, Zeit, die freundliche, optimistische Atmosph\u00e4re zu sp\u00fcren. Wir werden ausf\u00fchrlich berichten.<\/p>\n","protected":false},"author":4,"featured_media":0,"comment_status":"open","ping_status":"open","sticky":false,"template":"","format":"standard","meta":{"jetpack_post_was_ever_published":false,"_jetpack_newsletter_access":"","_jetpack_dont_email_post_to_subs":true,"_jetpack_newsletter_tier_id":0,"_jetpack_memberships_contains_paywalled_content":false,"_jetpack_memberships_contains_paid_content":false,"footnotes":""},"categories":[46,22,45,19,21,8],"tags":[59,610,609,608],"class_list":["post-4077","post","type-post","status-publish","format-standard","hentry","category-freidenker-im-gespraech","category-friedensaktionen","category-friedensbewegung","category-kultur","category-politik","category-standpunkte","tag-freidenker","tag-malte-klingauf","tag-niedergoersdorf","tag-pax-terra-musica"],"jetpack_featured_media_url":"","jetpack_shortlink":"https:\/\/wp.me\/py5dN-13L","jetpack_sharing_enabled":true,"_links":{"self":[{"href":"https:\/\/www.berlin.freidenker.org\/index.php?rest_route=\/wp\/v2\/posts\/4077","targetHints":{"allow":["GET"]}}],"collection":[{"href":"https:\/\/www.berlin.freidenker.org\/index.php?rest_route=\/wp\/v2\/posts"}],"about":[{"href":"https:\/\/www.berlin.freidenker.org\/index.php?rest_route=\/wp\/v2\/types\/post"}],"author":[{"embeddable":true,"href":"https:\/\/www.berlin.freidenker.org\/index.php?rest_route=\/wp\/v2\/users\/4"}],"replies":[{"embeddable":true,"href":"https:\/\/www.berlin.freidenker.org\/index.php?rest_route=%2Fwp%2Fv2%2Fcomments&post=4077"}],"version-history":[{"count":6,"href":"https:\/\/www.berlin.freidenker.org\/index.php?rest_route=\/wp\/v2\/posts\/4077\/revisions"}],"predecessor-version":[{"id":4085,"href":"https:\/\/www.berlin.freidenker.org\/index.php?rest_route=\/wp\/v2\/posts\/4077\/revisions\/4085"}],"wp:attachment":[{"href":"https:\/\/www.berlin.freidenker.org\/index.php?rest_route=%2Fwp%2Fv2%2Fmedia&parent=4077"}],"wp:term":[{"taxonomy":"category","embeddable":true,"href":"https:\/\/www.berlin.freidenker.org\/index.php?rest_route=%2Fwp%2Fv2%2Fcategories&post=4077"},{"taxonomy":"post_tag","embeddable":true,"href":"https:\/\/www.berlin.freidenker.org\/index.php?rest_route=%2Fwp%2Fv2%2Ftags&post=4077"}],"curies":[{"name":"wp","href":"https:\/\/api.w.org\/{rel}","templated":true}]}}