{"id":4093,"date":"2017-06-27T00:34:48","date_gmt":"2017-06-26T22:34:48","guid":{"rendered":"http:\/\/www.berlin.freidenker.org\/?p=4093"},"modified":"2017-06-27T00:36:25","modified_gmt":"2017-06-26T22:36:25","slug":"leserbrief-an-die-junge-welt","status":"publish","type":"post","link":"https:\/\/www.berlin.freidenker.org\/?p=4093","title":{"rendered":"Leserbrief an die &#8222;junge Welt&#8220;"},"content":{"rendered":"<h3 style=\"text-align: left;\"><strong>Leserbrief zu <a href=\"https:\/\/www.jungewelt.de\/artikel\/313079.mehr-als-gute-zahlen.html\" target=\"_blank\">&#8222;Mehr als gute Zahlen&#8220;<\/a>:<\/strong><\/h3>\n<div>\n<div>\n<div>\n<div><em>Zum Bericht \u00fcber die Vollversammlung der jW-Genossenschaft\u00a0 mit dem Titel &#8222;Mehr als gute Zahlen&#8220; scheint Herr Koschmieder sich so rundherum zufrieden zu geben, dass meine Frage zu weiteren M\u00f6glichkeiten der Bekanntmachung und Verbreitung der Zeitung folgenderma\u00dfen beschieden wurde: mit rechten Kr\u00e4ften wie Montagsmahnwache und Ken Jebsen gibt es keinerlei Ber\u00fchrung, nicht auf dem Friedensfestival Pax Terra Musica und \u00fcberhaupt und gar nicht. Das hat die Redaktion beschlossen. Die erfolgte Begr\u00fcndung kommt aus der Mottenkiste:\u00a0 Das Team Ken Jebsen zusammen mit Els\u00e4sser ist unhaltbar. Ken Jebsen hat zudem sich erlaubt bei Trumps Sieg zu jubeln usw.<\/em><\/div>\n<div><em>Ja, die Montagsmahnwachen und Ken Jebsen waren, sind und bleiben Feindbild. Da ist nichts zu machen. Es ging zwar um Pax Terra Musica, aber wenn irgendwie, irgendwo Ken Jebsen drauf steht, setzt bis in die letzte Peripherie der anwesenden nicht widersprechenden Redakteure eine stille oder applaudierende Zustimmung ein. D. Koschmieder versteht es mit nicht los lassendem Mikrophon alles wunderbar unjournalistisch im R\u00fchrtopf zusammenzubringen. Dazu geh\u00f6rte auch, dass sogar Andreas Wehr eine seltsame politische Richtung eingenommen habe in Hinblick auf G20. Dazu haben aber nicht mehr alle Genossenschafter geschwiegen. Da hatten sie genauere Kenntnisse. D. K. konterte mit seiner grunds\u00e4tzlichen Kritikbereitschaft selbst an Jutta Ditfurth bez\u00fcglich ihrer \u00c4u\u00dferung zur TTIP-Demo. Hatte das was zur Sache zu tun?\u00a0<\/em><\/div>\n<div><em>Jetzt ist klar, PTM ist bei der jW Schmuddelkind, weil da so rechte Leute dabei w\u00e4ren, n\u00e4mlich ein rechter, links sich gebender Verf\u00fchrer wie Jebsen. O je. Das k\u00f6nnte abf\u00e4rben und das darf nicht sein. Sch\u00f6n sauber bleiben. Zwar gibt es Verwirrte \u00fcberall, auch bei G20-Protesten mit\u00a0 Parolen wie &#8222;Trump-Erdogan-Putin&#8220;&#8230;<\/em><\/div>\n<div><em>Auch Passanten vor dem Kaufhof sind sicher durch die Reihe nicht alle frei von rechten Denken, wenn die jW dort steht. Meine Hochachtung vor den jW-Verteilern.<\/em><\/div>\n<div><em>\u00a0<\/em><\/div>\n<div><em>Wir von den Freidenkern waren auf dem Friedensfestival, haben an Diskussionen teilgenommen, hatten unseren Stand, hatten auch jW Exemplare und viele andere Medien dabei, wie das Krokodil, Hintergrund, Melodie und Rhythmus usw. Wir sind n\u00e4mlich f\u00fcr Aufkl\u00e4rung. Auch f\u00fcr historischen, dialektischen, materialistischen Journalismus, den D. K. stark vermissen lie\u00df, nat\u00fcrlich nur in meinen Augen.<\/em><\/div>\n<div><em>\u00a0<\/em><\/div>\n<div><em>Elke Zwinge-Makamizile<\/em><\/div>\n<\/div>\n<\/div>\n<\/div>\n","protected":false},"excerpt":{"rendered":"<p>Leserbrief zu &#8222;Mehr als gute Zahlen&#8220;: Zum Bericht \u00fcber die Vollversammlung der jW-Genossenschaft\u00a0 mit dem Titel &#8222;Mehr als gute Zahlen&#8220; scheint Herr Koschmieder sich so rundherum zufrieden zu geben, dass meine Frage zu weiteren M\u00f6glichkeiten der Bekanntmachung und Verbreitung der Zeitung folgenderma\u00dfen beschieden wurde: mit rechten Kr\u00e4ften wie Montagsmahnwache und Ken Jebsen gibt es keinerlei [&hellip;]<\/p>\n","protected":false},"author":4,"featured_media":0,"comment_status":"open","ping_status":"open","sticky":false,"template":"","format":"standard","meta":{"jetpack_post_was_ever_published":false,"_jetpack_newsletter_access":"","_jetpack_dont_email_post_to_subs":true,"_jetpack_newsletter_tier_id":0,"_jetpack_memberships_contains_paywalled_content":false,"_jetpack_memberships_contains_paid_content":false,"footnotes":""},"categories":[49,14,46,22,45,175,21,8],"tags":[612,241,41,69,613],"class_list":["post-4093","post","type-post","status-publish","format-standard","hentry","category-aufklaerung","category-aktivitaeten-des-dfv-berlin","category-freidenker-im-gespraech","category-friedensaktionen","category-friedensbewegung","category-nato","category-politik","category-standpunkte","tag-dietmar-koschmieder","tag-junge-welt","tag-ken-jebsen","tag-montagsmahnwachen","tag-pax-terrra-musica"],"jetpack_featured_media_url":"","jetpack_shortlink":"https:\/\/wp.me\/py5dN-141","jetpack_sharing_enabled":true,"_links":{"self":[{"href":"https:\/\/www.berlin.freidenker.org\/index.php?rest_route=\/wp\/v2\/posts\/4093","targetHints":{"allow":["GET"]}}],"collection":[{"href":"https:\/\/www.berlin.freidenker.org\/index.php?rest_route=\/wp\/v2\/posts"}],"about":[{"href":"https:\/\/www.berlin.freidenker.org\/index.php?rest_route=\/wp\/v2\/types\/post"}],"author":[{"embeddable":true,"href":"https:\/\/www.berlin.freidenker.org\/index.php?rest_route=\/wp\/v2\/users\/4"}],"replies":[{"embeddable":true,"href":"https:\/\/www.berlin.freidenker.org\/index.php?rest_route=%2Fwp%2Fv2%2Fcomments&post=4093"}],"version-history":[{"count":5,"href":"https:\/\/www.berlin.freidenker.org\/index.php?rest_route=\/wp\/v2\/posts\/4093\/revisions"}],"predecessor-version":[{"id":4098,"href":"https:\/\/www.berlin.freidenker.org\/index.php?rest_route=\/wp\/v2\/posts\/4093\/revisions\/4098"}],"wp:attachment":[{"href":"https:\/\/www.berlin.freidenker.org\/index.php?rest_route=%2Fwp%2Fv2%2Fmedia&parent=4093"}],"wp:term":[{"taxonomy":"category","embeddable":true,"href":"https:\/\/www.berlin.freidenker.org\/index.php?rest_route=%2Fwp%2Fv2%2Fcategories&post=4093"},{"taxonomy":"post_tag","embeddable":true,"href":"https:\/\/www.berlin.freidenker.org\/index.php?rest_route=%2Fwp%2Fv2%2Ftags&post=4093"}],"curies":[{"name":"wp","href":"https:\/\/api.w.org\/{rel}","templated":true}]}}