{"id":4113,"date":"2017-06-27T21:02:50","date_gmt":"2017-06-27T19:02:50","guid":{"rendered":"http:\/\/www.berlin.freidenker.org\/?p=4113"},"modified":"2017-06-27T21:03:11","modified_gmt":"2017-06-27T19:03:11","slug":"mccarthy-ismus-auf-links","status":"publish","type":"post","link":"https:\/\/www.berlin.freidenker.org\/?p=4113","title":{"rendered":"McCarthy-ismus auf \u201elinks\u201c?"},"content":{"rendered":"<h4 id=\"site-description\" style=\"text-align: center;\">von Hartmut Barth-Engelbart<\/h4>\n<p><em><strong>W\u00e4hrend die US-Kriegsverbrechereliten um Barack Bombana und Killary Clinton schon die Absicht zur Verbesserung der Beziehungen zwischen den USA und Russland als Hochverrat deklarieren, ist das in Europa noch nicht ganz so der Fall.<\/strong><\/em><\/p>\n<p><em><strong>Daf\u00fcr geht in der EU und besonders in Deutschland ein \u201elinks\u201c getarntes Gespenst um, dessen sauerfauliger Odem streng nach McCarthy stinkt:<\/strong><\/em><\/p>\n<p><em>\u00a0Es ist schon l\u00e4nger nicht mehr nur die mittlerweile 3SATsam bekannte und kulturzeitlich gesegnete Jutta vom Dienst, die als Parteig\u00e4ngerin der zionistischen Kettenhunde jeglichen Antiimperialismus als Antisemitismus und \u201etendenziell v\u00f6lkisch\u201c denunzierend rufmordet. Neben dem \u201eQuerfront\u201c Studiosus ExFR-Chef-Wolfgang Storz und seinem \u201eantifa\u201c-Lautsprecher Wilms, dem Regime-Changer in der VVN\/BdA treten nun als wackere McCarthy-Helfer f\u00fchrende K\u00f6pfe der EZBankfurter AntiFa auf wie Christoph Stoodt, der den Organisatoren der KOPI-Konferenz davon abriet, die Konferenz von der \u201earbeiterfotografie\u201c dokumentieren zu lassen: die \u201eBegr\u00fcndung\u201c ist dann der Hinweis darauf, dass die \u201earbeiterfotografie\u201c die offizielle Darstellung des Todes von J\u00f6rg Haider hinterfragt hat. Hier reicht allein die journalistische Sorgfalt daf\u00fcr aus, die Rechercheure zu verd\u00e4chtigen, sie w\u00fcrden die Programmatik der FP\u00d6 und ihres pr\u00e4faschistischen Chefs damit unterst\u00fctzen. \u00a0Wer also die Widerspr\u00fcche im Lager der Gegner untersucht, wird damit zum Propagandisten des Gegners?<\/em><\/p>\n<p><em>\u00a0Lieber Christoph Stoodt, ich bitte Dich dringend, solche \u00fcblen Duftmarken nicht mehr zu verbreiten. Es ist unbedingt notwendig, den Gegner und die Bruchstellen in seinem Lager genauestens zu untersuchen. Der r\u00e4tselhafte Tod J\u00f6rg Haiders trat ein unmittelbar nach seiner Ank\u00fcndigung im Falle des mit hoher Wahrscheinlichkeit anstehenden Wahlsieges seiner FP\u00d6, f\u00fcr die USA und die NATO ein \u00dcberflugverbot \u00fcber \u00d6sterreich auszusprechen, um den Nachschub f\u00fcr den v\u00f6lkerrechtswidrigen Krieg gegen den Irak zu behindern.<\/em><\/p>\n<p><!--more--><\/p>\n<p><em>Wie wir wissen, wurde Herrhausen nach seiner Forderung nach einem Schuldenmoratorium f\u00fcr die \u201e3. Welt\u201c angeblich von der RAF ermordet. Wer an der RAF-T\u00e4terschaft Zweifel \u00e4u\u00dfert, muss doch nicht zwangsl\u00e4ufig die politischen Positionen des NS-Eliteschul-Absolventen und Deutsche Bankchefs Herrhausen teilen. Das gilt im Falle des Ex-SS-Obersturmbannf\u00fchrers, BDA- &amp; EADS\/AIRBUS\/MB-Chefs Hans-Martin Schleyer nicht minder.<\/em><\/p>\n<p><em>Jetzt kann die BANDBREITE, diese einst von der IG Metall ausgebuchte hippe Aufkl\u00e4rungs-Gruppe schon froh sein, dass Josef Ackermann die Frage bei Maischberger, warum er die Forderung nach einem Schuldenmoratorium nicht unterst\u00fctze so beantwortete: \u201eIch will nicht enden wie Herrhausen!\u201c\u00a0\u00a0 Allein die Frage in einem BANDBREITE-Hit\u00a0 zum 9\/11: \u201eHabt ihr das vielleicht selbst gemacht?\u201c\u00a0 f\u00fchrt \u00fcber Angriffe der \u201eantideutschen\u201c-Nethanjahu-Freundschafts-Kolonne in der LINKEn und im EZBankfurter Club Voltaire zum umfassenden Boykott gegen die BANDBREITE. Ihre Angriffe auf die Vermarktung &amp; Entfremdung von Emotion und Erotik im Song \u201eEingelocht\u201c verdreht die dienstbare Jutta Ditfurth zum \u201eSexismus\u201c, um den \u201eVerschw\u00f6rungstheoretikern\u201c auch noch das Etikett \u201eFRAUENFEINDLICH\u201c anzuh\u00e4ngen. Mittlerweile muss die BANDBREITE um Spenden bitten, um \u00fcberleben zu k\u00f6nnen. Danke liebe Jutta, da jubelt der mainstream.<\/em><\/p>\n<p><em>\u00a0Nun bieten aber weitere JvD-Helferlein ihre Dienste an: der \u201earbeiterfotografie\u201c wurde nach einer ersten Zusage die Teilnahme am Festival der Jugend der SDAJ verboten: Begr\u00fcndung: Kontakt zu Ken Jebsen. \u2026.\u00a0<\/em><\/p>\n","protected":false},"excerpt":{"rendered":"<p>von Hartmut Barth-Engelbart W\u00e4hrend die US-Kriegsverbrechereliten um Barack Bombana und Killary Clinton schon die Absicht zur Verbesserung der Beziehungen zwischen den USA und Russland als Hochverrat deklarieren, ist das in Europa noch nicht ganz so der Fall. Daf\u00fcr geht in der EU und besonders in Deutschland ein \u201elinks\u201c getarntes Gespenst um, dessen sauerfauliger Odem streng [&hellip;]<\/p>\n","protected":false},"author":4,"featured_media":0,"comment_status":"open","ping_status":"open","sticky":false,"template":"","format":"standard","meta":{"jetpack_post_was_ever_published":false,"_jetpack_newsletter_access":"","_jetpack_dont_email_post_to_subs":true,"_jetpack_newsletter_tier_id":0,"_jetpack_memberships_contains_paywalled_content":false,"_jetpack_memberships_contains_paid_content":false,"footnotes":""},"categories":[49,45,175],"tags":[103,615,616,617],"class_list":["post-4113","post","type-post","status-publish","format-standard","hentry","category-aufklaerung","category-friedensbewegung","category-nato","tag-bandbreite","tag-christoph-stoodt","tag-hartmut-barth-engelbart","tag-mccarthy"],"jetpack_featured_media_url":"","jetpack_shortlink":"https:\/\/wp.me\/py5dN-14l","jetpack_sharing_enabled":true,"_links":{"self":[{"href":"https:\/\/www.berlin.freidenker.org\/index.php?rest_route=\/wp\/v2\/posts\/4113","targetHints":{"allow":["GET"]}}],"collection":[{"href":"https:\/\/www.berlin.freidenker.org\/index.php?rest_route=\/wp\/v2\/posts"}],"about":[{"href":"https:\/\/www.berlin.freidenker.org\/index.php?rest_route=\/wp\/v2\/types\/post"}],"author":[{"embeddable":true,"href":"https:\/\/www.berlin.freidenker.org\/index.php?rest_route=\/wp\/v2\/users\/4"}],"replies":[{"embeddable":true,"href":"https:\/\/www.berlin.freidenker.org\/index.php?rest_route=%2Fwp%2Fv2%2Fcomments&post=4113"}],"version-history":[{"count":1,"href":"https:\/\/www.berlin.freidenker.org\/index.php?rest_route=\/wp\/v2\/posts\/4113\/revisions"}],"predecessor-version":[{"id":4114,"href":"https:\/\/www.berlin.freidenker.org\/index.php?rest_route=\/wp\/v2\/posts\/4113\/revisions\/4114"}],"wp:attachment":[{"href":"https:\/\/www.berlin.freidenker.org\/index.php?rest_route=%2Fwp%2Fv2%2Fmedia&parent=4113"}],"wp:term":[{"taxonomy":"category","embeddable":true,"href":"https:\/\/www.berlin.freidenker.org\/index.php?rest_route=%2Fwp%2Fv2%2Fcategories&post=4113"},{"taxonomy":"post_tag","embeddable":true,"href":"https:\/\/www.berlin.freidenker.org\/index.php?rest_route=%2Fwp%2Fv2%2Ftags&post=4113"}],"curies":[{"name":"wp","href":"https:\/\/api.w.org\/{rel}","templated":true}]}}