{"id":4115,"date":"2017-06-28T08:43:13","date_gmt":"2017-06-28T06:43:13","guid":{"rendered":"http:\/\/www.berlin.freidenker.org\/?p=4115"},"modified":"2017-06-28T08:43:46","modified_gmt":"2017-06-28T06:43:46","slug":"friedensfestival-pax-terra-musica-erlebtes-und-reflexionen","status":"publish","type":"post","link":"https:\/\/www.berlin.freidenker.org\/?p=4115","title":{"rendered":"Friedensfestival PAX TERRA MUSICA &#8211; Erlebtes und Reflexionen"},"content":{"rendered":"<h3 style=\"text-align: center;\">von Siera<\/h3>\n<p><em>Und wieder m\u00fcssen wir uns fragen, was l\u00e4uft bei den Mainstream-Medien tats\u00e4chlich ab?<\/em><br \/>\n<em> Dass ARD und ZDF nicht nur Fake-News bringen , sondern besonders mit Auslassungen gl\u00e4nzen, ist gut dargestellt in Uli Gellermanns Buch \u201e<a href=\"http:\/\/shop.papyrossa.de\/Gellermann-Uli-Klinkhammer-Friedhelm-Braeutigam-Volker-Die-Macht-um-acht\" target=\"_blank\">Die Macht Um Acht\u201c (PapyRossa-Verlag<\/a>), verfasst zusammen mit F. Klinghammer und V. Br\u00e4utigam. &#8211; Dass nun auch ein Friedensfestival in erschreckend diffamierender Weise niedergemacht wird, hat eine besondere \u201eQualit\u00e4t\u201c. In h\u00e4mischer Weise wird z. B. vom ZDF konstatiert, dass viele Bands abgesagt haben und dass das Friedensfestival wenige Besucher hatte. Dabei ist klar, dass durch die Unterstellungen und Diffamierungen potentieller Teilnehmer schon im Vorfeld daf\u00fcr gesorgt wurde, dass sich Verunsicherung breit machte, ob mensch sich denn auf diesem Festival sehen lassen k\u00f6nne. Eine starke Medienkampagne gegen ein Friedensfestival \u2013 wer die Berichterstattung \u00fcber Syrien, Ukraine, Russland in den letzten Monaten verfolgt hat, wei\u00df, dass die Mainstream-Medien Sprachrohr der herrschenden Politik sind und genauso wie \u201eunsere\u201c Regierung nicht an Frieden interessiert sind. Sie gehen aber noch weiter: nicht nur, dass sie KEINE einzige Friedensbewegung bisher unterst\u00fctzten oder etwa aufgebaut h\u00e4tten, sorgen sie seit Jahren f\u00fcr Spaltungen in der Friedensbewegung. Das leider erfolgreich, weil der Durchschnitts-Medienkonsument noch immer nicht kapiert hat, dass er an der Nase herumgef\u00fchrt wird. Erfreulich ist, dass immer mehr Menschen sich an alternativen Medien orientieren, als da sind <a href=\"https:\/\/kenfm.de\/\" target=\"_blank\">KENFM<\/a>, <a href=\"http:\/\/www.nachdenkseiten.de\/\" target=\"_blank\">NACHDENKSEITEN<\/a>, <a href=\"http:\/\/www.rationalgalerie.de\/home\/netanyahu-im-kanzleramt.html\" target=\"_blank\">RATIONALGALERIE<\/a>, <a href=\"https:\/\/www.hintergrund.de\/?option=com_news_portal&amp;Itemid=100\" target=\"_blank\">HINTERGRUND<\/a>, <a href=\"http:\/\/www.free21.org\/\" target=\"_blank\">FREE21.<\/a> Wir k\u00f6nnen nur hoffen, dass mehr Menschen durchschauen, wie mit Begriffen wie \u201eVerschw\u00f6rungstheorie\u201c ( es GIBT Verschw\u00f6rungen!!), Antisemit im Falle der Kritik an Netanjahu z. B. und Querfrontler diffamiert wird. Es ist v\u00f6lliger Bl\u00f6dsinn, wenn ein Kai Schnier vom ZDF beklagt, dass die Teilnehmer des Friedensfestivals nicht \u201ehomogen\u201c seien. Gerade auf einem Friedensfestival ist Vielfalt gefragt! Kai Schnier sollte in sich gehen und sich fragen, wie er es mit seinem Gewissen vereinbart, Kriege zu unterst\u00fctzen und Friedensaktivisten zu bek\u00e4mpfen! Vermutlich hat auch er sein Gewissen am Fu\u00dfe der Karriereleiter abgelegt.<\/em><br \/>\n<em> Wir Aktivisten f\u00fcr den Frieden, werden weiter aufkl\u00e4ren \u2013 mit Caps, T\u00fcchern und notfalls auch mit Alu-H\u00fcten oder Zipfelm\u00fctzen auf dem Kopf !<\/em><br \/>\n<em> Zum Abschluss zwei Zitate von Bertha von Suttner:<\/em><\/p>\n<p style=\"text-align: center;\"><em>\u201eEs ist eine bekannte Tatsache, da\u00df man mit gewissen Schlagworten der leichtgl\u00e4ubigen Menge nach Belieben Sand in die Augen streuen kann.\u201c<\/em><\/p>\n<p style=\"text-align: center;\"><em>\u201e Die Waffen nieder!\u201c<\/em><\/p>\n","protected":false},"excerpt":{"rendered":"<p>von Siera Und wieder m\u00fcssen wir uns fragen, was l\u00e4uft bei den Mainstream-Medien tats\u00e4chlich ab? Dass ARD und ZDF nicht nur Fake-News bringen , sondern besonders mit Auslassungen gl\u00e4nzen, ist gut dargestellt in Uli Gellermanns Buch \u201eDie Macht Um Acht\u201c (PapyRossa-Verlag), verfasst zusammen mit F. Klinghammer und V. Br\u00e4utigam. &#8211; Dass nun auch ein Friedensfestival [&hellip;]<\/p>\n","protected":false},"author":4,"featured_media":0,"comment_status":"open","ping_status":"open","sticky":false,"template":"","format":"standard","meta":{"jetpack_post_was_ever_published":false,"_jetpack_newsletter_access":"","_jetpack_dont_email_post_to_subs":true,"_jetpack_newsletter_tier_id":0,"_jetpack_memberships_contains_paywalled_content":false,"_jetpack_memberships_contains_paid_content":false,"footnotes":""},"categories":[49,14,22,45,175,21],"tags":[620,621,619,618,608,86],"class_list":["post-4115","post","type-post","status-publish","format-standard","hentry","category-aufklaerung","category-aktivitaeten-des-dfv-berlin","category-friedensaktionen","category-friedensbewegung","category-nato","category-politik","tag-alternative-medien","tag-bertha-von-suttner","tag-freidenkler","tag-mainstreammedien","tag-pax-terra-musica","tag-verschwoerungstheorie"],"jetpack_featured_media_url":"","jetpack_shortlink":"https:\/\/wp.me\/py5dN-14n","jetpack_sharing_enabled":true,"_links":{"self":[{"href":"https:\/\/www.berlin.freidenker.org\/index.php?rest_route=\/wp\/v2\/posts\/4115","targetHints":{"allow":["GET"]}}],"collection":[{"href":"https:\/\/www.berlin.freidenker.org\/index.php?rest_route=\/wp\/v2\/posts"}],"about":[{"href":"https:\/\/www.berlin.freidenker.org\/index.php?rest_route=\/wp\/v2\/types\/post"}],"author":[{"embeddable":true,"href":"https:\/\/www.berlin.freidenker.org\/index.php?rest_route=\/wp\/v2\/users\/4"}],"replies":[{"embeddable":true,"href":"https:\/\/www.berlin.freidenker.org\/index.php?rest_route=%2Fwp%2Fv2%2Fcomments&post=4115"}],"version-history":[{"count":3,"href":"https:\/\/www.berlin.freidenker.org\/index.php?rest_route=\/wp\/v2\/posts\/4115\/revisions"}],"predecessor-version":[{"id":4136,"href":"https:\/\/www.berlin.freidenker.org\/index.php?rest_route=\/wp\/v2\/posts\/4115\/revisions\/4136"}],"wp:attachment":[{"href":"https:\/\/www.berlin.freidenker.org\/index.php?rest_route=%2Fwp%2Fv2%2Fmedia&parent=4115"}],"wp:term":[{"taxonomy":"category","embeddable":true,"href":"https:\/\/www.berlin.freidenker.org\/index.php?rest_route=%2Fwp%2Fv2%2Fcategories&post=4115"},{"taxonomy":"post_tag","embeddable":true,"href":"https:\/\/www.berlin.freidenker.org\/index.php?rest_route=%2Fwp%2Fv2%2Ftags&post=4115"}],"curies":[{"name":"wp","href":"https:\/\/api.w.org\/{rel}","templated":true}]}}