{"id":4118,"date":"2017-06-27T21:27:43","date_gmt":"2017-06-27T19:27:43","guid":{"rendered":"http:\/\/www.berlin.freidenker.org\/?p=4118"},"modified":"2017-06-27T21:27:43","modified_gmt":"2017-06-27T19:27:43","slug":"ein-weiterer-leserbrief","status":"publish","type":"post","link":"https:\/\/www.berlin.freidenker.org\/?p=4118","title":{"rendered":"Ein weiterer Leserbrief"},"content":{"rendered":"<p><a href=\"https:\/\/www.berlin.freidenker.org\/?p=4093\" target=\"_blank\">Noch einmal<\/a> zu\u00a0<strong>\u201eMehr als gute Zahlen\u201c:<\/strong><\/p>\n<p><em>Johannes Supe berichtet <a href=\"https:\/\/www.jungewelt.de\/artikel\/313079.mehr-als-gute-zahlen.html\" target=\"_blank\">in der Print-Ausgabe<\/a> von der Vollversammlung der jW-Genossenschaft.<\/em><\/p>\n<p><em>Dabei ist ihm eine sehr missverst\u00e4ndliche \u00c4u\u00dferung unterlaufen.<\/em><\/p>\n<p><em>In der Diskussion der Vollversammlung wurden die seit etwa 5 Jahren zunehmenden rechten St\u00f6rungen in Richtung der Friedensbewegung angesprochen und die Redaktion der jungen Welt dringend um Unterst\u00fctzung gebeten, \u00a0um diese offenbar systematischen Querschl\u00e4ge zu analysieren.<\/em><\/p>\n<p><em>Im genannten Bericht werden nicht diese rechten St\u00f6rungen thematisiert, sondern der Umgang mit \u201erechten Kr\u00e4ften in der Friedensbewegung\u201c daraus gemacht.<\/em><\/p>\n<p><em>Das ist eine Fehleinsch\u00e4tzung, die auch nicht auf der Genossenschaftsversammlung ge\u00e4u\u00dfert wurde. Denn wir wissen, dass sich die Friedensbewegung gegen die laufenden Bestrebungen zum Unterwandern durch rechte Kr\u00e4fte mit aller Entschiedenheit und mit Erfolg gewehrt hat und auch weiterhin wehren wird.<\/em><\/p>\n<p><em>Wir bitten um eine Richtigstellung.<\/em><\/p>\n<p><em>Uta Mader, per E-Mail<\/em><\/p>\n","protected":false},"excerpt":{"rendered":"<p>Noch einmal zu\u00a0\u201eMehr als gute Zahlen\u201c: Johannes Supe berichtet in der Print-Ausgabe von der Vollversammlung der jW-Genossenschaft. Dabei ist ihm eine sehr missverst\u00e4ndliche \u00c4u\u00dferung unterlaufen. In der Diskussion der Vollversammlung wurden die seit etwa 5 Jahren zunehmenden rechten St\u00f6rungen in Richtung der Friedensbewegung angesprochen und die Redaktion der jungen Welt dringend um Unterst\u00fctzung gebeten, \u00a0um [&hellip;]<\/p>\n","protected":false},"author":4,"featured_media":0,"comment_status":"open","ping_status":"open","sticky":false,"template":"","format":"standard","meta":{"jetpack_post_was_ever_published":false,"_jetpack_newsletter_access":"","_jetpack_dont_email_post_to_subs":false,"_jetpack_newsletter_tier_id":0,"_jetpack_memberships_contains_paywalled_content":false,"_jetpack_memberships_contains_paid_content":false,"footnotes":""},"categories":[49,46,45,21],"tags":[59,241],"class_list":["post-4118","post","type-post","status-publish","format-standard","hentry","category-aufklaerung","category-freidenker-im-gespraech","category-friedensbewegung","category-politik","tag-freidenker","tag-junge-welt"],"jetpack_featured_media_url":"","jetpack_shortlink":"https:\/\/wp.me\/py5dN-14q","jetpack_sharing_enabled":true,"_links":{"self":[{"href":"https:\/\/www.berlin.freidenker.org\/index.php?rest_route=\/wp\/v2\/posts\/4118","targetHints":{"allow":["GET"]}}],"collection":[{"href":"https:\/\/www.berlin.freidenker.org\/index.php?rest_route=\/wp\/v2\/posts"}],"about":[{"href":"https:\/\/www.berlin.freidenker.org\/index.php?rest_route=\/wp\/v2\/types\/post"}],"author":[{"embeddable":true,"href":"https:\/\/www.berlin.freidenker.org\/index.php?rest_route=\/wp\/v2\/users\/4"}],"replies":[{"embeddable":true,"href":"https:\/\/www.berlin.freidenker.org\/index.php?rest_route=%2Fwp%2Fv2%2Fcomments&post=4118"}],"version-history":[{"count":2,"href":"https:\/\/www.berlin.freidenker.org\/index.php?rest_route=\/wp\/v2\/posts\/4118\/revisions"}],"predecessor-version":[{"id":4120,"href":"https:\/\/www.berlin.freidenker.org\/index.php?rest_route=\/wp\/v2\/posts\/4118\/revisions\/4120"}],"wp:attachment":[{"href":"https:\/\/www.berlin.freidenker.org\/index.php?rest_route=%2Fwp%2Fv2%2Fmedia&parent=4118"}],"wp:term":[{"taxonomy":"category","embeddable":true,"href":"https:\/\/www.berlin.freidenker.org\/index.php?rest_route=%2Fwp%2Fv2%2Fcategories&post=4118"},{"taxonomy":"post_tag","embeddable":true,"href":"https:\/\/www.berlin.freidenker.org\/index.php?rest_route=%2Fwp%2Fv2%2Ftags&post=4118"}],"curies":[{"name":"wp","href":"https:\/\/api.w.org\/{rel}","templated":true}]}}