{"id":4147,"date":"2017-06-28T09:32:00","date_gmt":"2017-06-28T07:32:00","guid":{"rendered":"http:\/\/www.berlin.freidenker.org\/?p=4147"},"modified":"2017-06-28T12:15:08","modified_gmt":"2017-06-28T10:15:08","slug":"marzahner-runde-von-und-mit-renate-schoenfeld","status":"publish","type":"post","link":"https:\/\/www.berlin.freidenker.org\/?p=4147","title":{"rendered":"Einladung zum 1.7.: \u201eMarzahner Runde\u201c von und mit Renate Sch\u00f6nfeld!"},"content":{"rendered":"<h3 style=\"text-align: center;\">Wichtiger Termin &#8222;au\u00dfer der Reihe&#8220;:<\/h3>\n<p><em>Liebe Freunde,\u00a0<\/em><\/p>\n<p><em>zu unserem n\u00e4chsten Treffen am Sonnabend, dem 1. Juli, um 14 Uhr im &#8222;Miteinander Wohnen&#8220;, Volkradstr. 8 in Lichtenberg, <\/em><\/p>\n<p><em>lade ich Euch wieder herzlich ein.<\/em><\/p>\n<h4 style=\"text-align: center;\"><em><strong>Klaus Hartmann, der Vorsitzende des Deutschen Freidenkerverbandes, wird Referent und Gespr\u00e4chspartner sein.\u00a0<\/strong><\/em><\/h4>\n<p><em>Thematisch geht es darum, dass <strong>die milit\u00e4rische Einkreisung Ru\u00dflands durch die Nato<\/strong> vor ihrem Abschluss steht. <\/em><\/p>\n<p style=\"text-align: left;\"><strong><em>Ist die Gefahr eines Krieges gegen Ru\u00dfland dadurch geringer, dass die Trumpregierung das B\u00fcndnis f\u00fcr obsolet erkl\u00e4rt hat?<\/em><\/strong><\/p>\n<p><em>Bis dahin herzliche Gr\u00fc\u00dfe<\/em><\/p>\n<p><em>Eure \u00a0Renate Sch\u00f6nfeld<\/em><\/p>\n","protected":false},"excerpt":{"rendered":"<p>Wichtiger Termin &#8222;au\u00dfer der Reihe&#8220;: Liebe Freunde,\u00a0 zu unserem n\u00e4chsten Treffen am Sonnabend, dem 1. Juli, um 14 Uhr im &#8222;Miteinander Wohnen&#8220;, Volkradstr. 8 in Lichtenberg, lade ich Euch wieder herzlich ein. Klaus Hartmann, der Vorsitzende des Deutschen Freidenkerverbandes, wird Referent und Gespr\u00e4chspartner sein.\u00a0 Thematisch geht es darum, dass die milit\u00e4rische Einkreisung Ru\u00dflands durch die [&hellip;]<\/p>\n","protected":false},"author":4,"featured_media":0,"comment_status":"open","ping_status":"open","sticky":false,"template":"","format":"standard","meta":{"jetpack_post_was_ever_published":false,"_jetpack_newsletter_access":"","_jetpack_dont_email_post_to_subs":true,"_jetpack_newsletter_tier_id":0,"_jetpack_memberships_contains_paywalled_content":false,"_jetpack_memberships_contains_paid_content":false,"footnotes":""},"categories":[49,30,46,175,21,13],"tags":[202,622],"class_list":["post-4147","post","type-post","status-publish","format-standard","hentry","category-aufklaerung","category-europa","category-freidenker-im-gespraech","category-nato","category-politik","category-veranstaltungen","tag-klaus-hartmann","tag-marzahner-runde"],"jetpack_featured_media_url":"","jetpack_shortlink":"https:\/\/wp.me\/py5dN-14T","jetpack_sharing_enabled":true,"_links":{"self":[{"href":"https:\/\/www.berlin.freidenker.org\/index.php?rest_route=\/wp\/v2\/posts\/4147","targetHints":{"allow":["GET"]}}],"collection":[{"href":"https:\/\/www.berlin.freidenker.org\/index.php?rest_route=\/wp\/v2\/posts"}],"about":[{"href":"https:\/\/www.berlin.freidenker.org\/index.php?rest_route=\/wp\/v2\/types\/post"}],"author":[{"embeddable":true,"href":"https:\/\/www.berlin.freidenker.org\/index.php?rest_route=\/wp\/v2\/users\/4"}],"replies":[{"embeddable":true,"href":"https:\/\/www.berlin.freidenker.org\/index.php?rest_route=%2Fwp%2Fv2%2Fcomments&post=4147"}],"version-history":[{"count":3,"href":"https:\/\/www.berlin.freidenker.org\/index.php?rest_route=\/wp\/v2\/posts\/4147\/revisions"}],"predecessor-version":[{"id":4150,"href":"https:\/\/www.berlin.freidenker.org\/index.php?rest_route=\/wp\/v2\/posts\/4147\/revisions\/4150"}],"wp:attachment":[{"href":"https:\/\/www.berlin.freidenker.org\/index.php?rest_route=%2Fwp%2Fv2%2Fmedia&parent=4147"}],"wp:term":[{"taxonomy":"category","embeddable":true,"href":"https:\/\/www.berlin.freidenker.org\/index.php?rest_route=%2Fwp%2Fv2%2Fcategories&post=4147"},{"taxonomy":"post_tag","embeddable":true,"href":"https:\/\/www.berlin.freidenker.org\/index.php?rest_route=%2Fwp%2Fv2%2Ftags&post=4147"}],"curies":[{"name":"wp","href":"https:\/\/api.w.org\/{rel}","templated":true}]}}