{"id":4159,"date":"2017-06-30T09:30:17","date_gmt":"2017-06-30T07:30:17","guid":{"rendered":"http:\/\/www.berlin.freidenker.org\/?p=4159"},"modified":"2017-06-30T10:04:40","modified_gmt":"2017-06-30T08:04:40","slug":"auch-interessant","status":"publish","type":"post","link":"https:\/\/www.berlin.freidenker.org\/?p=4159","title":{"rendered":"auch interessant!"},"content":{"rendered":"<p>Wir Berliner Freidenker bereiten gerade unsere kleine <strong>&#8222;Mittelalter-Luther-M\u00fcntzer-Fahrt&#8220;<\/strong> vor. Vom 7.7. bis 9.7. 2017 soll es nach Quedlinburg, Bad Frankenhausen und M\u00fchlhausen gehen. (Ausf\u00fchrliche Infos folgen.)<\/p>\n<p>Wittenberg besuchen wir nicht und werden somit nicht direkt mit dem antisemitischen Relief der &#8222;Judensau&#8220; konfrontiert sein. Um seine Entfernung oder seinen Verbleib soll es eine<a href=\"http:\/\/www.mdr.de\/sachsen-anhalt\/dessau\/stadtrat-zu-judensau-relief-wittenberg-100.html\" target=\"_blank\"> monatelange Diskussion<\/a> gegeben haben. Jetzt hat der Stadtrat entschieden, dass das Relief aus dem Jahre 1305 (!) (samt zugeordneter mahnender Gedenktafel) bleiben darf.<\/p>\n<p><strong>Ich bin schockiert dar\u00fcber, mit welcher R\u00fccksichtslosigkeit die gegenw\u00e4rtige Ideologie der sogenannten politischen Korrektheit (Das ist eine IDEOLOGIE DER SCHLEICHENDEN FASCHISIERUNG, hier in philosemitischer Verkleidung.) die Ausl\u00f6schung von Geschichte betreibt. (Ein &#8222;britischer Theologe&#8220; ist der Frontmann der<a href=\"http:\/\/www.mdr.de\/sachsen-anhalt\/dessau\/judensau-kritiker-besucht-wittenberg-100.html\" target=\"_blank\"> anhaltenden Kampagne<\/a>.) <\/strong><\/p>\n<p style=\"text-align: center;\"><strong>Das ist der Ungeist der ISIS-Zerst\u00f6rungen steinalter Kulturzeugnisse ins Mitteleurop\u00e4ische \u00fcbersetzt.<\/strong><\/p>\n<p style=\"text-align: left;\">Ich sehe die Linke dringend gefordert , ihr wissenschaftliches (also historisch-materialistisches) Verst\u00e4ndnis von Geschichte und Nation erneut zu bestimmen und ohne jedes Sektierertum offensiv zu vertreten.\u00a0Und \u00fcber die Linke hinaus: Alle Menschen humanistischer Gesinnung sollten sich gegen alle Formen des religi\u00f6sen Fundamentalismus wehren.<\/p>\n<p style=\"text-align: center;\"><strong>F\u00fcr Aufkl\u00e4rung und gegen jede Art von Gotteskriegerei!\u00a0<\/strong><\/p>\n","protected":false},"excerpt":{"rendered":"<p>Wir Berliner Freidenker bereiten gerade unsere kleine &#8222;Mittelalter-Luther-M\u00fcntzer-Fahrt&#8220; vor. Vom 7.7. bis 9.7. 2017 soll es nach Quedlinburg, Bad Frankenhausen und M\u00fchlhausen gehen. (Ausf\u00fchrliche Infos folgen.) Wittenberg besuchen wir nicht und werden somit nicht direkt mit dem antisemitischen Relief der &#8222;Judensau&#8220; konfrontiert sein. Um seine Entfernung oder seinen Verbleib soll es eine monatelange Diskussion gegeben [&hellip;]<\/p>\n","protected":false},"author":4,"featured_media":0,"comment_status":"open","ping_status":"open","sticky":false,"template":"","format":"standard","meta":{"jetpack_post_was_ever_published":false,"_jetpack_newsletter_access":"","_jetpack_dont_email_post_to_subs":true,"_jetpack_newsletter_tier_id":0,"_jetpack_memberships_contains_paywalled_content":false,"_jetpack_memberships_contains_paid_content":false,"footnotes":""},"categories":[49,30,19,47,21,80,8,23],"tags":[71,626,346,87,624,625,506],"class_list":["post-4159","post","type-post","status-publish","format-standard","hentry","category-aufklaerung","category-europa","category-kultur","category-nation","category-politik","category-religion","category-standpunkte","category-syrien","tag-antisemitismus","tag-isis","tag-luther","tag-nwo","tag-philosemitismus","tag-wittenberg","tag-zionismus"],"jetpack_featured_media_url":"","jetpack_shortlink":"https:\/\/wp.me\/py5dN-155","jetpack_sharing_enabled":true,"_links":{"self":[{"href":"https:\/\/www.berlin.freidenker.org\/index.php?rest_route=\/wp\/v2\/posts\/4159","targetHints":{"allow":["GET"]}}],"collection":[{"href":"https:\/\/www.berlin.freidenker.org\/index.php?rest_route=\/wp\/v2\/posts"}],"about":[{"href":"https:\/\/www.berlin.freidenker.org\/index.php?rest_route=\/wp\/v2\/types\/post"}],"author":[{"embeddable":true,"href":"https:\/\/www.berlin.freidenker.org\/index.php?rest_route=\/wp\/v2\/users\/4"}],"replies":[{"embeddable":true,"href":"https:\/\/www.berlin.freidenker.org\/index.php?rest_route=%2Fwp%2Fv2%2Fcomments&post=4159"}],"version-history":[{"count":9,"href":"https:\/\/www.berlin.freidenker.org\/index.php?rest_route=\/wp\/v2\/posts\/4159\/revisions"}],"predecessor-version":[{"id":4168,"href":"https:\/\/www.berlin.freidenker.org\/index.php?rest_route=\/wp\/v2\/posts\/4159\/revisions\/4168"}],"wp:attachment":[{"href":"https:\/\/www.berlin.freidenker.org\/index.php?rest_route=%2Fwp%2Fv2%2Fmedia&parent=4159"}],"wp:term":[{"taxonomy":"category","embeddable":true,"href":"https:\/\/www.berlin.freidenker.org\/index.php?rest_route=%2Fwp%2Fv2%2Fcategories&post=4159"},{"taxonomy":"post_tag","embeddable":true,"href":"https:\/\/www.berlin.freidenker.org\/index.php?rest_route=%2Fwp%2Fv2%2Ftags&post=4159"}],"curies":[{"name":"wp","href":"https:\/\/api.w.org\/{rel}","templated":true}]}}