{"id":4169,"date":"2017-06-30T22:36:08","date_gmt":"2017-06-30T20:36:08","guid":{"rendered":"http:\/\/www.berlin.freidenker.org\/?p=4169"},"modified":"2017-07-01T15:50:07","modified_gmt":"2017-07-01T13:50:07","slug":"noch-einmal-zum-zdf-mit-seinem-krude-thesen-vorwurf-3","status":"publish","type":"post","link":"https:\/\/www.berlin.freidenker.org\/?p=4169","title":{"rendered":"Noch einmal zum ZDF mit seinem &#8222;Krude-Thesen&#8220;-Vorwurf (3)"},"content":{"rendered":"<p>Zum dritten und letzten Mal, konfrontieren wir das ZDF mit seinem Vorwurf an PTM-Aktivisten, sie w\u00fcrden &#8222;krude Thesen&#8220; verbreiten. (Hier unsere Beitr\u00e4ge <a href=\"https:\/\/www.berlin.freidenker.org\/?p=4099\" target=\"_blank\">eins<\/a> und <a href=\"https:\/\/www.berlin.freidenker.org\/?p=4121\" target=\"_blank\">zwei<\/a>.)<\/p>\n<p>Wieder lassen wir Bilder sprechen:<\/p>\n<p style=\"text-align: center;\"><a href=\"https:\/\/i0.wp.com\/www.berlin.freidenker.org\/wp-content\/uploads\/2017\/06\/ptm-extra-WP_20170625_13_59_58_Pro-web.jpg?ssl=1\"><img data-recalc-dims=\"1\" loading=\"lazy\" decoding=\"async\" class=\"alignnone size-full wp-image-4183\" src=\"https:\/\/i0.wp.com\/www.berlin.freidenker.org\/wp-content\/uploads\/2017\/06\/ptm-extra-WP_20170625_13_59_58_Pro-web.jpg?resize=500%2C281&#038;ssl=1\" alt=\"\" width=\"500\" height=\"281\" srcset=\"https:\/\/i0.wp.com\/www.berlin.freidenker.org\/wp-content\/uploads\/2017\/06\/ptm-extra-WP_20170625_13_59_58_Pro-web.jpg?w=500&amp;ssl=1 500w, https:\/\/i0.wp.com\/www.berlin.freidenker.org\/wp-content\/uploads\/2017\/06\/ptm-extra-WP_20170625_13_59_58_Pro-web.jpg?resize=300%2C169&amp;ssl=1 300w\" sizes=\"auto, (max-width: 500px) 100vw, 500px\" \/><\/a><\/p>\n<p><a href=\"https:\/\/i0.wp.com\/www.berlin.freidenker.org\/wp-content\/uploads\/2017\/06\/ptm-3-WP_20170623_16_04_31_Pro-web.jpg?ssl=1\"><img data-recalc-dims=\"1\" loading=\"lazy\" decoding=\"async\" class=\"alignnone size-full wp-image-4172 aligncenter\" src=\"https:\/\/i0.wp.com\/www.berlin.freidenker.org\/wp-content\/uploads\/2017\/06\/ptm-3-WP_20170623_16_04_31_Pro-web.jpg?resize=500%2C290&#038;ssl=1\" alt=\"\" width=\"500\" height=\"290\" srcset=\"https:\/\/i0.wp.com\/www.berlin.freidenker.org\/wp-content\/uploads\/2017\/06\/ptm-3-WP_20170623_16_04_31_Pro-web.jpg?w=500&amp;ssl=1 500w, https:\/\/i0.wp.com\/www.berlin.freidenker.org\/wp-content\/uploads\/2017\/06\/ptm-3-WP_20170623_16_04_31_Pro-web.jpg?resize=300%2C174&amp;ssl=1 300w\" sizes=\"auto, (max-width: 500px) 100vw, 500px\" \/><\/a><\/p>\n<p style=\"text-align: center;\"><a href=\"https:\/\/i0.wp.com\/www.berlin.freidenker.org\/wp-content\/uploads\/2017\/06\/ptm-4-WP_20170623_16_04_52_Pro-web.jpg?ssl=1\"><img data-recalc-dims=\"1\" loading=\"lazy\" decoding=\"async\" class=\"alignnone size-full wp-image-4171\" src=\"https:\/\/i0.wp.com\/www.berlin.freidenker.org\/wp-content\/uploads\/2017\/06\/ptm-4-WP_20170623_16_04_52_Pro-web.jpg?resize=500%2C229&#038;ssl=1\" alt=\"\" width=\"500\" height=\"229\" srcset=\"https:\/\/i0.wp.com\/www.berlin.freidenker.org\/wp-content\/uploads\/2017\/06\/ptm-4-WP_20170623_16_04_52_Pro-web.jpg?w=500&amp;ssl=1 500w, https:\/\/i0.wp.com\/www.berlin.freidenker.org\/wp-content\/uploads\/2017\/06\/ptm-4-WP_20170623_16_04_52_Pro-web.jpg?resize=300%2C137&amp;ssl=1 300w\" sizes=\"auto, (max-width: 500px) 100vw, 500px\" \/><\/a><\/p>\n<p style=\"text-align: center;\"><a href=\"https:\/\/i0.wp.com\/www.berlin.freidenker.org\/wp-content\/uploads\/2017\/06\/ptm-6-WP_20170625_12_34_14_Pro-web.jpg?ssl=1\"><img data-recalc-dims=\"1\" loading=\"lazy\" decoding=\"async\" class=\"alignnone size-full wp-image-4173\" src=\"https:\/\/i0.wp.com\/www.berlin.freidenker.org\/wp-content\/uploads\/2017\/06\/ptm-6-WP_20170625_12_34_14_Pro-web.jpg?resize=500%2C373&#038;ssl=1\" alt=\"\" width=\"500\" height=\"373\" srcset=\"https:\/\/i0.wp.com\/www.berlin.freidenker.org\/wp-content\/uploads\/2017\/06\/ptm-6-WP_20170625_12_34_14_Pro-web.jpg?w=500&amp;ssl=1 500w, https:\/\/i0.wp.com\/www.berlin.freidenker.org\/wp-content\/uploads\/2017\/06\/ptm-6-WP_20170625_12_34_14_Pro-web.jpg?resize=300%2C224&amp;ssl=1 300w\" sizes=\"auto, (max-width: 500px) 100vw, 500px\" \/><\/a><\/p>\n<p style=\"text-align: center;\"><a href=\"https:\/\/i0.wp.com\/www.berlin.freidenker.org\/wp-content\/uploads\/2017\/06\/ptm-7-WP_20170625_13_16_30_Pro-web.jpg?ssl=1\"><img data-recalc-dims=\"1\" loading=\"lazy\" decoding=\"async\" class=\"alignnone size-full wp-image-4174\" src=\"https:\/\/i0.wp.com\/www.berlin.freidenker.org\/wp-content\/uploads\/2017\/06\/ptm-7-WP_20170625_13_16_30_Pro-web.jpg?resize=500%2C314&#038;ssl=1\" alt=\"\" width=\"500\" height=\"314\" srcset=\"https:\/\/i0.wp.com\/www.berlin.freidenker.org\/wp-content\/uploads\/2017\/06\/ptm-7-WP_20170625_13_16_30_Pro-web.jpg?w=500&amp;ssl=1 500w, https:\/\/i0.wp.com\/www.berlin.freidenker.org\/wp-content\/uploads\/2017\/06\/ptm-7-WP_20170625_13_16_30_Pro-web.jpg?resize=300%2C188&amp;ssl=1 300w\" sizes=\"auto, (max-width: 500px) 100vw, 500px\" \/><\/a><\/p>\n<p style=\"text-align: center;\"><a href=\"https:\/\/i0.wp.com\/www.berlin.freidenker.org\/wp-content\/uploads\/2017\/06\/ptm-8-WP_20170625_13_23_26_Pro-web.jpg?ssl=1\"><img data-recalc-dims=\"1\" loading=\"lazy\" decoding=\"async\" class=\"alignnone size-full wp-image-4175\" src=\"https:\/\/i0.wp.com\/www.berlin.freidenker.org\/wp-content\/uploads\/2017\/06\/ptm-8-WP_20170625_13_23_26_Pro-web.jpg?resize=500%2C246&#038;ssl=1\" alt=\"\" width=\"500\" height=\"246\" srcset=\"https:\/\/i0.wp.com\/www.berlin.freidenker.org\/wp-content\/uploads\/2017\/06\/ptm-8-WP_20170625_13_23_26_Pro-web.jpg?w=500&amp;ssl=1 500w, https:\/\/i0.wp.com\/www.berlin.freidenker.org\/wp-content\/uploads\/2017\/06\/ptm-8-WP_20170625_13_23_26_Pro-web.jpg?resize=300%2C148&amp;ssl=1 300w\" sizes=\"auto, (max-width: 500px) 100vw, 500px\" \/><\/a><\/p>\n<p style=\"text-align: center;\"><a href=\"https:\/\/i0.wp.com\/www.berlin.freidenker.org\/wp-content\/uploads\/2017\/06\/ptm-9WP_20170625_13_30_49_Pro-web.jpg?ssl=1\"><img data-recalc-dims=\"1\" loading=\"lazy\" decoding=\"async\" class=\"alignnone size-full wp-image-4176\" src=\"https:\/\/i0.wp.com\/www.berlin.freidenker.org\/wp-content\/uploads\/2017\/06\/ptm-9WP_20170625_13_30_49_Pro-web.jpg?resize=500%2C252&#038;ssl=1\" alt=\"\" width=\"500\" height=\"252\" srcset=\"https:\/\/i0.wp.com\/www.berlin.freidenker.org\/wp-content\/uploads\/2017\/06\/ptm-9WP_20170625_13_30_49_Pro-web.jpg?w=500&amp;ssl=1 500w, https:\/\/i0.wp.com\/www.berlin.freidenker.org\/wp-content\/uploads\/2017\/06\/ptm-9WP_20170625_13_30_49_Pro-web.jpg?resize=300%2C151&amp;ssl=1 300w\" sizes=\"auto, (max-width: 500px) 100vw, 500px\" \/><\/a><\/p>\n<p>Wahrlich, wir haben genug Fotomaterial, um diese Reihe noch lange fortzusetzen (alle und noch viel mehr Bilder sind von <a href=\"http:\/\/www.mona-lisa.org\/Pax-Terra-Musica-2017\/\" target=\"_blank\">Alant Joost<\/a>). Doch wir vertrauen darauf, dass unsere Leserinnen und Leser schon jetzt ihre Schl\u00fcsse ziehen:<\/p>\n<p style=\"text-align: center;\"><strong>Das ZDF, in Gestalt seines Journalisten Kai Schnier, hat sich in die Verleumder-R\u00fcstung geworfen, es hat gutwillige, selbstlose Menschen, die ihre humanen Gedanken zu Krieg und Frieden zum Ausdruck brachten, geschm\u00e4ht, es hat viele andere Menschen, die sich sachlich informieren wollten, desorientiert, es hat also die Kommunikation in unserer Gesellschaft zu diesen Lebensfragen behindert. Das ZDF hat bisher &#8211; wenig \u00fcberraschend &#8211; nicht den Anstand, seinen feindseligen \u00dcbergriff zur\u00fcckzunehmen, und &#8211; um das Ma\u00df des Zynismus vollzumachen &#8211; es treibt dieses \u00fcble Spiel mit dem Geld, das wir ihm zwangsverpflichtet zahlen m\u00fcssen.<\/strong><\/p>\n<p style=\"text-align: left;\">Das ZDF-Team im Abgang:<\/p>\n<p style=\"text-align: center;\"><a href=\"https:\/\/i0.wp.com\/www.berlin.freidenker.org\/wp-content\/uploads\/2017\/06\/ptm-5-WP_20170624_16_01_41_Pro-web.jpg?ssl=1\"><img data-recalc-dims=\"1\" loading=\"lazy\" decoding=\"async\" class=\"alignnone size-full wp-image-4177\" src=\"https:\/\/i0.wp.com\/www.berlin.freidenker.org\/wp-content\/uploads\/2017\/06\/ptm-5-WP_20170624_16_01_41_Pro-web.jpg?resize=500%2C501&#038;ssl=1\" alt=\"\" width=\"500\" height=\"501\" srcset=\"https:\/\/i0.wp.com\/www.berlin.freidenker.org\/wp-content\/uploads\/2017\/06\/ptm-5-WP_20170624_16_01_41_Pro-web.jpg?w=500&amp;ssl=1 500w, https:\/\/i0.wp.com\/www.berlin.freidenker.org\/wp-content\/uploads\/2017\/06\/ptm-5-WP_20170624_16_01_41_Pro-web.jpg?resize=150%2C150&amp;ssl=1 150w, https:\/\/i0.wp.com\/www.berlin.freidenker.org\/wp-content\/uploads\/2017\/06\/ptm-5-WP_20170624_16_01_41_Pro-web.jpg?resize=300%2C300&amp;ssl=1 300w\" sizes=\"auto, (max-width: 500px) 100vw, 500px\" \/><\/a><\/p>\n<p style=\"text-align: left;\">Unsere Auseinandersetzung mit dem Vorwurf der &#8222;kruden Thesen&#8220; soll damit vorerst beendet sein. Wahrscheinlich kommen wir noch auf andere Momente von \u00dcbergriffigkeit im ZDF-Beitrag zu sprechen. Vielleicht beehren uns ja auch das ZDF oder Herr Schnier pers\u00f6nlich mit einer Stellungnahme, die wir selbstverst\u00e4ndlich ver\u00f6ffentlichen w\u00fcrden. Viel wichtige aber ist es uns, von einigen der positiven Eindr\u00fccke und hilfreichen Erfahrungen zu berichten, die uns das PTM-Festival vermittelte.<\/p>\n","protected":false},"excerpt":{"rendered":"<p>Zum dritten und letzten Mal, konfrontieren wir das ZDF mit seinem Vorwurf an PTM-Aktivisten, sie w\u00fcrden &#8222;krude Thesen&#8220; verbreiten. (Hier unsere Beitr\u00e4ge eins und zwei.) Wieder lassen wir Bilder sprechen: Wahrlich, wir haben genug Fotomaterial, um diese Reihe noch lange fortzusetzen (alle und noch viel mehr Bilder sind von Alant Joost). Doch wir vertrauen darauf, [&hellip;]<\/p>\n","protected":false},"author":4,"featured_media":0,"comment_status":"open","ping_status":"open","sticky":false,"template":"","format":"standard","meta":{"jetpack_post_was_ever_published":false,"_jetpack_newsletter_access":"","_jetpack_dont_email_post_to_subs":true,"_jetpack_newsletter_tier_id":0,"_jetpack_memberships_contains_paywalled_content":false,"_jetpack_memberships_contains_paid_content":false,"footnotes":""},"categories":[49,14,46,22,45,19,175,21,8],"tags":[59,608,627,86,614],"class_list":["post-4169","post","type-post","status-publish","format-standard","hentry","category-aufklaerung","category-aktivitaeten-des-dfv-berlin","category-freidenker-im-gespraech","category-friedensaktionen","category-friedensbewegung","category-kultur","category-nato","category-politik","category-standpunkte","tag-freidenker","tag-pax-terra-musica","tag-ptm-festival","tag-verschwoerungstheorie","tag-zdf-heute"],"jetpack_featured_media_url":"","jetpack_shortlink":"https:\/\/wp.me\/py5dN-15f","jetpack_sharing_enabled":true,"_links":{"self":[{"href":"https:\/\/www.berlin.freidenker.org\/index.php?rest_route=\/wp\/v2\/posts\/4169","targetHints":{"allow":["GET"]}}],"collection":[{"href":"https:\/\/www.berlin.freidenker.org\/index.php?rest_route=\/wp\/v2\/posts"}],"about":[{"href":"https:\/\/www.berlin.freidenker.org\/index.php?rest_route=\/wp\/v2\/types\/post"}],"author":[{"embeddable":true,"href":"https:\/\/www.berlin.freidenker.org\/index.php?rest_route=\/wp\/v2\/users\/4"}],"replies":[{"embeddable":true,"href":"https:\/\/www.berlin.freidenker.org\/index.php?rest_route=%2Fwp%2Fv2%2Fcomments&post=4169"}],"version-history":[{"count":6,"href":"https:\/\/www.berlin.freidenker.org\/index.php?rest_route=\/wp\/v2\/posts\/4169\/revisions"}],"predecessor-version":[{"id":4185,"href":"https:\/\/www.berlin.freidenker.org\/index.php?rest_route=\/wp\/v2\/posts\/4169\/revisions\/4185"}],"wp:attachment":[{"href":"https:\/\/www.berlin.freidenker.org\/index.php?rest_route=%2Fwp%2Fv2%2Fmedia&parent=4169"}],"wp:term":[{"taxonomy":"category","embeddable":true,"href":"https:\/\/www.berlin.freidenker.org\/index.php?rest_route=%2Fwp%2Fv2%2Fcategories&post=4169"},{"taxonomy":"post_tag","embeddable":true,"href":"https:\/\/www.berlin.freidenker.org\/index.php?rest_route=%2Fwp%2Fv2%2Ftags&post=4169"}],"curies":[{"name":"wp","href":"https:\/\/api.w.org\/{rel}","templated":true}]}}