{"id":42,"date":"2009-04-17T18:43:20","date_gmt":"2009-04-17T16:43:20","guid":{"rendered":"http:\/\/www.berlin.freidenker.org\/?p=42"},"modified":"2009-04-17T19:40:10","modified_gmt":"2009-04-17T17:40:10","slug":"gedenken-zum-150geburtstag-von-adolph-hoffmann","status":"publish","type":"post","link":"https:\/\/www.berlin.freidenker.org\/?p=42","title":{"rendered":"Gedenken zum 150. Geburtstag von Adolph Hoffmann"},"content":{"rendered":"<p>Am 19.M\u00e4rz 2008 gedachten Mitglieder des Landesverbandes Berlin des Deutschen Freidenker Verbandes und der Freireligi\u00f6sen Gemeinde Berlin auf dem Friedhof der Sozialisten Berlin-Friedrichsfelde des 150.<br \/>\nGeburtstages von Adolph Hoffmann.<\/p>\n<p><!--more--><\/p>\n<p style=\"text-align: center;\"><a href=\".\/wp-content\/uploads\/foto\/ahoffmann-gedenken1.jpg\"><img loading=\"lazy\" decoding=\"async\" class=\"aligncenter\" src=\"..\/wp-content\/uploads\/thumb\/ahoffmann-gedenken1.jpg\" alt=\"\" width=\"320\" height=\"240\" \/><\/a><\/p>\n<p style=\"text-align: center;\"><a href=\"..\/wp-content\/uploads\/foto\/ahoffmann-gedenken2.jpg\"><img loading=\"lazy\" decoding=\"async\" class=\"aligncenter\" src=\"..\/wp-content\/uploads\/thumb\/ahoffmann-gedenken2.jpg\" alt=\"\" width=\"320\" height=\"240\" \/><\/a><\/p>\n<p>Am Grab des ehemaligen Vorsitzenden der Freireligi\u00f6sen Gemeinde Berlins und Sozialisten w\u00fcrdigte der Historiker Gernot Bandur das Leben von A.Hoffmann.<\/p>\n<p>Als Stadtverordneter (seit 1900), Mitglied des Reichstages (1904-1906 und 1920-1924) und des Preu\u00dfischen Landtages (1908-1921 und 1928-1930) trat er in fast allen Debatten zur Schul- und Kirchenpolitik auf, forderte die Trennung von Staat und Kirche sowie die Ausbildung aller Jugendlichen entsprechend ihren F\u00e4higkeiten, basierend auf den neuesten Erkenntnissen der Wissenschaft.<\/p>\n<p>Anschlie\u00dfend erinnerte Anke Reuther, Vorsitzende der Freireligi\u00f6sen Gemeinde Berlins, an das Wirken A.Hoffmanns als Vorsitzender der Freireligi\u00f6sen Gemeinde Berlins.<\/p>\n<p style=\"text-align: center;\"><a href=\"..\/wp-content\/uploads\/foto\/ahoffmann-gedenken3.jpg\"><img loading=\"lazy\" decoding=\"async\" class=\"aligncenter\" src=\"..\/wp-content\/uploads\/thumb\/ahoffmann-gedenken3.jpg\" alt=\"\" width=\"320\" height=\"240\" \/><\/a><\/p>\n<p style=\"text-align: center;\"><a href=\"..\/wp-content\/uploads\/foto\/ahoffmann-gedenken4.jpg\"><img loading=\"lazy\" decoding=\"async\" class=\"aligncenter\" src=\"..\/wp-content\/uploads\/thumb\/ahoffmann-gedenken4.jpg\" alt=\"\" width=\"320\" height=\"240\" \/><\/a><\/p>\n<p>Anke Reuther, f\u00fcr die Freireligi\u00f6se Gemeinde Berlins und Egon Dobias, f\u00fcr den Landesverband Berlin des DFV, legten am Grab Adolph Hoffmanns Blumengebinde nieder.<\/p>\n","protected":false},"excerpt":{"rendered":"<p>Am 19.M\u00e4rz 2008 gedachten Mitglieder des Landesverbandes Berlin des Deutschen Freidenker Verbandes und der Freireligi\u00f6sen Gemeinde Berlin auf dem Friedhof der Sozialisten Berlin-Friedrichsfelde des 150. Geburtstages von Adolph Hoffmann.<\/p>\n","protected":false},"author":4,"featured_media":0,"comment_status":"closed","ping_status":"closed","sticky":false,"template":"","format":"standard","meta":{"jetpack_post_was_ever_published":false,"_jetpack_newsletter_access":"","_jetpack_dont_email_post_to_subs":false,"_jetpack_newsletter_tier_id":0,"_jetpack_memberships_contains_paywalled_content":false,"_jetpack_memberships_contains_paid_content":false,"footnotes":""},"categories":[1],"tags":[],"class_list":["post-42","post","type-post","status-publish","format-standard","hentry","category-allgemein"],"jetpack_featured_media_url":"","jetpack_shortlink":"https:\/\/wp.me\/py5dN-G","jetpack_sharing_enabled":true,"_links":{"self":[{"href":"https:\/\/www.berlin.freidenker.org\/index.php?rest_route=\/wp\/v2\/posts\/42","targetHints":{"allow":["GET"]}}],"collection":[{"href":"https:\/\/www.berlin.freidenker.org\/index.php?rest_route=\/wp\/v2\/posts"}],"about":[{"href":"https:\/\/www.berlin.freidenker.org\/index.php?rest_route=\/wp\/v2\/types\/post"}],"author":[{"embeddable":true,"href":"https:\/\/www.berlin.freidenker.org\/index.php?rest_route=\/wp\/v2\/users\/4"}],"replies":[{"embeddable":true,"href":"https:\/\/www.berlin.freidenker.org\/index.php?rest_route=%2Fwp%2Fv2%2Fcomments&post=42"}],"version-history":[{"count":11,"href":"https:\/\/www.berlin.freidenker.org\/index.php?rest_route=\/wp\/v2\/posts\/42\/revisions"}],"predecessor-version":[{"id":68,"href":"https:\/\/www.berlin.freidenker.org\/index.php?rest_route=\/wp\/v2\/posts\/42\/revisions\/68"}],"wp:attachment":[{"href":"https:\/\/www.berlin.freidenker.org\/index.php?rest_route=%2Fwp%2Fv2%2Fmedia&parent=42"}],"wp:term":[{"taxonomy":"category","embeddable":true,"href":"https:\/\/www.berlin.freidenker.org\/index.php?rest_route=%2Fwp%2Fv2%2Fcategories&post=42"},{"taxonomy":"post_tag","embeddable":true,"href":"https:\/\/www.berlin.freidenker.org\/index.php?rest_route=%2Fwp%2Fv2%2Ftags&post=42"}],"curies":[{"name":"wp","href":"https:\/\/api.w.org\/{rel}","templated":true}]}}