{"id":4200,"date":"2017-07-04T11:43:27","date_gmt":"2017-07-04T09:43:27","guid":{"rendered":"http:\/\/www.berlin.freidenker.org\/?p=4200"},"modified":"2017-07-05T16:09:26","modified_gmt":"2017-07-05T14:09:26","slug":"zu-schade-fuer-den-papierkorb-leserbrief-vom-4-7-2017-an-die-junge-welt","status":"publish","type":"post","link":"https:\/\/www.berlin.freidenker.org\/?p=4200","title":{"rendered":"Zu schade f\u00fcr den Papierkorb&#8230; Leserbrief vom 4.7.2017 an die &#8222;junge Welt&#8220;"},"content":{"rendered":"<h4 style=\"text-align: center;\"><span style=\"color: #008000;\">Uns erreichen immer wieder Leserbriefe, die eigentlich an die &#8222;junge Welt&#8220; gerichtet sind aber nie das Licht derselben erblicken.<\/span><\/h4>\n<h4 style=\"text-align: center;\"><span style=\"color: #ff0000;\">Offenbar landen sie im Papierkorb.<\/span><\/h4>\n<h4 style=\"text-align: center;\"><span style=\"color: #0000ff;\">Diesen haben wir hervorgeholt<\/span>:<\/h4>\n<h4><\/h4>\n<h4>\u00abStart in die Protestwoche\u00bb, von Andre Scheer und Georg Hoppe, junge Welt vom 3.7.2017<\/h4>\n<p><em>Hallo,<\/em><\/p>\n<p><em>ausgehend vom vertrauten Schema produktm\u00e4ssiger Typen-Bezeichnung geh\u00f6rt f\u00fcr viele denkfaule Linke der G-20-Gipfel zur gleichen Produktreihe wie auch der G-7-Gipfel. Ein v\u00f6lliger Trugschluss nat\u00fcrlich &#8211; auch wenn die von Dietmar Koschmieder gef\u00fchrte junge Welt diesen Trugschluss eifrigst propagiert. Denn G7 b\u00fcndelt die Kr\u00e4fte des Imperialismus und des Krieges, bei G20 hingegen stehen sich diese Kr\u00e4fte und ihre globalen Widersacher gegen\u00fcber. Der Protest gegen G 20 ist daher genauso unsinnig wie ein Protest etwa gegen die UNO, in der ja ebenfalls das imperialistische \u00dcbel, aber eben auch seine Negation, vertreten ist. Ein solch unsinniger Protest ist nicht nur Kr\u00e4ftevergeudung, sondern vor allem Ablenkung vom wirklichen Gegner, dem im eigenen Land &amp; Lager stehenden Hauptfeind: NATO und EU!<\/em><\/p>\n<p><em>Mit freundlichen Gr\u00fcssen<\/em><\/p>\n<p><em>H. K.<\/em><\/p>\n<p><strong>&#8212;&#8212;&#8212;&#8212;&#8212;&#8212;&#8212;&#8212;&#8212;- <\/strong><\/p>\n<p><strong>Ausf\u00fchrlicher zur Problematik der G20-Proteste <a href=\"http:\/\/www.nachdenkseiten.de\/?p=39058\" target=\"_blank\">hier<\/a> und <a href=\"https:\/\/de.sputniknews.com\/panorama\/20170614316156701-g20-proteste-berechtigte-globalisierungskritik\/\" target=\"_blank\">hier.<\/a><\/strong><\/p>\n","protected":false},"excerpt":{"rendered":"<p>Uns erreichen immer wieder Leserbriefe, die eigentlich an die &#8222;junge Welt&#8220; gerichtet sind aber nie das Licht derselben erblicken. Offenbar landen sie im Papierkorb. Diesen haben wir hervorgeholt: \u00abStart in die Protestwoche\u00bb, von Andre Scheer und Georg Hoppe, junge Welt vom 3.7.2017 Hallo, ausgehend vom vertrauten Schema produktm\u00e4ssiger Typen-Bezeichnung geh\u00f6rt f\u00fcr viele denkfaule Linke der [&hellip;]<\/p>\n","protected":false},"author":4,"featured_media":0,"comment_status":"open","ping_status":"open","sticky":false,"template":"","format":"standard","meta":{"jetpack_post_was_ever_published":false,"_jetpack_newsletter_access":"","_jetpack_dont_email_post_to_subs":true,"_jetpack_newsletter_tier_id":0,"_jetpack_memberships_contains_paywalled_content":false,"_jetpack_memberships_contains_paid_content":false,"footnotes":""},"categories":[49,22,45,175,21,8],"tags":[641,639,241,640,58,87],"class_list":["post-4200","post","type-post","status-publish","format-standard","hentry","category-aufklaerung","category-friedensaktionen","category-friedensbewegung","category-nato","category-politik","category-standpunkte","tag-aktionismus","tag-g-20","tag-junge-welt","tag-koschmieder","tag-multipolare-welt","tag-nwo"],"jetpack_featured_media_url":"","jetpack_shortlink":"https:\/\/wp.me\/py5dN-15K","jetpack_sharing_enabled":true,"_links":{"self":[{"href":"https:\/\/www.berlin.freidenker.org\/index.php?rest_route=\/wp\/v2\/posts\/4200","targetHints":{"allow":["GET"]}}],"collection":[{"href":"https:\/\/www.berlin.freidenker.org\/index.php?rest_route=\/wp\/v2\/posts"}],"about":[{"href":"https:\/\/www.berlin.freidenker.org\/index.php?rest_route=\/wp\/v2\/types\/post"}],"author":[{"embeddable":true,"href":"https:\/\/www.berlin.freidenker.org\/index.php?rest_route=\/wp\/v2\/users\/4"}],"replies":[{"embeddable":true,"href":"https:\/\/www.berlin.freidenker.org\/index.php?rest_route=%2Fwp%2Fv2%2Fcomments&post=4200"}],"version-history":[{"count":7,"href":"https:\/\/www.berlin.freidenker.org\/index.php?rest_route=\/wp\/v2\/posts\/4200\/revisions"}],"predecessor-version":[{"id":4220,"href":"https:\/\/www.berlin.freidenker.org\/index.php?rest_route=\/wp\/v2\/posts\/4200\/revisions\/4220"}],"wp:attachment":[{"href":"https:\/\/www.berlin.freidenker.org\/index.php?rest_route=%2Fwp%2Fv2%2Fmedia&parent=4200"}],"wp:term":[{"taxonomy":"category","embeddable":true,"href":"https:\/\/www.berlin.freidenker.org\/index.php?rest_route=%2Fwp%2Fv2%2Fcategories&post=4200"},{"taxonomy":"post_tag","embeddable":true,"href":"https:\/\/www.berlin.freidenker.org\/index.php?rest_route=%2Fwp%2Fv2%2Ftags&post=4200"}],"curies":[{"name":"wp","href":"https:\/\/api.w.org\/{rel}","templated":true}]}}