{"id":4223,"date":"2017-07-11T00:12:33","date_gmt":"2017-07-10T22:12:33","guid":{"rendered":"http:\/\/www.berlin.freidenker.org\/?p=4223"},"modified":"2023-10-09T15:30:02","modified_gmt":"2023-10-09T13:30:02","slug":"7-7-bis-9-7-die-mittelalter-luther-muentzer-fahrt-von-berliner-freidenkern","status":"publish","type":"post","link":"https:\/\/www.berlin.freidenker.org\/?p=4223","title":{"rendered":"7.7. bis 9.7.: Die &#8222;Mittelalter-Luther-M\u00fcntzer-Fahrt&#8220; von Berliner Freidenkern"},"content":{"rendered":"<p>Die Stadt Quedlinburg, Weltkulturerbe, das Panorama &#8222;Fr\u00fchb\u00fcrgerliche Revolution in Deutschland&#8220; in Bad Frankenhausen und die Bauernkriegs- und M\u00fcntzer-Gedenkst\u00e4tten in M\u00fchlhausen standen auf dem Programm der sechs Wissbegierigen.&#8220;Der alte Fritz&#8220;, zentral gelegenes Hotel in imposantem Fachwerkhaus, bot die<a href=\"https:\/\/www.quedlinburg.de\/de\/fachwerk.html\" target=\"_blank\" rel=\"noopener\"> z\u00fcnftige Quedlinburger Unterkunft<\/a>.<\/p>\n<p><a href=\"https:\/\/i0.wp.com\/www.berlin.freidenker.org\/wp-content\/uploads\/2017\/07\/Freidenkerfahrt-15.jpg?ssl=1\"><img data-recalc-dims=\"1\" loading=\"lazy\" decoding=\"async\" class=\"alignnone size-full wp-image-4226\" src=\"https:\/\/i0.wp.com\/www.berlin.freidenker.org\/wp-content\/uploads\/2017\/07\/Freidenkerfahrt-15.jpg?resize=500%2C355&#038;ssl=1\" alt=\"\" width=\"500\" height=\"355\" srcset=\"https:\/\/i0.wp.com\/www.berlin.freidenker.org\/wp-content\/uploads\/2017\/07\/Freidenkerfahrt-15.jpg?w=500&amp;ssl=1 500w, https:\/\/i0.wp.com\/www.berlin.freidenker.org\/wp-content\/uploads\/2017\/07\/Freidenkerfahrt-15.jpg?resize=300%2C213&amp;ssl=1 300w\" sizes=\"auto, (max-width: 500px) 100vw, 500px\" \/><\/a><\/p>\n<p>Hier sind sie am Start, von rechts nach links: Christa, Alant, Jean-Theo, Edi, Uta und Klaus-Peter, der gerade fotografiert. Der siebente im Bunde, ganz links, ist Thomas Loch, Vorsitzender der Freidenker Sachsen-Anhalt und Niedersachsen, der uns mit einer gro\u00dfartigen, fast f\u00fcnfst\u00fcndigen (!) F\u00fchrung nicht nur seine Wahlheimat Quedlinburg nahe brachte, sondern auch vom Stadt- und Landleben im Hochmittelalter wissenschaftlich gr\u00fcndlich und unterhaltend zugleich zu erz\u00e4hlen wusste. Ihm (der uns nebenbei auch noch in die N\u00e4he unserer physischen Grenzen brachte) haben wir es zu danken, dass unsere Reise gleich mit einem H\u00f6hepunkt begann.<\/p>\n<p><a href=\"https:\/\/i0.wp.com\/www.berlin.freidenker.org\/wp-content\/uploads\/2017\/07\/Freidenkerfahrt-1.jpg?ssl=1\"><img data-recalc-dims=\"1\" loading=\"lazy\" decoding=\"async\" class=\"alignnone size-full wp-image-4228\" src=\"https:\/\/i0.wp.com\/www.berlin.freidenker.org\/wp-content\/uploads\/2017\/07\/Freidenkerfahrt-1.jpg?resize=500%2C308&#038;ssl=1\" alt=\"\" width=\"500\" height=\"308\" srcset=\"https:\/\/i0.wp.com\/www.berlin.freidenker.org\/wp-content\/uploads\/2017\/07\/Freidenkerfahrt-1.jpg?w=500&amp;ssl=1 500w, https:\/\/i0.wp.com\/www.berlin.freidenker.org\/wp-content\/uploads\/2017\/07\/Freidenkerfahrt-1.jpg?resize=300%2C185&amp;ssl=1 300w\" sizes=\"auto, (max-width: 500px) 100vw, 500px\" \/><\/a><\/p>\n<p>Wir tauchten ein in ein Meer des Fachwerkbaus, erkundeten Lebensr\u00e4ume der mittelalterliche Stadt, be\u00e4ugten &#8222;der Kirchen ehrw\u00fcrdige Nacht&#8220;.<\/p>\n<p><a href=\"https:\/\/i0.wp.com\/www.berlin.freidenker.org\/wp-content\/uploads\/2017\/07\/Freidenkerfahrt-3.jpg?ssl=1\"><img data-recalc-dims=\"1\" loading=\"lazy\" decoding=\"async\" class=\"alignnone size-full wp-image-4229\" src=\"https:\/\/i0.wp.com\/www.berlin.freidenker.org\/wp-content\/uploads\/2017\/07\/Freidenkerfahrt-3.jpg?resize=500%2C309&#038;ssl=1\" alt=\"\" width=\"500\" height=\"309\" srcset=\"https:\/\/i0.wp.com\/www.berlin.freidenker.org\/wp-content\/uploads\/2017\/07\/Freidenkerfahrt-3.jpg?w=500&amp;ssl=1 500w, https:\/\/i0.wp.com\/www.berlin.freidenker.org\/wp-content\/uploads\/2017\/07\/Freidenkerfahrt-3.jpg?resize=300%2C185&amp;ssl=1 300w\" sizes=\"auto, (max-width: 500px) 100vw, 500px\" \/><\/a><\/p>\n<p><a href=\"https:\/\/i0.wp.com\/www.berlin.freidenker.org\/wp-content\/uploads\/2017\/07\/Freidenkerfahrt-5.jpg?ssl=1\"><img data-recalc-dims=\"1\" loading=\"lazy\" decoding=\"async\" class=\"alignnone size-full wp-image-4230\" src=\"https:\/\/i0.wp.com\/www.berlin.freidenker.org\/wp-content\/uploads\/2017\/07\/Freidenkerfahrt-5.jpg?resize=500%2C334&#038;ssl=1\" alt=\"\" width=\"500\" height=\"334\" srcset=\"https:\/\/i0.wp.com\/www.berlin.freidenker.org\/wp-content\/uploads\/2017\/07\/Freidenkerfahrt-5.jpg?w=500&amp;ssl=1 500w, https:\/\/i0.wp.com\/www.berlin.freidenker.org\/wp-content\/uploads\/2017\/07\/Freidenkerfahrt-5.jpg?resize=300%2C200&amp;ssl=1 300w\" sizes=\"auto, (max-width: 500px) 100vw, 500px\" \/><\/a><\/p>\n<p style=\"text-align: center;\"><a href=\"https:\/\/i0.wp.com\/www.berlin.freidenker.org\/wp-content\/uploads\/2017\/07\/Freidenkerfahrt-4.jpg?ssl=1\"><img data-recalc-dims=\"1\" loading=\"lazy\" decoding=\"async\" class=\"alignnone size-full wp-image-4231\" src=\"https:\/\/i0.wp.com\/www.berlin.freidenker.org\/wp-content\/uploads\/2017\/07\/Freidenkerfahrt-4.jpg?resize=400%2C599&#038;ssl=1\" alt=\"\" width=\"400\" height=\"599\" srcset=\"https:\/\/i0.wp.com\/www.berlin.freidenker.org\/wp-content\/uploads\/2017\/07\/Freidenkerfahrt-4.jpg?w=400&amp;ssl=1 400w, https:\/\/i0.wp.com\/www.berlin.freidenker.org\/wp-content\/uploads\/2017\/07\/Freidenkerfahrt-4.jpg?resize=200%2C300&amp;ssl=1 200w\" sizes=\"auto, (max-width: 400px) 100vw, 400px\" \/><\/a><\/p>\n<p style=\"text-align: left;\">Der Taubenturm auf dem Hof:<\/p>\n<p style=\"text-align: center;\"><a href=\"https:\/\/i0.wp.com\/www.berlin.freidenker.org\/wp-content\/uploads\/2017\/07\/Freidenkerfahrt-9.jpg?ssl=1\"><img data-recalc-dims=\"1\" loading=\"lazy\" decoding=\"async\" class=\"alignnone size-full wp-image-4238\" src=\"https:\/\/i0.wp.com\/www.berlin.freidenker.org\/wp-content\/uploads\/2017\/07\/Freidenkerfahrt-9.jpg?resize=500%2C334&#038;ssl=1\" alt=\"\" width=\"500\" height=\"334\" srcset=\"https:\/\/i0.wp.com\/www.berlin.freidenker.org\/wp-content\/uploads\/2017\/07\/Freidenkerfahrt-9.jpg?w=500&amp;ssl=1 500w, https:\/\/i0.wp.com\/www.berlin.freidenker.org\/wp-content\/uploads\/2017\/07\/Freidenkerfahrt-9.jpg?resize=300%2C200&amp;ssl=1 300w\" sizes=\"auto, (max-width: 500px) 100vw, 500px\" \/><\/a><\/p>\n<p style=\"text-align: left;\">Die Sanierungsanstrengungen waren zu sp\u00fcren, die kontinuierlich in den Jahrzehnten der DDR, der Jetztzeit und der Zukunft die einzigartige Bausubstanz der Stadt erhielten und erhalten.<\/p>\n<p style=\"text-align: center;\"><a href=\"https:\/\/i0.wp.com\/www.berlin.freidenker.org\/wp-content\/uploads\/2017\/07\/Freidenkerfahrt-8.jpg?ssl=1\"><img data-recalc-dims=\"1\" loading=\"lazy\" decoding=\"async\" class=\"alignnone size-full wp-image-4232\" src=\"https:\/\/i0.wp.com\/www.berlin.freidenker.org\/wp-content\/uploads\/2017\/07\/Freidenkerfahrt-8.jpg?resize=500%2C339&#038;ssl=1\" alt=\"\" width=\"500\" height=\"339\" srcset=\"https:\/\/i0.wp.com\/www.berlin.freidenker.org\/wp-content\/uploads\/2017\/07\/Freidenkerfahrt-8.jpg?w=500&amp;ssl=1 500w, https:\/\/i0.wp.com\/www.berlin.freidenker.org\/wp-content\/uploads\/2017\/07\/Freidenkerfahrt-8.jpg?resize=300%2C203&amp;ssl=1 300w\" sizes=\"auto, (max-width: 500px) 100vw, 500px\" \/><\/a><\/p>\n<p style=\"text-align: center;\"><a href=\"https:\/\/i0.wp.com\/www.berlin.freidenker.org\/wp-content\/uploads\/2017\/07\/Freidenkerfahrt-14.jpg?ssl=1\"><img data-recalc-dims=\"1\" loading=\"lazy\" decoding=\"async\" class=\"alignnone size-full wp-image-4242\" src=\"https:\/\/i0.wp.com\/www.berlin.freidenker.org\/wp-content\/uploads\/2017\/07\/Freidenkerfahrt-14.jpg?resize=500%2C328&#038;ssl=1\" alt=\"\" width=\"500\" height=\"328\" srcset=\"https:\/\/i0.wp.com\/www.berlin.freidenker.org\/wp-content\/uploads\/2017\/07\/Freidenkerfahrt-14.jpg?w=500&amp;ssl=1 500w, https:\/\/i0.wp.com\/www.berlin.freidenker.org\/wp-content\/uploads\/2017\/07\/Freidenkerfahrt-14.jpg?resize=300%2C197&amp;ssl=1 300w\" sizes=\"auto, (max-width: 500px) 100vw, 500px\" \/><\/a><\/p>\n<p style=\"text-align: left;\">Details in F\u00fclle:<\/p>\n<p style=\"text-align: left;\"><a href=\"https:\/\/i0.wp.com\/www.berlin.freidenker.org\/wp-content\/uploads\/2017\/07\/Freidenkerfahrt-2.jpg?ssl=1\"><img data-recalc-dims=\"1\" loading=\"lazy\" decoding=\"async\" class=\"alignnone size-full wp-image-4233\" src=\"https:\/\/i0.wp.com\/www.berlin.freidenker.org\/wp-content\/uploads\/2017\/07\/Freidenkerfahrt-2.jpg?resize=500%2C334&#038;ssl=1\" alt=\"\" width=\"500\" height=\"334\" srcset=\"https:\/\/i0.wp.com\/www.berlin.freidenker.org\/wp-content\/uploads\/2017\/07\/Freidenkerfahrt-2.jpg?w=500&amp;ssl=1 500w, https:\/\/i0.wp.com\/www.berlin.freidenker.org\/wp-content\/uploads\/2017\/07\/Freidenkerfahrt-2.jpg?resize=300%2C200&amp;ssl=1 300w\" sizes=\"auto, (max-width: 500px) 100vw, 500px\" \/><\/a><\/p>\n<p style=\"text-align: left;\"><a href=\"https:\/\/i0.wp.com\/www.berlin.freidenker.org\/wp-content\/uploads\/2017\/07\/Freidenkerfahrt-6.jpg?ssl=1\"><img data-recalc-dims=\"1\" loading=\"lazy\" decoding=\"async\" class=\"alignnone size-full wp-image-4234\" src=\"https:\/\/i0.wp.com\/www.berlin.freidenker.org\/wp-content\/uploads\/2017\/07\/Freidenkerfahrt-6.jpg?resize=500%2C324&#038;ssl=1\" alt=\"\" width=\"500\" height=\"324\" srcset=\"https:\/\/i0.wp.com\/www.berlin.freidenker.org\/wp-content\/uploads\/2017\/07\/Freidenkerfahrt-6.jpg?w=500&amp;ssl=1 500w, https:\/\/i0.wp.com\/www.berlin.freidenker.org\/wp-content\/uploads\/2017\/07\/Freidenkerfahrt-6.jpg?resize=300%2C194&amp;ssl=1 300w\" sizes=\"auto, (max-width: 500px) 100vw, 500px\" \/><\/a><\/p>\n<p style=\"text-align: left;\"><a href=\"https:\/\/i0.wp.com\/www.berlin.freidenker.org\/wp-content\/uploads\/2017\/07\/Freidenkerfahrt-7.jpg?ssl=1\"><img data-recalc-dims=\"1\" loading=\"lazy\" decoding=\"async\" class=\"alignnone size-full wp-image-4235 aligncenter\" src=\"https:\/\/i0.wp.com\/www.berlin.freidenker.org\/wp-content\/uploads\/2017\/07\/Freidenkerfahrt-7.jpg?resize=400%2C474&#038;ssl=1\" alt=\"\" width=\"400\" height=\"474\" srcset=\"https:\/\/i0.wp.com\/www.berlin.freidenker.org\/wp-content\/uploads\/2017\/07\/Freidenkerfahrt-7.jpg?w=400&amp;ssl=1 400w, https:\/\/i0.wp.com\/www.berlin.freidenker.org\/wp-content\/uploads\/2017\/07\/Freidenkerfahrt-7.jpg?resize=253%2C300&amp;ssl=1 253w\" sizes=\"auto, (max-width: 400px) 100vw, 400px\" \/><\/a><\/p>\n<p style=\"text-align: center;\"><a href=\"https:\/\/i0.wp.com\/www.berlin.freidenker.org\/wp-content\/uploads\/2017\/07\/Freidenkerfahrt-10.jpg?ssl=1\"><img data-recalc-dims=\"1\" loading=\"lazy\" decoding=\"async\" class=\"alignnone size-full wp-image-4236\" src=\"https:\/\/i0.wp.com\/www.berlin.freidenker.org\/wp-content\/uploads\/2017\/07\/Freidenkerfahrt-10.jpg?resize=500%2C731&#038;ssl=1\" alt=\"\" width=\"500\" height=\"731\" srcset=\"https:\/\/i0.wp.com\/www.berlin.freidenker.org\/wp-content\/uploads\/2017\/07\/Freidenkerfahrt-10.jpg?w=500&amp;ssl=1 500w, https:\/\/i0.wp.com\/www.berlin.freidenker.org\/wp-content\/uploads\/2017\/07\/Freidenkerfahrt-10.jpg?resize=205%2C300&amp;ssl=1 205w\" sizes=\"auto, (max-width: 500px) 100vw, 500px\" \/><\/a><\/p>\n<p style=\"text-align: left;\"><a href=\"https:\/\/i0.wp.com\/www.berlin.freidenker.org\/wp-content\/uploads\/2017\/07\/Freidenkerfahrt-9-1.jpg?ssl=1\"><img data-recalc-dims=\"1\" loading=\"lazy\" decoding=\"async\" class=\"alignnone size-full wp-image-4243\" src=\"https:\/\/i0.wp.com\/www.berlin.freidenker.org\/wp-content\/uploads\/2017\/07\/Freidenkerfahrt-9-1.jpg?resize=500%2C334&#038;ssl=1\" alt=\"\" width=\"500\" height=\"334\" srcset=\"https:\/\/i0.wp.com\/www.berlin.freidenker.org\/wp-content\/uploads\/2017\/07\/Freidenkerfahrt-9-1.jpg?w=500&amp;ssl=1 500w, https:\/\/i0.wp.com\/www.berlin.freidenker.org\/wp-content\/uploads\/2017\/07\/Freidenkerfahrt-9-1.jpg?resize=300%2C200&amp;ssl=1 300w\" sizes=\"auto, (max-width: 500px) 100vw, 500px\" \/><\/a><\/p>\n<p style=\"text-align: left;\">G\u00e4rtnerinnenneid:<\/p>\n<p style=\"text-align: left;\"><a href=\"https:\/\/i0.wp.com\/www.berlin.freidenker.org\/wp-content\/uploads\/2017\/07\/Freidenkerfahrt-11.jpg?ssl=1\"><img data-recalc-dims=\"1\" loading=\"lazy\" decoding=\"async\" class=\"alignnone size-full wp-image-4237\" src=\"https:\/\/i0.wp.com\/www.berlin.freidenker.org\/wp-content\/uploads\/2017\/07\/Freidenkerfahrt-11.jpg?resize=500%2C225&#038;ssl=1\" alt=\"\" width=\"500\" height=\"225\" srcset=\"https:\/\/i0.wp.com\/www.berlin.freidenker.org\/wp-content\/uploads\/2017\/07\/Freidenkerfahrt-11.jpg?w=500&amp;ssl=1 500w, https:\/\/i0.wp.com\/www.berlin.freidenker.org\/wp-content\/uploads\/2017\/07\/Freidenkerfahrt-11.jpg?resize=300%2C135&amp;ssl=1 300w\" sizes=\"auto, (max-width: 500px) 100vw, 500px\" \/><\/a><\/p>\n<p style=\"text-align: left;\">Hier k\u00f6nnen wir nur wenige der beeindruckenden Bilder zeigen. Bald werden auf Google-Foto viele weitere Bilder unserer Reise zu sehen sein.<\/p>\n<p style=\"text-align: left;\">Nach den opulenten Eindr\u00fccken von Quedlinburg &#8211; hier der Blick aus dem Hotelfenster in der Fr\u00fche, bevor es weiterging&#8230;<\/p>\n<p style=\"text-align: center;\"><a href=\"https:\/\/i0.wp.com\/www.berlin.freidenker.org\/wp-content\/uploads\/2017\/07\/Freidenkerfahrt-15-1.jpg?ssl=1\"><img data-recalc-dims=\"1\" loading=\"lazy\" decoding=\"async\" class=\"alignnone size-full wp-image-4244\" src=\"https:\/\/i0.wp.com\/www.berlin.freidenker.org\/wp-content\/uploads\/2017\/07\/Freidenkerfahrt-15-1.jpg?resize=400%2C599&#038;ssl=1\" alt=\"\" width=\"400\" height=\"599\" srcset=\"https:\/\/i0.wp.com\/www.berlin.freidenker.org\/wp-content\/uploads\/2017\/07\/Freidenkerfahrt-15-1.jpg?w=400&amp;ssl=1 400w, https:\/\/i0.wp.com\/www.berlin.freidenker.org\/wp-content\/uploads\/2017\/07\/Freidenkerfahrt-15-1.jpg?resize=200%2C300&amp;ssl=1 200w\" sizes=\"auto, (max-width: 400px) 100vw, 400px\" \/><\/a><\/p>\n<p style=\"text-align: left;\">\u00a0&#8230; war es etwas ern\u00fcchternd, auf dem Parkplatz des Panoramamuseums bei Bad Frankenhausen anzukommen.<\/p>\n<p style=\"text-align: left;\"><a href=\"https:\/\/i0.wp.com\/www.berlin.freidenker.org\/wp-content\/uploads\/2017\/07\/Freidenkerfahrt-16.jpg?ssl=1\"><img data-recalc-dims=\"1\" loading=\"lazy\" decoding=\"async\" class=\"alignnone size-full wp-image-4245\" src=\"https:\/\/i0.wp.com\/www.berlin.freidenker.org\/wp-content\/uploads\/2017\/07\/Freidenkerfahrt-16.jpg?resize=500%2C244&#038;ssl=1\" alt=\"\" width=\"500\" height=\"244\" srcset=\"https:\/\/i0.wp.com\/www.berlin.freidenker.org\/wp-content\/uploads\/2017\/07\/Freidenkerfahrt-16.jpg?w=500&amp;ssl=1 500w, https:\/\/i0.wp.com\/www.berlin.freidenker.org\/wp-content\/uploads\/2017\/07\/Freidenkerfahrt-16.jpg?resize=300%2C146&amp;ssl=1 300w\" sizes=\"auto, (max-width: 500px) 100vw, 500px\" \/><\/a><\/p>\n<p style=\"text-align: left;\">Die Bildausbeute \u00a0am Panorama-Museum mag originell sein, sie ist aber schmal, denn Fotografieren war nicht gestattet.<\/p>\n<p style=\"text-align: left;\"><a href=\"https:\/\/i0.wp.com\/www.berlin.freidenker.org\/wp-content\/uploads\/2017\/07\/Freidenkerfahrt-17.jpg?ssl=1\"><img data-recalc-dims=\"1\" loading=\"lazy\" decoding=\"async\" class=\"alignnone size-full wp-image-4246\" src=\"https:\/\/i0.wp.com\/www.berlin.freidenker.org\/wp-content\/uploads\/2017\/07\/Freidenkerfahrt-17.jpg?resize=451%2C386&#038;ssl=1\" alt=\"\" width=\"451\" height=\"386\" srcset=\"https:\/\/i0.wp.com\/www.berlin.freidenker.org\/wp-content\/uploads\/2017\/07\/Freidenkerfahrt-17.jpg?w=451&amp;ssl=1 451w, https:\/\/i0.wp.com\/www.berlin.freidenker.org\/wp-content\/uploads\/2017\/07\/Freidenkerfahrt-17.jpg?resize=300%2C257&amp;ssl=1 300w\" sizes=\"auto, (max-width: 451px) 100vw, 451px\" \/><\/a><\/p>\n<p style=\"text-align: left;\">Jetzt, w\u00e4hrend des Postens, entdecke ich, dass es gar nicht so einfach ist, im Web gute, ausdrucksvolle Abbildungen des einzigartigen Rundbilds zu finden.<\/p>\n<p style=\"text-align: left;\">M\u00fcntzer und der Trommler im Zentrum des Werkes:<\/p>\n<p style=\"text-align: center;\"><a href=\"https:\/\/i0.wp.com\/www.berlin.freidenker.org\/wp-content\/uploads\/2017\/07\/m%C3%BCntzer-t%C3%BCbkeweb.jpg?ssl=1\"><img data-recalc-dims=\"1\" loading=\"lazy\" decoding=\"async\" class=\"alignnone size-full wp-image-4247\" src=\"https:\/\/i0.wp.com\/www.berlin.freidenker.org\/wp-content\/uploads\/2017\/07\/m%C3%BCntzer-t%C3%BCbkeweb.jpg?resize=500%2C661&#038;ssl=1\" alt=\"\" width=\"500\" height=\"661\" srcset=\"https:\/\/i0.wp.com\/www.berlin.freidenker.org\/wp-content\/uploads\/2017\/07\/m%C3%BCntzer-t%C3%BCbkeweb.jpg?w=500&amp;ssl=1 500w, https:\/\/i0.wp.com\/www.berlin.freidenker.org\/wp-content\/uploads\/2017\/07\/m%C3%BCntzer-t%C3%BCbkeweb.jpg?resize=227%2C300&amp;ssl=1 227w\" sizes=\"auto, (max-width: 500px) 100vw, 500px\" \/><\/a><\/p>\n<p style=\"text-align: left;\">Die in Bad Frankenhausen und M\u00fchlhausen vorgestellte, &#8222;offizi\u00f6se&#8220; M\u00fcntzerrezeption (die freilich Nunancen aufweist) ist ein Kapitel f\u00fcr sich, ein Kapitel das hier, neben der Schilderung einiger Reiseeindr\u00fccke, nicht beil\u00e4ufig abgehandelt werden kann.<\/p>\n<p style=\"text-align: left;\">W\u00e4re es nicht eine dankbare Aufgabe f\u00fcr den Freidenkerverband eines seiner Vierteljahreshefte der Auseinandersetzung mit der Revision dieses so wichtigen Geschichtsabschnitts zu widmen? Das im Auftrag der DDR von Werner T\u00fcbke geschaffene Panoramabild &#8222;Fr\u00fchb\u00fcrgerliche Revolution in Deutschland&#8220; bietet daf\u00fcr eine F\u00fclle hervorragender Ansatzpunkte.<\/p>\n<p style=\"text-align: left;\">Zugleich mag an dieser Stelle an <a href=\"http:\/\/www.bauernkriege.de\/duerer.html\" target=\"_blank\" rel=\"noopener\">Albrecht D\u00fcrers &#8222;Bauerns\u00e4ule&#8220;<\/a> erinnert sein:<\/p>\n<p style=\"text-align: center;\">\n<p style=\"text-align: left;\">Die recht intensive Besch\u00e4ftigung mit dem Panorama-Bild hat uns alle stark beeindruckt, auch diejenigen, die sich durchaus nicht zum ersten Mal mit T\u00fcbkes Werk auseinandersetzten.<\/p>\n<p style=\"text-align: left;\">Ein erfreuliches Nebenergebnis unseres Besuchs war, dass wir im Museumsshop Gerhard Brendlers Buch &#8222;Thomas M\u00fcntzer. Geist und Faust&#8220;, VEB Deutscher Verlag der Wissenschaften, Berlin 1989 (!), erwerben konnten.<\/p>\n<p style=\"text-align: left;\">Dritter Tag und letzter H\u00f6hepunkt unserer Reise war M\u00fchlhausen.<\/p>\n<p style=\"text-align: left;\">Gut untergekommen im Hotel &#8222;Zum alten Bahndamm&#8220;:<\/p>\n<p style=\"text-align: center;\"><a href=\"https:\/\/i0.wp.com\/www.berlin.freidenker.org\/wp-content\/uploads\/2017\/07\/Freidenkerfahrt-18.jpg?ssl=1\"><img data-recalc-dims=\"1\" loading=\"lazy\" decoding=\"async\" class=\"alignnone size-full wp-image-4250\" src=\"https:\/\/i0.wp.com\/www.berlin.freidenker.org\/wp-content\/uploads\/2017\/07\/Freidenkerfahrt-18.jpg?resize=500%2C368&#038;ssl=1\" alt=\"\" width=\"500\" height=\"368\" srcset=\"https:\/\/i0.wp.com\/www.berlin.freidenker.org\/wp-content\/uploads\/2017\/07\/Freidenkerfahrt-18.jpg?w=500&amp;ssl=1 500w, https:\/\/i0.wp.com\/www.berlin.freidenker.org\/wp-content\/uploads\/2017\/07\/Freidenkerfahrt-18.jpg?resize=300%2C221&amp;ssl=1 300w\" sizes=\"auto, (max-width: 500px) 100vw, 500px\" \/><\/a><\/p>\n<p style=\"text-align: left;\">Mit leider allzu g\u00fcltiger Lebensweisheit empfangen&#8230;<\/p>\n<p style=\"text-align: center;\"><a href=\"https:\/\/i0.wp.com\/www.berlin.freidenker.org\/wp-content\/uploads\/2017\/07\/Freidenkerfahrt-19.jpg?ssl=1\"><img data-recalc-dims=\"1\" loading=\"lazy\" decoding=\"async\" class=\"alignnone size-full wp-image-4251\" src=\"https:\/\/i0.wp.com\/www.berlin.freidenker.org\/wp-content\/uploads\/2017\/07\/Freidenkerfahrt-19.jpg?resize=500%2C318&#038;ssl=1\" alt=\"\" width=\"500\" height=\"318\" srcset=\"https:\/\/i0.wp.com\/www.berlin.freidenker.org\/wp-content\/uploads\/2017\/07\/Freidenkerfahrt-19.jpg?w=500&amp;ssl=1 500w, https:\/\/i0.wp.com\/www.berlin.freidenker.org\/wp-content\/uploads\/2017\/07\/Freidenkerfahrt-19.jpg?resize=300%2C191&amp;ssl=1 300w\" sizes=\"auto, (max-width: 500px) 100vw, 500px\" \/><\/a><\/p>\n<p style=\"text-align: left;\">&#8230; von der lebhaften, geschichtstr\u00e4chtigen Stadt, die zweifellos keine Kopie Quedlinburgs ist aber ihre eigenen Kostbarkeiten zu bieten hat.<\/p>\n<p style=\"text-align: left;\"><a href=\"https:\/\/i0.wp.com\/www.berlin.freidenker.org\/wp-content\/uploads\/2017\/07\/Freidenkerfahrt-20.jpg?ssl=1\"><img data-recalc-dims=\"1\" loading=\"lazy\" decoding=\"async\" class=\"alignnone size-full wp-image-4254\" src=\"https:\/\/i0.wp.com\/www.berlin.freidenker.org\/wp-content\/uploads\/2017\/07\/Freidenkerfahrt-20.jpg?resize=500%2C334&#038;ssl=1\" alt=\"\" width=\"500\" height=\"334\" srcset=\"https:\/\/i0.wp.com\/www.berlin.freidenker.org\/wp-content\/uploads\/2017\/07\/Freidenkerfahrt-20.jpg?w=500&amp;ssl=1 500w, https:\/\/i0.wp.com\/www.berlin.freidenker.org\/wp-content\/uploads\/2017\/07\/Freidenkerfahrt-20.jpg?resize=300%2C200&amp;ssl=1 300w\" sizes=\"auto, (max-width: 500px) 100vw, 500px\" \/><\/a><\/p>\n<p style=\"text-align: left;\"><a href=\"https:\/\/i0.wp.com\/www.berlin.freidenker.org\/wp-content\/uploads\/2017\/07\/Freidenkerfahrt-24.jpg?ssl=1\"><img data-recalc-dims=\"1\" loading=\"lazy\" decoding=\"async\" class=\"alignnone size-full wp-image-4255\" src=\"https:\/\/i0.wp.com\/www.berlin.freidenker.org\/wp-content\/uploads\/2017\/07\/Freidenkerfahrt-24.jpg?resize=500%2C292&#038;ssl=1\" alt=\"\" width=\"500\" height=\"292\" srcset=\"https:\/\/i0.wp.com\/www.berlin.freidenker.org\/wp-content\/uploads\/2017\/07\/Freidenkerfahrt-24.jpg?w=500&amp;ssl=1 500w, https:\/\/i0.wp.com\/www.berlin.freidenker.org\/wp-content\/uploads\/2017\/07\/Freidenkerfahrt-24.jpg?resize=300%2C175&amp;ssl=1 300w\" sizes=\"auto, (max-width: 500px) 100vw, 500px\" \/><\/a><\/p>\n<p style=\"text-align: left;\">In der Bauernkriegsgedenkst\u00e4tte &#8222;Kornmarktskirche&#8220; hatten wir eine wohltuend sachlich-informative F\u00fchrung, wie ja \u00fcberhaupt das Konzept der dortigen Sonder-\/Dauer-Ausstellung &#8222;Luthers (un)geliebte Br\u00fcder&#8220; <a href=\"http:\/\/www.ossietzky.net\/1-2017&amp;textfile=3793\" target=\"_blank\" rel=\"noopener\">besondere Beachtung <\/a>verdient.<\/p>\n<p style=\"text-align: center;\"><a href=\"https:\/\/i0.wp.com\/www.berlin.freidenker.org\/wp-content\/uploads\/2017\/07\/Luthers-ungeliebte-Brueder-_Plakat_Web.jpg?ssl=1\"><img data-recalc-dims=\"1\" loading=\"lazy\" decoding=\"async\" class=\"alignnone size-full wp-image-4257\" src=\"https:\/\/i0.wp.com\/www.berlin.freidenker.org\/wp-content\/uploads\/2017\/07\/Luthers-ungeliebte-Brueder-_Plakat_Web.jpg?resize=500%2C708&#038;ssl=1\" alt=\"\" width=\"500\" height=\"708\" srcset=\"https:\/\/i0.wp.com\/www.berlin.freidenker.org\/wp-content\/uploads\/2017\/07\/Luthers-ungeliebte-Brueder-_Plakat_Web.jpg?w=500&amp;ssl=1 500w, https:\/\/i0.wp.com\/www.berlin.freidenker.org\/wp-content\/uploads\/2017\/07\/Luthers-ungeliebte-Brueder-_Plakat_Web.jpg?resize=212%2C300&amp;ssl=1 212w\" sizes=\"auto, (max-width: 500px) 100vw, 500px\" \/><\/a><\/p>\n<p style=\"text-align: left;\">So &#8211; in wasserdicht verschlossenen F\u00e4ssern &#8211; wurden damals &#8222;die Konterbande&#8220;, reformatorische Druckschriften aller Art transportiert:<\/p>\n<p style=\"text-align: left;\"><a href=\"https:\/\/i0.wp.com\/www.berlin.freidenker.org\/wp-content\/uploads\/2017\/07\/Freidenkerfahrt-21.jpg?ssl=1\"><img data-recalc-dims=\"1\" loading=\"lazy\" decoding=\"async\" class=\"alignnone size-full wp-image-4258\" src=\"https:\/\/i0.wp.com\/www.berlin.freidenker.org\/wp-content\/uploads\/2017\/07\/Freidenkerfahrt-21.jpg?resize=500%2C334&#038;ssl=1\" alt=\"\" width=\"500\" height=\"334\" srcset=\"https:\/\/i0.wp.com\/www.berlin.freidenker.org\/wp-content\/uploads\/2017\/07\/Freidenkerfahrt-21.jpg?w=500&amp;ssl=1 500w, https:\/\/i0.wp.com\/www.berlin.freidenker.org\/wp-content\/uploads\/2017\/07\/Freidenkerfahrt-21.jpg?resize=300%2C200&amp;ssl=1 300w\" sizes=\"auto, (max-width: 500px) 100vw, 500px\" \/><\/a><\/p>\n<p style=\"text-align: left;\">\u00a0M\u00fcntzers Fahne &#8211; nicht die bekannte Bundschuhfahne der schw\u00e4bischen Aufst\u00e4ndischen, sondern der Regenbogen:<\/p>\n<p style=\"text-align: left;\"><a href=\"https:\/\/i0.wp.com\/www.berlin.freidenker.org\/wp-content\/uploads\/2017\/07\/Freidenkerfahrt-22.jpg?ssl=1\"><img data-recalc-dims=\"1\" loading=\"lazy\" decoding=\"async\" class=\"alignnone size-full wp-image-4259\" src=\"https:\/\/i0.wp.com\/www.berlin.freidenker.org\/wp-content\/uploads\/2017\/07\/Freidenkerfahrt-22.jpg?resize=400%2C589&#038;ssl=1\" alt=\"\" width=\"400\" height=\"589\" srcset=\"https:\/\/i0.wp.com\/www.berlin.freidenker.org\/wp-content\/uploads\/2017\/07\/Freidenkerfahrt-22.jpg?w=400&amp;ssl=1 400w, https:\/\/i0.wp.com\/www.berlin.freidenker.org\/wp-content\/uploads\/2017\/07\/Freidenkerfahrt-22.jpg?resize=204%2C300&amp;ssl=1 204w\" sizes=\"auto, (max-width: 400px) 100vw, 400px\" \/><\/a><\/p>\n<p style=\"text-align: left;\">\u00a0 \u00a0Dokumente:<\/p>\n<p style=\"text-align: left;\"><a href=\"https:\/\/i0.wp.com\/www.berlin.freidenker.org\/wp-content\/uploads\/2017\/07\/Freidenkerfahrt-23.jpg?ssl=1\"><img data-recalc-dims=\"1\" loading=\"lazy\" decoding=\"async\" class=\"alignnone size-full wp-image-4260\" src=\"https:\/\/i0.wp.com\/www.berlin.freidenker.org\/wp-content\/uploads\/2017\/07\/Freidenkerfahrt-23.jpg?resize=500%2C383&#038;ssl=1\" alt=\"\" width=\"500\" height=\"383\" srcset=\"https:\/\/i0.wp.com\/www.berlin.freidenker.org\/wp-content\/uploads\/2017\/07\/Freidenkerfahrt-23.jpg?w=500&amp;ssl=1 500w, https:\/\/i0.wp.com\/www.berlin.freidenker.org\/wp-content\/uploads\/2017\/07\/Freidenkerfahrt-23.jpg?resize=300%2C230&amp;ssl=1 300w\" sizes=\"auto, (max-width: 500px) 100vw, 500px\" \/><\/a><\/p>\n<p style=\"text-align: left;\">Kunstwerke (&#8222;Luther-M\u00fcntzer&#8220; von Lutz R. Ketscher):<\/p>\n<p style=\"text-align: left;\"><a href=\"https:\/\/i0.wp.com\/www.berlin.freidenker.org\/wp-content\/uploads\/2017\/07\/Freidenkerfahrt-25.jpg?ssl=1\"><img data-recalc-dims=\"1\" loading=\"lazy\" decoding=\"async\" class=\"alignnone size-full wp-image-4261\" src=\"https:\/\/i0.wp.com\/www.berlin.freidenker.org\/wp-content\/uploads\/2017\/07\/Freidenkerfahrt-25.jpg?resize=500%2C375&#038;ssl=1\" alt=\"\" width=\"500\" height=\"375\" srcset=\"https:\/\/i0.wp.com\/www.berlin.freidenker.org\/wp-content\/uploads\/2017\/07\/Freidenkerfahrt-25.jpg?w=500&amp;ssl=1 500w, https:\/\/i0.wp.com\/www.berlin.freidenker.org\/wp-content\/uploads\/2017\/07\/Freidenkerfahrt-25.jpg?resize=300%2C225&amp;ssl=1 300w\" sizes=\"auto, (max-width: 500px) 100vw, 500px\" \/><\/a><\/p>\n<p style=\"text-align: left;\">Und das sind die Namen, der Verfemten, die der Vergessenheit entrissen wurden:<\/p>\n<p style=\"text-align: left;\"><a href=\"https:\/\/i0.wp.com\/www.berlin.freidenker.org\/wp-content\/uploads\/2017\/07\/Freidenkerfahrt-Karlstadt.jpg?ssl=1\"><img data-recalc-dims=\"1\" loading=\"lazy\" decoding=\"async\" class=\"alignnone size-full wp-image-4263\" src=\"https:\/\/i0.wp.com\/www.berlin.freidenker.org\/wp-content\/uploads\/2017\/07\/Freidenkerfahrt-Karlstadt.jpg?resize=500%2C236&#038;ssl=1\" alt=\"\" width=\"500\" height=\"236\" srcset=\"https:\/\/i0.wp.com\/www.berlin.freidenker.org\/wp-content\/uploads\/2017\/07\/Freidenkerfahrt-Karlstadt.jpg?w=500&amp;ssl=1 500w, https:\/\/i0.wp.com\/www.berlin.freidenker.org\/wp-content\/uploads\/2017\/07\/Freidenkerfahrt-Karlstadt.jpg?resize=300%2C142&amp;ssl=1 300w\" sizes=\"auto, (max-width: 500px) 100vw, 500px\" \/><\/a>\u00a0<a href=\"https:\/\/i0.wp.com\/www.berlin.freidenker.org\/wp-content\/uploads\/2017\/07\/Freidenkerfahrt-Hisolidus.jpg?ssl=1\"><img data-recalc-dims=\"1\" loading=\"lazy\" decoding=\"async\" class=\"alignnone size-full wp-image-4264\" src=\"https:\/\/i0.wp.com\/www.berlin.freidenker.org\/wp-content\/uploads\/2017\/07\/Freidenkerfahrt-Hisolidus.jpg?resize=500%2C275&#038;ssl=1\" alt=\"\" width=\"500\" height=\"275\" srcset=\"https:\/\/i0.wp.com\/www.berlin.freidenker.org\/wp-content\/uploads\/2017\/07\/Freidenkerfahrt-Hisolidus.jpg?w=500&amp;ssl=1 500w, https:\/\/i0.wp.com\/www.berlin.freidenker.org\/wp-content\/uploads\/2017\/07\/Freidenkerfahrt-Hisolidus.jpg?resize=300%2C165&amp;ssl=1 300w\" sizes=\"auto, (max-width: 500px) 100vw, 500px\" \/><\/a><a href=\"https:\/\/i0.wp.com\/www.berlin.freidenker.org\/wp-content\/uploads\/2017\/07\/Freidenkerfahrt-Pfeiffer.jpg?ssl=1\"><img data-recalc-dims=\"1\" loading=\"lazy\" decoding=\"async\" class=\"alignnone size-full wp-image-4265\" src=\"https:\/\/i0.wp.com\/www.berlin.freidenker.org\/wp-content\/uploads\/2017\/07\/Freidenkerfahrt-Pfeiffer.jpg?resize=500%2C303&#038;ssl=1\" alt=\"\" width=\"500\" height=\"303\" srcset=\"https:\/\/i0.wp.com\/www.berlin.freidenker.org\/wp-content\/uploads\/2017\/07\/Freidenkerfahrt-Pfeiffer.jpg?w=500&amp;ssl=1 500w, https:\/\/i0.wp.com\/www.berlin.freidenker.org\/wp-content\/uploads\/2017\/07\/Freidenkerfahrt-Pfeiffer.jpg?resize=300%2C182&amp;ssl=1 300w\" sizes=\"auto, (max-width: 500px) 100vw, 500px\" \/><\/a><a href=\"https:\/\/i0.wp.com\/www.berlin.freidenker.org\/wp-content\/uploads\/2017\/07\/Freidenkerfahrt-M%C3%BCntzer.jpg?ssl=1\"><img data-recalc-dims=\"1\" loading=\"lazy\" decoding=\"async\" class=\"alignnone size-full wp-image-4266\" src=\"https:\/\/i0.wp.com\/www.berlin.freidenker.org\/wp-content\/uploads\/2017\/07\/Freidenkerfahrt-M%C3%BCntzer.jpg?resize=500%2C274&#038;ssl=1\" alt=\"\" width=\"500\" height=\"274\" srcset=\"https:\/\/i0.wp.com\/www.berlin.freidenker.org\/wp-content\/uploads\/2017\/07\/Freidenkerfahrt-M%C3%BCntzer.jpg?w=500&amp;ssl=1 500w, https:\/\/i0.wp.com\/www.berlin.freidenker.org\/wp-content\/uploads\/2017\/07\/Freidenkerfahrt-M%C3%BCntzer.jpg?resize=300%2C164&amp;ssl=1 300w\" sizes=\"auto, (max-width: 500px) 100vw, 500px\" \/><\/a><a href=\"https:\/\/i0.wp.com\/www.berlin.freidenker.org\/wp-content\/uploads\/2017\/07\/Freidenkerfahrt-Strau%C3%9F.jpg?ssl=1\"><img data-recalc-dims=\"1\" loading=\"lazy\" decoding=\"async\" class=\"alignnone size-full wp-image-4267\" src=\"https:\/\/i0.wp.com\/www.berlin.freidenker.org\/wp-content\/uploads\/2017\/07\/Freidenkerfahrt-Strau%C3%9F.jpg?resize=500%2C237&#038;ssl=1\" alt=\"\" width=\"500\" height=\"237\" srcset=\"https:\/\/i0.wp.com\/www.berlin.freidenker.org\/wp-content\/uploads\/2017\/07\/Freidenkerfahrt-Strau%C3%9F.jpg?w=500&amp;ssl=1 500w, https:\/\/i0.wp.com\/www.berlin.freidenker.org\/wp-content\/uploads\/2017\/07\/Freidenkerfahrt-Strau%C3%9F.jpg?resize=300%2C142&amp;ssl=1 300w\" sizes=\"auto, (max-width: 500px) 100vw, 500px\" \/><\/a><a href=\"https:\/\/i0.wp.com\/www.berlin.freidenker.org\/wp-content\/uploads\/2017\/07\/Freidenkerfahrt-Erb.jpg?ssl=1\"><img data-recalc-dims=\"1\" loading=\"lazy\" decoding=\"async\" class=\"alignnone size-full wp-image-4268\" src=\"https:\/\/i0.wp.com\/www.berlin.freidenker.org\/wp-content\/uploads\/2017\/07\/Freidenkerfahrt-Erb.jpg?resize=500%2C303&#038;ssl=1\" alt=\"\" width=\"500\" height=\"303\" srcset=\"https:\/\/i0.wp.com\/www.berlin.freidenker.org\/wp-content\/uploads\/2017\/07\/Freidenkerfahrt-Erb.jpg?w=500&amp;ssl=1 500w, https:\/\/i0.wp.com\/www.berlin.freidenker.org\/wp-content\/uploads\/2017\/07\/Freidenkerfahrt-Erb.jpg?resize=300%2C182&amp;ssl=1 300w\" sizes=\"auto, (max-width: 500px) 100vw, 500px\" \/><\/a><\/p>\n<p style=\"text-align: left;\"><a href=\"https:\/\/i0.wp.com\/www.berlin.freidenker.org\/wp-content\/uploads\/2017\/07\/Freidenkerfahrt-T%C3%A4ufer.jpg?ssl=1\"><img data-recalc-dims=\"1\" loading=\"lazy\" decoding=\"async\" class=\"alignnone size-full wp-image-4269\" src=\"https:\/\/i0.wp.com\/www.berlin.freidenker.org\/wp-content\/uploads\/2017\/07\/Freidenkerfahrt-T%C3%A4ufer.jpg?resize=500%2C424&#038;ssl=1\" alt=\"\" width=\"500\" height=\"424\" srcset=\"https:\/\/i0.wp.com\/www.berlin.freidenker.org\/wp-content\/uploads\/2017\/07\/Freidenkerfahrt-T%C3%A4ufer.jpg?w=500&amp;ssl=1 500w, https:\/\/i0.wp.com\/www.berlin.freidenker.org\/wp-content\/uploads\/2017\/07\/Freidenkerfahrt-T%C3%A4ufer.jpg?resize=300%2C254&amp;ssl=1 300w\" sizes=\"auto, (max-width: 500px) 100vw, 500px\" \/><\/a><\/p>\n<h4 style=\"text-align: center;\">Da wir nun ihre Namen kennen, ist es jetzt nicht schwer, mehr \u00fcber sie zu erfahren.<\/h4>\n<h4 style=\"text-align: center;\">Keiner soll vergessen sein!<\/h4>\n<p style=\"text-align: center;\"><a href=\"https:\/\/i0.wp.com\/www.berlin.freidenker.org\/wp-content\/uploads\/2017\/07\/Joss_Fritz_Holzschnitt_von_Albrecht_Duererweb.jpg?ssl=1\"><img data-recalc-dims=\"1\" loading=\"lazy\" decoding=\"async\" class=\"alignnone size-full wp-image-4308\" src=\"https:\/\/i0.wp.com\/www.berlin.freidenker.org\/wp-content\/uploads\/2017\/07\/Joss_Fritz_Holzschnitt_von_Albrecht_Duererweb.jpg?resize=500%2C486&#038;ssl=1\" alt=\"\" width=\"500\" height=\"486\" srcset=\"https:\/\/i0.wp.com\/www.berlin.freidenker.org\/wp-content\/uploads\/2017\/07\/Joss_Fritz_Holzschnitt_von_Albrecht_Duererweb.jpg?w=500&amp;ssl=1 500w, https:\/\/i0.wp.com\/www.berlin.freidenker.org\/wp-content\/uploads\/2017\/07\/Joss_Fritz_Holzschnitt_von_Albrecht_Duererweb.jpg?resize=300%2C292&amp;ssl=1 300w\" sizes=\"auto, (max-width: 500px) 100vw, 500px\" \/><\/a><\/p>\n<p style=\"text-align: center;\">&#8222;Jo\u00df Fritz&#8220;, Holzschnitt von Albrecht D\u00fcrer<\/p>\n<p><iframe loading=\"lazy\" src=\"\/\/www.youtube.com\/embed\/qqRNMMCvPzA\" width=\"500\" height=\"314\" allowfullscreen=\"allowfullscreen\"><\/iframe><\/p>\n<p style=\"text-align: center;\"><strong>=======================================<\/strong><\/p>\n<h3 style=\"text-align: left;\">Und, machen wir im n\u00e4chsten Jahr erneut eine Fahrt?<\/h3>\n<p style=\"text-align: left;\"><strong>Das sagt\u00a0Edi:<\/strong><\/p>\n<p><em>\u201eDen Auftakt bildete eine Stadtf\u00fchrung in Quedlinburg. Mein besonderer Dank gilt Thomas Loch f\u00fcr die F\u00fclle an geschichtlichen Fakten zur Stadtgeschichte.<\/em><\/p>\n<p><em>Besonders beeindruckend das \u00b4Panorama\u00b4 in Bad Frankenhausen. Jeder Besuch vermittelt neue Erkenntnisse.<\/em><\/p>\n<p><em>Die Ausstellungen im Bauernkriegsmuseum und im Thomas-M\u00fcntzer-Museum in M\u00fchlhausen erg\u00e4nzten die Eindr\u00fccke.<\/em><\/p>\n<p><em>Eine rundum gelungene Reise in die Geschichte.&#8220;<\/em><\/p>\n<p><strong>Das sagt Uta:<\/strong><\/p>\n<p><em>&#8222;Die Fahrt war ein Vergn\u00fcgen:<\/em><\/p>\n<p><em>so viel Wissenswertes, vermittelt von Thomas Loch, von den F\u00fchrungstexten im \u00b4Panorama`, den gut gestalteten Ausstellungen in M\u00fchlhausen,<\/em><\/p>\n<p><em>so viele kulturelle Eindr\u00fccke, die Fachwerkarchitektur, die K\u00fcnstler der Luther-M\u00fcntzer-Zeit, T\u00fcbke, (Musik leider nicht)<\/em><\/p>\n<p><em>so eine angenehme Reisegruppe.<\/em><\/p>\n<p><em>Eine Neuauflage im n\u00e4chsten Jahr m\u00f6chten wir unterst\u00fctzen.&#8220;<\/em><\/p>\n<p><strong>Das sagt Klaus-Peter:<\/strong><\/p>\n<p><em>Die Fahrt war rund um gelungen und hat jeden Einzelnen und alle gemeinsam erfreut und bereichert. Im n\u00e4chsten Jahr wieder! Manches kann anders und noch besser geplant werden. Dazu sollte die Leitung gleich in der n\u00e4chsten Sitzung einen Beschluss fassen und dann alle Mitglieder und Freunde informieren.<\/em><\/p>\n<p><strong>Das sagt Alant:<\/strong><\/p>\n<p><em>Es war toll!<\/em><\/p>\n<p>&nbsp;<\/p>\n<p>&nbsp;<\/p>\n","protected":false},"excerpt":{"rendered":"<p>Die Stadt Quedlinburg, Weltkulturerbe, das Panorama &#8222;Fr\u00fchb\u00fcrgerliche Revolution in Deutschland&#8220; in Bad Frankenhausen und die Bauernkriegs- und M\u00fcntzer-Gedenkst\u00e4tten in M\u00fchlhausen standen auf dem Programm der sechs Wissbegierigen.&#8220;Der alte Fritz&#8220;, zentral gelegenes Hotel in imposantem Fachwerkhaus, bot die z\u00fcnftige Quedlinburger Unterkunft. Hier sind sie am Start, von rechts nach links: Christa, Alant, Jean-Theo, Edi, Uta und [&hellip;]<\/p>\n","protected":false},"author":4,"featured_media":0,"comment_status":"open","ping_status":"open","sticky":false,"template":"","format":"standard","meta":{"jetpack_post_was_ever_published":false,"_jetpack_newsletter_access":"","_jetpack_dont_email_post_to_subs":true,"_jetpack_newsletter_tier_id":0,"_jetpack_memberships_contains_paywalled_content":false,"_jetpack_memberships_contains_paid_content":false,"footnotes":""},"categories":[49,14,46,19,21,80],"tags":[645,295,656,644,655,346,642,643],"class_list":["post-4223","post","type-post","status-publish","format-standard","hentry","category-aufklaerung","category-aktivitaeten-des-dfv-berlin","category-freidenker-im-gespraech","category-kultur","category-politik","category-religion","tag-bad-frankenhausen","tag-ddr","tag-degenhardt","tag-fruehbuergerliche-revolution","tag-joss-fritz","tag-luther","tag-muentzer","tag-tuebker"],"jetpack_featured_media_url":"","jetpack_shortlink":"https:\/\/wp.me\/py5dN-167","jetpack_sharing_enabled":true,"_links":{"self":[{"href":"https:\/\/www.berlin.freidenker.org\/index.php?rest_route=\/wp\/v2\/posts\/4223","targetHints":{"allow":["GET"]}}],"collection":[{"href":"https:\/\/www.berlin.freidenker.org\/index.php?rest_route=\/wp\/v2\/posts"}],"about":[{"href":"https:\/\/www.berlin.freidenker.org\/index.php?rest_route=\/wp\/v2\/types\/post"}],"author":[{"embeddable":true,"href":"https:\/\/www.berlin.freidenker.org\/index.php?rest_route=\/wp\/v2\/users\/4"}],"replies":[{"embeddable":true,"href":"https:\/\/www.berlin.freidenker.org\/index.php?rest_route=%2Fwp%2Fv2%2Fcomments&post=4223"}],"version-history":[{"count":25,"href":"https:\/\/www.berlin.freidenker.org\/index.php?rest_route=\/wp\/v2\/posts\/4223\/revisions"}],"predecessor-version":[{"id":6507,"href":"https:\/\/www.berlin.freidenker.org\/index.php?rest_route=\/wp\/v2\/posts\/4223\/revisions\/6507"}],"wp:attachment":[{"href":"https:\/\/www.berlin.freidenker.org\/index.php?rest_route=%2Fwp%2Fv2%2Fmedia&parent=4223"}],"wp:term":[{"taxonomy":"category","embeddable":true,"href":"https:\/\/www.berlin.freidenker.org\/index.php?rest_route=%2Fwp%2Fv2%2Fcategories&post=4223"},{"taxonomy":"post_tag","embeddable":true,"href":"https:\/\/www.berlin.freidenker.org\/index.php?rest_route=%2Fwp%2Fv2%2Ftags&post=4223"}],"curies":[{"name":"wp","href":"https:\/\/api.w.org\/{rel}","templated":true}]}}