{"id":4290,"date":"2017-07-13T16:32:25","date_gmt":"2017-07-13T14:32:25","guid":{"rendered":"http:\/\/www.berlin.freidenker.org\/?p=4290"},"modified":"2017-07-13T22:31:27","modified_gmt":"2017-07-13T20:31:27","slug":"g20-augenzeugenberichte","status":"publish","type":"post","link":"https:\/\/www.berlin.freidenker.org\/?p=4290","title":{"rendered":"G20-Augenzeugenberichte"},"content":{"rendered":"<p><strong>Egbert Scheunemann<\/strong>\u00a0(seine <a href=\"http:\/\/www.egbert-scheunemann.de\/\" target=\"_blank\">Homepage<\/a>) stellt sich vor als einen dem &#8222;Projekt Humanismus und Aufkl\u00e4rung fundamental verschriebenen, also linksradikalen Politologen, der seit \u00fcber 30 Jahren im Hamburger Schanzenviertel lebt&#8230;&#8220;.\u00a0Sein Bericht hat den Titel:<\/p>\n<p><a href=\"http:\/\/www.egbert-scheunemann.de\/G20-Hamburg-Pseudolinke-und-kollektiver-Wahn-Scheunemann.pdf\" target=\"_blank\">&#8222;Das G20-Treffen in Hamburg und die kollektiv wahnhaften Reaktionen auf dieses eigentlich vollst\u00e4ndig belanglose, irrelevante mediale Event&#8220;<\/a><\/p>\n<p>&nbsp;<\/p>\n<p><strong>Elf Gesch\u00e4ftstreibende aus dem Schanzenviertel<\/strong> haben eine Stellungnahme ver\u00f6ffentlicht, die den Titel tr\u00e4gt:<\/p>\n<p><a href=\"http:\/\/www.nachdenkseiten.de\/?p=39153#more-39153\" target=\"_blank\">\u201eUns f\u00e4llt es in Anbetracht der Wahllosigkeit der Zerst\u00f6rung schwer, darin die Artikulation einer politischen \u00dcberzeugung zu erkennen, noch viel weniger die Idee einer neuen, besseren Welt.\u201c<\/a><\/p>\n<p>&nbsp;<\/p>\n<p><strong>Der Politiker der Linkspartei\u00a0Jan van Aken<\/strong>\u00a0(seine <a href=\"http:\/\/www.jan-van-aken.de\/\" target=\"_blank\">Homepage<\/a>) war ebenfalls vor und w\u00e4hrend des G20-Gipfels vor Ort. Sein Text, teils Bericht, teils Einsch\u00e4tzung hat den Titel:<\/p>\n<p><a href=\"http:\/\/www.jan-van-aken.de\/?newid=524#d524\" target=\"_blank\">&#8222;76.000 mal Hoffnung- Zusammenfassende Einsch\u00e4tzung zu G20&#8220;<\/a><\/p>\n<p>&nbsp;<\/p>\n<p>Last not least hat auch <strong>Andreas Schl\u00fcter<\/strong>\u00a0(seine <a href=\"https:\/\/wipokuli.wordpress.com\/\" target=\"_blank\">Homepage)<\/a>\u00a0aus seiner Vaterstadt Hamburg berichtet. Sein Bericht mit kritisch-bilanzierenden Reflexionen erschien bereits am 9.7. unter dem Titel:<\/p>\n<p><a href=\"https:\/\/wipokuli.wordpress.com\/2017\/07\/09\/der-g20-gipfel-in-hamburg-politik-wahn-und-wirklichkeit-eine-bilanz\/\" target=\"_blank\">&#8222;Der G20-Gipfel in Hamburg: Politik, Wahn und Wirklichkeit, eine\u00a0Bilanz&#8220;<\/a><\/p>\n<p>&nbsp;<\/p>\n<p>___________________________<\/p>\n<h3><span style=\"color: #ff00ff;\">Zum Schluss etwas Spa\u00dfiges: <\/span><\/h3>\n<p>Beim &#8222;Eklat bei Maischberger&#8220;, der jetzt durch die MSM gejagt wird, wird eine Jutta D. als &#8222;linke Aktivistin&#8220; vorgestellt! (https:\/\/wewewedotyoutube.com\/watch?v=rIdbdO2pETE) \u00a0 <img data-recalc-dims=\"1\" src=\"https:\/\/i0.wp.com\/www.berlin.freidenker.org\/wp-includes\/images\/smilies\/mrgreen.png?ssl=1\" alt=\":mrgreen:\" class=\"wp-smiley\" style=\"height: 1em; max-height: 1em;\" \/><\/p>\n","protected":false},"excerpt":{"rendered":"<p>Egbert Scheunemann\u00a0(seine Homepage) stellt sich vor als einen dem &#8222;Projekt Humanismus und Aufkl\u00e4rung fundamental verschriebenen, also linksradikalen Politologen, der seit \u00fcber 30 Jahren im Hamburger Schanzenviertel lebt&#8230;&#8220;.\u00a0Sein Bericht hat den Titel: &#8222;Das G20-Treffen in Hamburg und die kollektiv wahnhaften Reaktionen auf dieses eigentlich vollst\u00e4ndig belanglose, irrelevante mediale Event&#8220; &nbsp; Elf Gesch\u00e4ftstreibende aus dem Schanzenviertel haben [&hellip;]<\/p>\n","protected":false},"author":4,"featured_media":0,"comment_status":"open","ping_status":"open","sticky":false,"template":"","format":"standard","meta":{"jetpack_post_was_ever_published":false,"_jetpack_newsletter_access":"","_jetpack_dont_email_post_to_subs":true,"_jetpack_newsletter_tier_id":0,"_jetpack_memberships_contains_paywalled_content":false,"_jetpack_memberships_contains_paid_content":false,"footnotes":""},"categories":[49,22,45,175,21],"tags":[579,652,635,653,651],"class_list":["post-4290","post","type-post","status-publish","format-standard","hentry","category-aufklaerung","category-friedensaktionen","category-friedensbewegung","category-nato","category-politik","tag-andreas-schlueter","tag-egbert-scheunemann","tag-g20","tag-jan-van-aken","tag-schanzenviertel"],"jetpack_featured_media_url":"","jetpack_shortlink":"https:\/\/wp.me\/py5dN-17c","jetpack_sharing_enabled":true,"_links":{"self":[{"href":"https:\/\/www.berlin.freidenker.org\/index.php?rest_route=\/wp\/v2\/posts\/4290","targetHints":{"allow":["GET"]}}],"collection":[{"href":"https:\/\/www.berlin.freidenker.org\/index.php?rest_route=\/wp\/v2\/posts"}],"about":[{"href":"https:\/\/www.berlin.freidenker.org\/index.php?rest_route=\/wp\/v2\/types\/post"}],"author":[{"embeddable":true,"href":"https:\/\/www.berlin.freidenker.org\/index.php?rest_route=\/wp\/v2\/users\/4"}],"replies":[{"embeddable":true,"href":"https:\/\/www.berlin.freidenker.org\/index.php?rest_route=%2Fwp%2Fv2%2Fcomments&post=4290"}],"version-history":[{"count":7,"href":"https:\/\/www.berlin.freidenker.org\/index.php?rest_route=\/wp\/v2\/posts\/4290\/revisions"}],"predecessor-version":[{"id":4301,"href":"https:\/\/www.berlin.freidenker.org\/index.php?rest_route=\/wp\/v2\/posts\/4290\/revisions\/4301"}],"wp:attachment":[{"href":"https:\/\/www.berlin.freidenker.org\/index.php?rest_route=%2Fwp%2Fv2%2Fmedia&parent=4290"}],"wp:term":[{"taxonomy":"category","embeddable":true,"href":"https:\/\/www.berlin.freidenker.org\/index.php?rest_route=%2Fwp%2Fv2%2Fcategories&post=4290"},{"taxonomy":"post_tag","embeddable":true,"href":"https:\/\/www.berlin.freidenker.org\/index.php?rest_route=%2Fwp%2Fv2%2Ftags&post=4290"}],"curies":[{"name":"wp","href":"https:\/\/api.w.org\/{rel}","templated":true}]}}