{"id":4310,"date":"2017-07-15T09:46:10","date_gmt":"2017-07-15T07:46:10","guid":{"rendered":"http:\/\/www.berlin.freidenker.org\/?p=4310"},"modified":"2017-07-15T09:46:10","modified_gmt":"2017-07-15T07:46:10","slug":"freidenker-danken-freidenkern","status":"publish","type":"post","link":"https:\/\/www.berlin.freidenker.org\/?p=4310","title":{"rendered":"Freidenker danken Freidenkern"},"content":{"rendered":"<p>Auf unserer gestrigen Leitungssitzung\u00a0haben wir erneut festgestellt und wollen es nun auch \u00f6ffentlich machen:<\/p>\n<p><strong>Wir freuen uns \u00fcber die gute Zusammenarbeit und Unterst\u00fctzung, die wir von Freidenkern anderer Landesverb\u00e4nde erfahren.<\/strong><\/p>\n<p>Unser Dank gilt zun\u00e4chst der <strong><em>Leitung des Brandenburger Landesverbandes<\/em><\/strong>, die mit uns schon lange und bei vielen Anl\u00e4ssen, sei es die Rosa-Luxemburg-Konferenz, Ostermarsch und andere Friedensaktionen, die Webarbeit bis hin zu gemeinsamen Veranstaltungen, erfolgreich zusammenarbeitet.<\/p>\n<p>Unser Dank gilt in besonderem Ma\u00dfe <strong><em>Dr. Ulf Rassmann<\/em><\/strong>, auf dessen tatkr\u00e4ftigen und sachkundigen Einsatz wir uns nun schon mehrfach st\u00fctzen konnten. Bisheriger H\u00f6hepunkt dieses Engagements war sein Vortrag beim ptm-Festival am 25.6.2017 in Niederg\u00f6rsdorf, der eine ausgezeichnete Resonanz hatte.<\/p>\n<p>Und zu besonderem Dank sind wir auch <strong><em>Thomas Loch<\/em><\/strong> verpflichtet, der mit seiner &#8222;Stadtf\u00fchrung vom Feinsten&#8220; am 7.7.2017 in Quedlinburg ganz wesentlich dazu beigetragen hat, unserer <a href=\"https:\/\/www.berlin.freidenker.org\/?p=4223\" target=\"_blank\">&#8222;Mittelalter-Luther-M\u00fcntzer-Fahrt&#8220;<\/a> einen mehr als gelungenen Auftakt zu geben.<\/p>\n<p>Tats\u00e4chlich, es ist eine Freude, eine solche hochqualifizierte, zuverl\u00e4ssige und zugleich\u00a0in der Form bescheidene und angenehme Unterst\u00fctzung zu finden. Auch durch solche Hilfen wurden unsere anspruchsvollen Projekte &#8222;ptm-Festival&#8220; und &#8222;Freidenkerfahrt&#8220; zu sch\u00f6nen Erlebnissen und zu Ereignissen, deren (erweiterte) Neuauflagen im n\u00e4chsten Jahr wir bereits beschlossen haben.<\/p>\n<h4>14.7.2017 &#8211; Kollektive Berliner Leitung<\/h4>\n","protected":false},"excerpt":{"rendered":"<p>Auf unserer gestrigen Leitungssitzung\u00a0haben wir erneut festgestellt und wollen es nun auch \u00f6ffentlich machen: Wir freuen uns \u00fcber die gute Zusammenarbeit und Unterst\u00fctzung, die wir von Freidenkern anderer Landesverb\u00e4nde erfahren. Unser Dank gilt zun\u00e4chst der Leitung des Brandenburger Landesverbandes, die mit uns schon lange und bei vielen Anl\u00e4ssen, sei es die Rosa-Luxemburg-Konferenz, Ostermarsch und andere [&hellip;]<\/p>\n","protected":false},"author":4,"featured_media":0,"comment_status":"open","ping_status":"open","sticky":false,"template":"","format":"standard","meta":{"jetpack_post_was_ever_published":false,"_jetpack_newsletter_access":"","_jetpack_dont_email_post_to_subs":false,"_jetpack_newsletter_tier_id":0,"_jetpack_memberships_contains_paywalled_content":false,"_jetpack_memberships_contains_paid_content":false,"footnotes":""},"categories":[14,46,19],"tags":[162,657,659,627,658],"class_list":["post-4310","post","type-post","status-publish","format-standard","hentry","category-aktivitaeten-des-dfv-berlin","category-freidenker-im-gespraech","category-kultur","tag-brandenburger-freidenker","tag-dr-ulf-rassmann","tag-freidenkerfahrt","tag-ptm-festival","tag-thomas-loch"],"jetpack_featured_media_url":"","jetpack_shortlink":"https:\/\/wp.me\/py5dN-17w","jetpack_sharing_enabled":true,"_links":{"self":[{"href":"https:\/\/www.berlin.freidenker.org\/index.php?rest_route=\/wp\/v2\/posts\/4310","targetHints":{"allow":["GET"]}}],"collection":[{"href":"https:\/\/www.berlin.freidenker.org\/index.php?rest_route=\/wp\/v2\/posts"}],"about":[{"href":"https:\/\/www.berlin.freidenker.org\/index.php?rest_route=\/wp\/v2\/types\/post"}],"author":[{"embeddable":true,"href":"https:\/\/www.berlin.freidenker.org\/index.php?rest_route=\/wp\/v2\/users\/4"}],"replies":[{"embeddable":true,"href":"https:\/\/www.berlin.freidenker.org\/index.php?rest_route=%2Fwp%2Fv2%2Fcomments&post=4310"}],"version-history":[{"count":4,"href":"https:\/\/www.berlin.freidenker.org\/index.php?rest_route=\/wp\/v2\/posts\/4310\/revisions"}],"predecessor-version":[{"id":4314,"href":"https:\/\/www.berlin.freidenker.org\/index.php?rest_route=\/wp\/v2\/posts\/4310\/revisions\/4314"}],"wp:attachment":[{"href":"https:\/\/www.berlin.freidenker.org\/index.php?rest_route=%2Fwp%2Fv2%2Fmedia&parent=4310"}],"wp:term":[{"taxonomy":"category","embeddable":true,"href":"https:\/\/www.berlin.freidenker.org\/index.php?rest_route=%2Fwp%2Fv2%2Fcategories&post=4310"},{"taxonomy":"post_tag","embeddable":true,"href":"https:\/\/www.berlin.freidenker.org\/index.php?rest_route=%2Fwp%2Fv2%2Ftags&post=4310"}],"curies":[{"name":"wp","href":"https:\/\/api.w.org\/{rel}","templated":true}]}}