{"id":4397,"date":"2017-07-26T15:25:10","date_gmt":"2017-07-26T13:25:10","guid":{"rendered":"http:\/\/www.berlin.freidenker.org\/?p=4397"},"modified":"2017-07-26T15:25:10","modified_gmt":"2017-07-26T13:25:10","slug":"was-ist-los-in-venezuela","status":"publish","type":"post","link":"https:\/\/www.berlin.freidenker.org\/?p=4397","title":{"rendered":"Was ist los in Venezuela?"},"content":{"rendered":"<div dir=\"ltr\">\n<h3 style=\"text-align: center;\"><span style=\"color: #ff0000;\"><strong><span style=\"font-family: Arial;\">27.7.2017 &#8211; Ladengalerie jW<\/span><\/strong><\/span><\/h3>\n<p><span style=\"color: #ff0000;\">Aus Venezuela erreichen uns beunruhigende Nachrichten. Die rechte Opposition will mit aller Gewalt die demokratisch gew\u00e4hlte Regierung von Pr\u00e4sident Nicol\u00e1s Maduro st\u00fcrzen. Die reagiert mit Dialogangeboten und der Wahl einer Verfassunggebenden Versammlung. Zugleich gibt es dr\u00e4ngende Probleme, deren L\u00f6sung nicht in Sicht ist: Fehlende Lebensmittel und Medikamente, Inflation, Korruption, B\u00fcrokratismus.<\/span><\/p>\n<p>\u00dcber die Situation in dem s\u00fcdamerikanischen Land berichten:<\/p>\n<p><strong>Andr\u00e9 Scheer<\/strong>\u00a0(Venezuela-Kenner und Ressortleiter Au\u00dfenpolitik der Tageszeitung junge Welt, zuletzt im Mai 2017 in Caracas) und\u00a0<strong>Mario Berr\u00edos Miranda<\/strong>\u00a0(Mitglied des DKP-Parteivorstandes, im Juli 2017 zu Gast beim Parteitag der KP Venezuelas)<\/p>\n<p><strong><span style=\"font-family: Arial;\">Wann? Donnerstag, den 27. Juli 2017, Beginn 19:00 Uhr<\/span><\/strong><\/p>\n<p><strong><span style=\"font-family: Arial;\">Wo?\u00a0<\/span><span style=\"font-family: Arial;\">Ladengalerie jW Torstra\u00dfe\u00a06, 10119 Berlin<\/span><\/strong><\/p>\n<p><span style=\"font-family: Arial;\">Moderation: Michael M\u00e4de (jW)<\/span><\/p>\n<p>Eintritt: 5,00 \u20ac\/erm\u00e4\u00dfigt: 3,00 \u20ac<\/p>\n<\/div>\n","protected":false},"excerpt":{"rendered":"<p>27.7.2017 &#8211; Ladengalerie jW Aus Venezuela erreichen uns beunruhigende Nachrichten. Die rechte Opposition will mit aller Gewalt die demokratisch gew\u00e4hlte Regierung von Pr\u00e4sident Nicol\u00e1s Maduro st\u00fcrzen. Die reagiert mit Dialogangeboten und der Wahl einer Verfassunggebenden Versammlung. Zugleich gibt es dr\u00e4ngende Probleme, deren L\u00f6sung nicht in Sicht ist: Fehlende Lebensmittel und Medikamente, Inflation, Korruption, B\u00fcrokratismus. \u00dcber [&hellip;]<\/p>\n","protected":false},"author":4,"featured_media":0,"comment_status":"open","ping_status":"open","sticky":false,"template":"","format":"standard","meta":{"jetpack_post_was_ever_published":false,"_jetpack_newsletter_access":"","_jetpack_dont_email_post_to_subs":false,"_jetpack_newsletter_tier_id":0,"_jetpack_memberships_contains_paywalled_content":false,"_jetpack_memberships_contains_paid_content":false,"footnotes":""},"categories":[49,21,8],"tags":[241,112,681],"class_list":["post-4397","post","type-post","status-publish","format-standard","hentry","category-aufklaerung","category-politik","category-standpunkte","tag-junge-welt","tag-solidaritaet","tag-venezuela"],"jetpack_featured_media_url":"","jetpack_shortlink":"https:\/\/wp.me\/py5dN-18V","jetpack_sharing_enabled":true,"_links":{"self":[{"href":"https:\/\/www.berlin.freidenker.org\/index.php?rest_route=\/wp\/v2\/posts\/4397","targetHints":{"allow":["GET"]}}],"collection":[{"href":"https:\/\/www.berlin.freidenker.org\/index.php?rest_route=\/wp\/v2\/posts"}],"about":[{"href":"https:\/\/www.berlin.freidenker.org\/index.php?rest_route=\/wp\/v2\/types\/post"}],"author":[{"embeddable":true,"href":"https:\/\/www.berlin.freidenker.org\/index.php?rest_route=\/wp\/v2\/users\/4"}],"replies":[{"embeddable":true,"href":"https:\/\/www.berlin.freidenker.org\/index.php?rest_route=%2Fwp%2Fv2%2Fcomments&post=4397"}],"version-history":[{"count":3,"href":"https:\/\/www.berlin.freidenker.org\/index.php?rest_route=\/wp\/v2\/posts\/4397\/revisions"}],"predecessor-version":[{"id":4400,"href":"https:\/\/www.berlin.freidenker.org\/index.php?rest_route=\/wp\/v2\/posts\/4397\/revisions\/4400"}],"wp:attachment":[{"href":"https:\/\/www.berlin.freidenker.org\/index.php?rest_route=%2Fwp%2Fv2%2Fmedia&parent=4397"}],"wp:term":[{"taxonomy":"category","embeddable":true,"href":"https:\/\/www.berlin.freidenker.org\/index.php?rest_route=%2Fwp%2Fv2%2Fcategories&post=4397"},{"taxonomy":"post_tag","embeddable":true,"href":"https:\/\/www.berlin.freidenker.org\/index.php?rest_route=%2Fwp%2Fv2%2Ftags&post=4397"}],"curies":[{"name":"wp","href":"https:\/\/api.w.org\/{rel}","templated":true}]}}