{"id":4420,"date":"2017-07-28T22:39:48","date_gmt":"2017-07-28T20:39:48","guid":{"rendered":"http:\/\/www.berlin.freidenker.org\/?p=4420"},"modified":"2017-07-28T22:39:48","modified_gmt":"2017-07-28T20:39:48","slug":"protest-gegen-einfuehrung-von-erkennungsdienstlicher-videoueberwachung","status":"publish","type":"post","link":"https:\/\/www.berlin.freidenker.org\/?p=4420","title":{"rendered":"Protest gegen Einf\u00fchrung von erkennungsdienstlicher Video\u00fcberwachung"},"content":{"rendered":"<h3 style=\"text-align: center;\"><strong>Aktion Freiheit statt Angst e.V. protestiert gegen die Einf\u00fchrung von erkennungsdienstlicher Video\u00fcberwachung, die ab 1. August in Berlin erprobt werden soll.\u00a0<\/strong><\/h3>\n<p style=\"text-align: center;\"><a href=\"https:\/\/i0.wp.com\/www.berlin.freidenker.org\/wp-content\/uploads\/2017\/07\/TF-S%C3%BCdkreuz-Front1-web.jpg?ssl=1\"><img data-recalc-dims=\"1\" loading=\"lazy\" decoding=\"async\" class=\"alignnone size-full wp-image-4425\" src=\"https:\/\/i0.wp.com\/www.berlin.freidenker.org\/wp-content\/uploads\/2017\/07\/TF-S%C3%BCdkreuz-Front1-web.jpg?resize=500%2C701&#038;ssl=1\" alt=\"\" width=\"500\" height=\"701\" srcset=\"https:\/\/i0.wp.com\/www.berlin.freidenker.org\/wp-content\/uploads\/2017\/07\/TF-S%C3%BCdkreuz-Front1-web.jpg?w=500&amp;ssl=1 500w, https:\/\/i0.wp.com\/www.berlin.freidenker.org\/wp-content\/uploads\/2017\/07\/TF-S%C3%BCdkreuz-Front1-web.jpg?resize=214%2C300&amp;ssl=1 214w\" sizes=\"auto, (max-width: 500px) 100vw, 500px\" \/><\/a><\/p>\n<h4><span style=\"color: #ff0000;\">Wann?<\/span>\u00a0Dienstag, 1. August 2017 von 15 bis 18 Uhr.<\/h4>\n<h4><span style=\"color: #ff0000;\">Wo?<\/span> Vor dem (West-) Eingang zum Bahnhof S\u00fcdkreuz, Hildegard-Knef-Platz, 10829 Berlin<\/h4>\n<p>&nbsp;<\/p>\n<p><strong>Worum geht es?<\/strong><\/p>\n<p>Video\u00fcberwachung wird ungebremst weiter ausgebaut. Im Jahr 2016 stieg die Zahl der Bahnh\u00f6fe mit Video\u00fcberwachung auf 900. Die Zahl der Kameras in den Bahnh\u00f6fen stieg im letzten Jahr von 5.000 auf 6.000 (+20%). Damit werden bereits mehr als 80% der Fahrgaststr\u00f6me bei der Bahn erfasst.<\/p>\n<p><strong>Intelligente Video\u00fcberwachung<\/strong><\/p>\n<p>Die Deutsche Bahn, das Bundeskriminalamt und die Bundespolizei wollen am Bahnhof S\u00fcdkreuz nun eine Software zur Gesichtserkennung und Nachverfolgung von Personen erproben. Andererseits arbeitet das Bundesinnenministerium auf Ebene der Europ\u00e4ischen Union daran, die gro\u00dfen grenzpolizeilichen EU-Datenbanken ebenfalls mit M\u00f6glichkeiten zur biometrischen Gesichtserkennung auszustatten. Damit k\u00f6nnen zuk\u00fcnftig Gesichtsbilder von deutschen Bahnh\u00f6fen oder Flugh\u00e4fen mit den europ\u00e4ischen Informationssystemen abgeglichen werden, denn die sogenannte &#8222;intelligente Video\u00fcberwachung&#8220; analysiert und erkennt Personen an Hand von Fotos in Datenbanken, z.B. die mit s\u00e4mtlichen biometrischen Fotos unserer Ausweise und P\u00e4sse.<\/p>\n<p><strong>Tracking und Bewegungspr\u00e4diction<\/strong><\/p>\n<p>Das Projekt auf dem Bhf S\u00fcdkreuz wird also eine Indect-\u00e4hnliche Video\u00fcberwachung aufbauen und erproben&#8230; Die Technik sollte mit einem uneingeschr\u00e4nkten Einblick in unsere Privatsph\u00e4re beurteilen ob wir uns normal oder &#8222;abnormal&#8220; verhalten.<\/p>\n<p>Im Vordergrund am Bahnhof S\u00fcdkreuz stehen Tests zum Zwecke des Abgleiches mit polizeilichen Datenbanken und die Selektion verd\u00e4chtiger Verhaltensweisen und bestimmter \u00e4u\u00dferer Erscheinungsmerkmale&#8230; Beginnen wird man deshalb im Bahnhof S\u00fcdkreuz mit rund 80 Videokameras&#8230;<\/p>\n<p><strong>Aktion Freiheit statt Angst e.V. sieht bei dem Projekt folgende Gefahren:<\/strong><\/p>\n<p>&#8211; Angeblich geht es, wie inzwischen \u00fcblich, um Terrorfahndung, praktisch soll die Verfolgung aller Vergehen bis zu Ordnungswidrigkeiten, also auch Schwarzfahrer, Sprayer, Obdachlose, Bettler, &#8230; m\u00f6glich sein.<\/p>\n<p>&#8211; Es werden nicht nur die Personen \u00fcberwacht, von denen eine Gefahr ausgeht.<\/p>\n<p>&#8211; Niemand kann (nach der Testphase) der biometrischen Erfassung entgehen ohne auf seine Bewegungsfreiheit zu verzichten.<\/p>\n<p>&#8211; Es fehlt jegliche Zweckbindung der erhobenen Daten.<\/p>\n<p>&#8211; Das Ergebnis wird eine gro\u00dfe Zahl an False Positives sein, Unschuldige geraten ins Visier der Beh\u00f6rden. Daraus ergibt sich dann eine Umkehrung der Unschuldsvermutung, weil die \u201eBeschuldigten\u201c den Vorwurf entkr\u00e4ften m\u00fcssen.<\/p>\n<p>&#8211; Der Abgleich mit Biometrischen ePerso Fotos erfolgt nun entgegen den Zusicherungen bei Einf\u00fchrung dieser biometrischen Technik im Jahr 2003.<\/p>\n<p><span style=\"color: #ff0000;\">Weitere Informationen:<\/span>\u00a0<a href=\"https:\/\/www.aktion-freiheitstattangst.org\/de\/articles\/6104-20170801-buergerfahndung-suedkreuz.htm\" target=\"_blank\">HIER:<\/a><\/p>\n<h4><span style=\"color: #ff0000;\">Kontakt f\u00fcr weitere Nachfragen:<\/span> Aktion Freiheit statt Angst e.V. <a href=\"mailto:kontakt@aktion-fsa.de\">kontakt@aktion-fsa.de<\/a><\/h4>\n<h4 style=\"text-align: center;\"><strong>* * *<\/strong><\/h4>\n<h3 style=\"text-align: center;\">Kommt zur Protestkundgebung 15 Uhr und zum Flashmob 17 Uhr!<\/h3>\n","protected":false},"excerpt":{"rendered":"<p>Aktion Freiheit statt Angst e.V. protestiert gegen die Einf\u00fchrung von erkennungsdienstlicher Video\u00fcberwachung, die ab 1. August in Berlin erprobt werden soll.\u00a0 Wann?\u00a0Dienstag, 1. August 2017 von 15 bis 18 Uhr. Wo? Vor dem (West-) Eingang zum Bahnhof S\u00fcdkreuz, Hildegard-Knef-Platz, 10829 Berlin &nbsp; Worum geht es? Video\u00fcberwachung wird ungebremst weiter ausgebaut. Im Jahr 2016 stieg die [&hellip;]<\/p>\n","protected":false},"author":4,"featured_media":0,"comment_status":"open","ping_status":"open","sticky":false,"template":"","format":"standard","meta":{"jetpack_post_was_ever_published":false,"_jetpack_newsletter_access":"","_jetpack_dont_email_post_to_subs":false,"_jetpack_newsletter_tier_id":0,"_jetpack_memberships_contains_paywalled_content":false,"_jetpack_memberships_contains_paid_content":false,"footnotes":""},"categories":[49,14,22,21,13],"tags":[400,683],"class_list":["post-4420","post","type-post","status-publish","format-standard","hentry","category-aufklaerung","category-aktivitaeten-des-dfv-berlin","category-friedensaktionen","category-politik","category-veranstaltungen","tag-aktion-freiheit-statt-angst","tag-videoueberwachung"],"jetpack_featured_media_url":"","jetpack_shortlink":"https:\/\/wp.me\/py5dN-19i","jetpack_sharing_enabled":true,"_links":{"self":[{"href":"https:\/\/www.berlin.freidenker.org\/index.php?rest_route=\/wp\/v2\/posts\/4420","targetHints":{"allow":["GET"]}}],"collection":[{"href":"https:\/\/www.berlin.freidenker.org\/index.php?rest_route=\/wp\/v2\/posts"}],"about":[{"href":"https:\/\/www.berlin.freidenker.org\/index.php?rest_route=\/wp\/v2\/types\/post"}],"author":[{"embeddable":true,"href":"https:\/\/www.berlin.freidenker.org\/index.php?rest_route=\/wp\/v2\/users\/4"}],"replies":[{"embeddable":true,"href":"https:\/\/www.berlin.freidenker.org\/index.php?rest_route=%2Fwp%2Fv2%2Fcomments&post=4420"}],"version-history":[{"count":11,"href":"https:\/\/www.berlin.freidenker.org\/index.php?rest_route=\/wp\/v2\/posts\/4420\/revisions"}],"predecessor-version":[{"id":4432,"href":"https:\/\/www.berlin.freidenker.org\/index.php?rest_route=\/wp\/v2\/posts\/4420\/revisions\/4432"}],"wp:attachment":[{"href":"https:\/\/www.berlin.freidenker.org\/index.php?rest_route=%2Fwp%2Fv2%2Fmedia&parent=4420"}],"wp:term":[{"taxonomy":"category","embeddable":true,"href":"https:\/\/www.berlin.freidenker.org\/index.php?rest_route=%2Fwp%2Fv2%2Fcategories&post=4420"},{"taxonomy":"post_tag","embeddable":true,"href":"https:\/\/www.berlin.freidenker.org\/index.php?rest_route=%2Fwp%2Fv2%2Ftags&post=4420"}],"curies":[{"name":"wp","href":"https:\/\/api.w.org\/{rel}","templated":true}]}}