{"id":4465,"date":"2017-08-02T06:11:52","date_gmt":"2017-08-02T04:11:52","guid":{"rendered":"http:\/\/www.berlin.freidenker.org\/?p=4465"},"modified":"2017-08-02T06:33:58","modified_gmt":"2017-08-02T04:33:58","slug":"neue-debatte-3-8-2017-19-30-uhr","status":"publish","type":"post","link":"https:\/\/www.berlin.freidenker.org\/?p=4465","title":{"rendered":"Kontroverse Diskussion um G20-Proteste &#8211; 3.8.2017"},"content":{"rendered":"<p style=\"text-align: left;\"><big>Lesung und Debatte \u00fcber L\u00f6sungsstrategien f\u00fcr das taumelnde Europa\u00a0und die von Krisen gesch\u00fcttelte Welt.<\/big><\/p>\n<p style=\"text-align: left;\">Vortrag und Diskussion mit dem Historiker<strong> Reinhard Paulsen. <\/strong>Es geht um eine<\/p>\n<h3 style=\"text-align: center;\"><strong>Kontroverse Diskussion\u00a0um die Proteste gegen den G20 Gipfel in Hamburg<\/strong><\/h3>\n<p style=\"text-align: center;\">(N\u00e4heres dazu\u00a0<a href=\"https:\/\/neue-debatte.com\/2017\/07\/18\/wieso-dieser-angriff-auf-die-g20-protestbewegung\/\" target=\"_blank\">hier<\/a>.)<\/p>\n<p><strong><span style=\"color: #ff0000;\">Wann?<\/span>\u00a0Donnerstag, den 3. August 2017,\u00a0Beginn 19.30 Uhr<\/strong><\/p>\n<p><strong><span style=\"color: #ff0000;\">Wo?<\/span>\u00a0<big><small>COOP Anti-War Caf\u00e9 Berlin,\u00a0<\/small><\/big>Rochstr. 3,\u00a010178 Berlin<\/strong><\/p>\n<p>Eintritt frei\/Hutspende<\/p>\n<p>Weitere Informationen <a href=\"https:\/\/cooptv.wordpress.com\/2017\/08\/01\/veranstaltung-berlin-do-3-8-coop-antikriegscafe-neue-debatte-loesungsstrategien-fuer-das-taumelnde-europa-und-die-von-krisen-geschuettelte-welt-g20-proteste\/\" target=\"_blank\">hier.<\/a><\/p>\n","protected":false},"excerpt":{"rendered":"<p>Lesung und Debatte \u00fcber L\u00f6sungsstrategien f\u00fcr das taumelnde Europa\u00a0und die von Krisen gesch\u00fcttelte Welt. Vortrag und Diskussion mit dem Historiker Reinhard Paulsen. Es geht um eine Kontroverse Diskussion\u00a0um die Proteste gegen den G20 Gipfel in Hamburg (N\u00e4heres dazu\u00a0hier.) Wann?\u00a0Donnerstag, den 3. August 2017,\u00a0Beginn 19.30 Uhr Wo?\u00a0COOP Anti-War Caf\u00e9 Berlin,\u00a0Rochstr. 3,\u00a010178 Berlin Eintritt frei\/Hutspende Weitere Informationen [&hellip;]<\/p>\n","protected":false},"author":4,"featured_media":0,"comment_status":"open","ping_status":"open","sticky":false,"template":"","format":"standard","meta":{"jetpack_post_was_ever_published":false,"_jetpack_newsletter_access":"","_jetpack_dont_email_post_to_subs":true,"_jetpack_newsletter_tier_id":0,"_jetpack_memberships_contains_paywalled_content":false,"_jetpack_memberships_contains_paid_content":false,"footnotes":""},"categories":[49,45,175,21,13],"tags":[690,692,58,691],"class_list":["post-4465","post","type-post","status-publish","format-standard","hentry","category-aufklaerung","category-friedensbewegung","category-nato","category-politik","category-veranstaltungen","tag-coop-anti-war-cafe-berlin","tag-g20-protest","tag-multipolare-welt","tag-neue-debatte"],"jetpack_featured_media_url":"","jetpack_shortlink":"https:\/\/wp.me\/py5dN-1a1","jetpack_sharing_enabled":true,"_links":{"self":[{"href":"https:\/\/www.berlin.freidenker.org\/index.php?rest_route=\/wp\/v2\/posts\/4465","targetHints":{"allow":["GET"]}}],"collection":[{"href":"https:\/\/www.berlin.freidenker.org\/index.php?rest_route=\/wp\/v2\/posts"}],"about":[{"href":"https:\/\/www.berlin.freidenker.org\/index.php?rest_route=\/wp\/v2\/types\/post"}],"author":[{"embeddable":true,"href":"https:\/\/www.berlin.freidenker.org\/index.php?rest_route=\/wp\/v2\/users\/4"}],"replies":[{"embeddable":true,"href":"https:\/\/www.berlin.freidenker.org\/index.php?rest_route=%2Fwp%2Fv2%2Fcomments&post=4465"}],"version-history":[{"count":9,"href":"https:\/\/www.berlin.freidenker.org\/index.php?rest_route=\/wp\/v2\/posts\/4465\/revisions"}],"predecessor-version":[{"id":4474,"href":"https:\/\/www.berlin.freidenker.org\/index.php?rest_route=\/wp\/v2\/posts\/4465\/revisions\/4474"}],"wp:attachment":[{"href":"https:\/\/www.berlin.freidenker.org\/index.php?rest_route=%2Fwp%2Fv2%2Fmedia&parent=4465"}],"wp:term":[{"taxonomy":"category","embeddable":true,"href":"https:\/\/www.berlin.freidenker.org\/index.php?rest_route=%2Fwp%2Fv2%2Fcategories&post=4465"},{"taxonomy":"post_tag","embeddable":true,"href":"https:\/\/www.berlin.freidenker.org\/index.php?rest_route=%2Fwp%2Fv2%2Ftags&post=4465"}],"curies":[{"name":"wp","href":"https:\/\/api.w.org\/{rel}","templated":true}]}}