{"id":4492,"date":"2017-08-03T22:04:08","date_gmt":"2017-08-03T20:04:08","guid":{"rendered":"http:\/\/www.berlin.freidenker.org\/?p=4492"},"modified":"2017-08-04T21:13:23","modified_gmt":"2017-08-04T19:13:23","slug":"bei-freidenkern-gefunden-und-anderswo-617-deutsche-grenzen-und-territorien-von-1815-bis-1990","status":"publish","type":"post","link":"https:\/\/www.berlin.freidenker.org\/?p=4492","title":{"rendered":"Bei Freidenkern gefunden&#8230; und anderswo (6\/17) &#8211; \u201eDeutsche Grenzen und Territorien von 1815 bis 1990\u201c"},"content":{"rendered":"<p><span style=\"color: #333333;\"><a href=\"https:\/\/de.wikipedia.org\/wiki\/Gregor_Schirmer\" target=\"_blank\">Prof. Dr. Gregor Schirmer<\/a> ist <\/span><span style=\"color: #333333;\">A<\/span><span style=\"color: #333333;\">utor des <\/span><span style=\"color: #333333;\">B<\/span><span style=\"color: #333333;\">uchs: \u201eDeutsche Grenzen und Territorien von 1815 bis 1990. Eine v\u00f6lkerrechtliche Inventur\u201c. Der international bekannte V\u00f6lkerrechtler setzt sich in seiner 175 Jahre umspannenden Inventur mit der Haltung des deutschern Imperialismus und seiner Vorformen zum V\u00f6lkerrecht auseinander.\u00a0<\/span><\/p>\n<p>Ein v\u00f6lkerrechtlich markantes Ereignis der BRD-Rechtsgeschichte mit Bezug zur DDR ist das Urteil des Bundesverfassungsgerichtes aus dem Jahr 1973. Am 31. Juli 1973\u00a0<a href=\"http:\/\/www.servat.unibe.ch\/dfr\/bv036001.html#Rn078\" target=\"_blank\">urteilte das Karlsruher Gericht<\/a>\u00a0zum Grundlagenvertrag zwischen der BRD und der DDR: <em>\u201eDas Grundgesetz [\u2026] geht davon aus, dass das Deutsche Reich den Zusammenbruch 1945 \u00fcberdauert hat und weder mit der Kapitulation noch durch Aus\u00fcbung fremder Staatsgewalt in\u00a0Deutschland durch die alliierten Okkupationsm\u00e4chte noch sp\u00e4ter untergegangen ist. \u2026 Das Deutsche Reich existiert fort. [\u2026] Mit der Errichtung der Bundesrepublik Deutschland wurde nicht ein neuer westdeutscher Staat gegr\u00fcndet, sondern ein Teil Deutschlands neu organisiert.\u201c<\/em><\/p>\n<p>Dieser aggressive Standpunkt des deutschen Imperialismus fand seine &#8222;Belohnung&#8220; und praktisch-politische Akzeptanz mit dem Anschluss der DDR nach Artikel 23 GG. Eine &#8222;Wiedervereinigung&#8220; gab es nicht.<\/p>\n<p>Schirmer arbeitet heraus, dass diese Rechtsauffassung zwingend die Nichtanerkennung der Beschl\u00fcsse des Potsdamer Abkommens zur endg\u00fcltigen Beendigung des Deutschen Reiches einschlie\u00dft. Bestritten wird damit die &#8222;Vernichtung des Aggressors als Staat und V\u00f6lkerrechtssubjekt\u201c.<\/p>\n<p>Bei alldem geht es nicht um juristische Spitzfindigkeiten einer grauen Vorzeit. \u00a0<a href=\"https:\/\/de.sputniknews.com\/politik\/20170715316606171-bundesregierungs-8-mai-deutsches-reich\/\" target=\"_blank\">Schirmer im Interview<\/a>: <em>&#8222;Was Deutschland betrifft, habe ich in\u00a0meinem Buch gezeigt, dass wir wachsam sein m\u00fcssen. Es gibt immer noch den Standpunkt bei ernsthaften V\u00f6lkerrechtlern, dass die Grenzfrage im Osten im Grunde genommen ein aggressiver Akt der Sowjetunion und Polens war, der von Deutschland nur um des lieben Friedens willen akzeptiert wird. Wir werden es nicht gewaltsam \u00e4ndern, ist der Standpunkt.&#8220;<span style=\"color: #ff0000;\"><strong>*<\/strong><\/span><\/em><\/p>\n<p>Und weiter zum\u00a0Zwei-plus-Vier-Vertrag und dem polnisch-deutsche Grenzvertrag:<em> \u201eSie sprechen zwar davon, dass diese Grenzen endg\u00fcltig seien, aber die Rechtsgrundlage dieser Endg\u00fcltigkeit, die bleibt offen. Die Rechtsgrundlage ist die Aggressionshandlung des Deutschen Reiches gegen die Sowjetunion und gegen Polen und gegen andere Staaten. Das akzeptiert die offizielle Bundesrepublik keineswegs.\u201c<\/em><\/p>\n<p>Wir erleben derzeit eine neue Stufe des Strebens des deutschen Imperialismus nach einer Weltmachtrolle. Juristische Grundlagen daf\u00fcr wurden fr\u00fchzeitig geschaffen und immer gepflegt. Gregor Schirmers <a href=\"http:\/\/www.eulenspiegel.com\/verlage\/edition-ost\/titel\/deutsche-grenzen-und-territorien-von-1815-bis-1990.html\" target=\"_blank\">aufkl\u00e4rendes Buch<\/a> kommt zur rechten Zeit.<\/p>\n<p>&nbsp;<\/p>\n<p><span style=\"color: #ff0000;\"><strong>*<\/strong><\/span> Hier <a href=\"http:\/\/www.dasgelbeforum.net\/forum_entry.php?id=439809\" target=\"_blank\">ein Beispiel<\/a> daf\u00fcr, wie die Diskussionen beginnen, &#8222;erlittenes Unrecht gewaltfrei zu \u00e4ndern&#8220;.<\/p>\n","protected":false},"excerpt":{"rendered":"<p>Prof. Dr. Gregor Schirmer ist Autor des Buchs: \u201eDeutsche Grenzen und Territorien von 1815 bis 1990. Eine v\u00f6lkerrechtliche Inventur\u201c. Der international bekannte V\u00f6lkerrechtler setzt sich in seiner 175 Jahre umspannenden Inventur mit der Haltung des deutschern Imperialismus und seiner Vorformen zum V\u00f6lkerrecht auseinander.\u00a0 Ein v\u00f6lkerrechtlich markantes Ereignis der BRD-Rechtsgeschichte mit Bezug zur DDR ist das [&hellip;]<\/p>\n","protected":false},"author":5,"featured_media":0,"comment_status":"open","ping_status":"open","sticky":false,"template":"","format":"standard","meta":{"jetpack_post_was_ever_published":false,"_jetpack_newsletter_access":"","_jetpack_dont_email_post_to_subs":true,"_jetpack_newsletter_tier_id":0,"_jetpack_memberships_contains_paywalled_content":false,"_jetpack_memberships_contains_paid_content":false,"footnotes":""},"categories":[49,30,47,175,21],"tags":[695,694,499],"class_list":["post-4492","post","type-post","status-publish","format-standard","hentry","category-aufklaerung","category-europa","category-nation","category-nato","category-politik","tag-deutscher-imperialismus","tag-gregor-schirmer","tag-voelkerrecht"],"jetpack_featured_media_url":"","jetpack_shortlink":"https:\/\/wp.me\/py5dN-1as","jetpack_sharing_enabled":true,"_links":{"self":[{"href":"https:\/\/www.berlin.freidenker.org\/index.php?rest_route=\/wp\/v2\/posts\/4492","targetHints":{"allow":["GET"]}}],"collection":[{"href":"https:\/\/www.berlin.freidenker.org\/index.php?rest_route=\/wp\/v2\/posts"}],"about":[{"href":"https:\/\/www.berlin.freidenker.org\/index.php?rest_route=\/wp\/v2\/types\/post"}],"author":[{"embeddable":true,"href":"https:\/\/www.berlin.freidenker.org\/index.php?rest_route=\/wp\/v2\/users\/5"}],"replies":[{"embeddable":true,"href":"https:\/\/www.berlin.freidenker.org\/index.php?rest_route=%2Fwp%2Fv2%2Fcomments&post=4492"}],"version-history":[{"count":5,"href":"https:\/\/www.berlin.freidenker.org\/index.php?rest_route=\/wp\/v2\/posts\/4492\/revisions"}],"predecessor-version":[{"id":4497,"href":"https:\/\/www.berlin.freidenker.org\/index.php?rest_route=\/wp\/v2\/posts\/4492\/revisions\/4497"}],"wp:attachment":[{"href":"https:\/\/www.berlin.freidenker.org\/index.php?rest_route=%2Fwp%2Fv2%2Fmedia&parent=4492"}],"wp:term":[{"taxonomy":"category","embeddable":true,"href":"https:\/\/www.berlin.freidenker.org\/index.php?rest_route=%2Fwp%2Fv2%2Fcategories&post=4492"},{"taxonomy":"post_tag","embeddable":true,"href":"https:\/\/www.berlin.freidenker.org\/index.php?rest_route=%2Fwp%2Fv2%2Ftags&post=4492"}],"curies":[{"name":"wp","href":"https:\/\/api.w.org\/{rel}","templated":true}]}}