{"id":4527,"date":"2017-08-11T18:40:26","date_gmt":"2017-08-11T16:40:26","guid":{"rendered":"http:\/\/www.berlin.freidenker.org\/?p=4527"},"modified":"2017-08-11T18:40:26","modified_gmt":"2017-08-11T16:40:26","slug":"frei-gedacht-weder-links-noch-rechts","status":"publish","type":"post","link":"https:\/\/www.berlin.freidenker.org\/?p=4527","title":{"rendered":"Frei gedacht: &#8222;weder links noch rechts&#8220;"},"content":{"rendered":"<p>Diese Wendung spielt eine zwiesp\u00e4ltige, merkw\u00fcrdig-unklare Rolle.<\/p>\n<p>Ken Jebsen, einer der gegenw\u00e4rtig wenigen linken Aufkl\u00e4rer von Format, geht mit ihr hausieren. Gerne auch konterkariert er sein linkes Aufkl\u00e4rertum durch demonstrative Danksagungen an die Polizei oder durch gelegentliche Nettigkeiten f\u00fcr Frau Merkel.<\/p>\n<p>Die selbsterkl\u00e4rten Gralsh\u00fcter &#8222;echten Linksseins&#8220; &#8211; DKP, KPD, Rotfuchs. Kommunistische Plattform oder wer auch immer &#8211; sind nat\u00fcrlich sauer, dass der Ken, dem sie unendlich viel verdanken, einen ihrer wichtigsten Glaubenswerte veralbert oder gar leugnet.<\/p>\n<p>Denjenigen, die sich als einzige demonstrativ DIE LINKE nennen, geht der ganze Streit am Allerwertesten vorbei, denn was &#8222;links&#8220; wirklich bedeuten k\u00f6nnte, interessiert Gysi und Z\u00f6glinge schon lange nicht mehr (wenn es sie jemals interessiert hat).<\/p>\n<p>Bei meiner dauerhaften Sympathie f\u00fcr die Arbeit von Ken Jebsen blieb es nicht aus, dass ich in meinem Blog zu bestimmen versuchte (sogar <a href=\"https:\/\/opablog.net\/?s=links+sein\" target=\"_blank\" rel=\"noopener\">mehrmals)<\/a>, ob und was <a href=\"https:\/\/opablog.net\/2012\/05\/17\/nicht-nur-irgendwie-links\/\" target=\"_blank\" rel=\"noopener\">&#8222;Linkssein&#8220;<\/a> f\u00fcr mich ist.<\/p>\n<p>Anfangs (etwa ab 2012) m\u00f6gen diese \u00dcberlegungen etwas akademisch gewesen sein. Inzwischen ist Zeit vergangen. Wir erleben (ohne allzu viel zu verstehen), wie die Multipolare Welt geboren wird. Dabei k\u00f6nnte es zu einer fundamentalen Tatsache werden, dass diese Welt &#8222;weder links noch rechts&#8220; ist. Sie betritt Dank des Agierens von Kr\u00e4ften die B\u00fchne, die anscheinend &#8222;weder links noch rechts&#8220; sind.<\/p>\n<p>Ich als skeptischer Optimist bin nat\u00fcrlich erst einmal froh, dass diese Multipolare Welt offenbar die Neue WeltOrdnung derer zur\u00fcckdr\u00e4ngt, die sich selbst \u00a0&#8222;Exzeptionelle&#8220; nennen. Aber was folgt danach? Entwickelt sich ein neuer Kampf der multiplen Pole um &#8222;den Platz an der Sonne&#8220;? Oder entwickelt sich die Multipolarit\u00e4t zu einer sozusagen &#8222;ALLPOLARIT\u00c4T&#8220;, die auf nichts anderes hinauslaufen kann als eine\u00a0<a href=\"https:\/\/leibnizsozietaet.de\/wp-content\/uploads\/2012\/11\/11_hoerz.pdf\" target=\"_blank\" rel=\"noopener\">\u00a0&#8222;Macht ohne Herrschaft&#8220;?<\/a>\u00a0Wenn es soweit kommen soll, m\u00fcsste wohl eine enorme revolution\u00e4re Tatkraft aufgebracht werden, Linkssein im besten Sinne.<\/p>\n<p>Das w\u00e4re die Stufe, wo &#8222;weder rechts noch links&#8220; einerseits und &#8222;radikal links&#8220; andererseits identisch werden. Denkm\u00f6glich scheint mir das zu sein.<\/p>\n<p style=\"text-align: center;\">Was die Zukunft erm\u00f6glicht und verlangt, wissen wir nicht.<\/p>\n<p style=\"text-align: center;\">Die Vergangenheit zu vergessen, haben wir kein Recht.<\/p>\n<p style=\"text-align: center;\"><iframe loading=\"lazy\" src=\"\/\/www.youtube.com\/embed\/6pTmmtcY5n4\" width=\"500\" height=\"314\" allowfullscreen=\"allowfullscreen\"><\/iframe><\/p>\n<p>&nbsp;<\/p>\n","protected":false},"excerpt":{"rendered":"<p>Diese Wendung spielt eine zwiesp\u00e4ltige, merkw\u00fcrdig-unklare Rolle. Ken Jebsen, einer der gegenw\u00e4rtig wenigen linken Aufkl\u00e4rer von Format, geht mit ihr hausieren. Gerne auch konterkariert er sein linkes Aufkl\u00e4rertum durch demonstrative Danksagungen an die Polizei oder durch gelegentliche Nettigkeiten f\u00fcr Frau Merkel. Die selbsterkl\u00e4rten Gralsh\u00fcter &#8222;echten Linksseins&#8220; &#8211; DKP, KPD, Rotfuchs. Kommunistische Plattform oder wer auch [&hellip;]<\/p>\n","protected":false},"author":4,"featured_media":0,"comment_status":"open","ping_status":"open","sticky":false,"template":"","format":"standard","meta":{"jetpack_post_was_ever_published":false,"_jetpack_newsletter_access":"","_jetpack_dont_email_post_to_subs":false,"_jetpack_newsletter_tier_id":0,"_jetpack_memberships_contains_paywalled_content":false,"_jetpack_memberships_contains_paid_content":false,"footnotes":""},"categories":[49,46,45,19,21,8],"tags":[707,710,41,708,709],"class_list":["post-4527","post","type-post","status-publish","format-standard","hentry","category-aufklaerung","category-freidenker-im-gespraech","category-friedensbewegung","category-kultur","category-politik","category-standpunkte","tag-weder-links-noch-rechts","tag-ernst-busch","tag-ken-jebsen","tag-liniker-marsch","tag-majakowski"],"jetpack_featured_media_url":"","jetpack_shortlink":"https:\/\/wp.me\/py5dN-1b1","jetpack_sharing_enabled":true,"_links":{"self":[{"href":"https:\/\/www.berlin.freidenker.org\/index.php?rest_route=\/wp\/v2\/posts\/4527","targetHints":{"allow":["GET"]}}],"collection":[{"href":"https:\/\/www.berlin.freidenker.org\/index.php?rest_route=\/wp\/v2\/posts"}],"about":[{"href":"https:\/\/www.berlin.freidenker.org\/index.php?rest_route=\/wp\/v2\/types\/post"}],"author":[{"embeddable":true,"href":"https:\/\/www.berlin.freidenker.org\/index.php?rest_route=\/wp\/v2\/users\/4"}],"replies":[{"embeddable":true,"href":"https:\/\/www.berlin.freidenker.org\/index.php?rest_route=%2Fwp%2Fv2%2Fcomments&post=4527"}],"version-history":[{"count":1,"href":"https:\/\/www.berlin.freidenker.org\/index.php?rest_route=\/wp\/v2\/posts\/4527\/revisions"}],"predecessor-version":[{"id":4528,"href":"https:\/\/www.berlin.freidenker.org\/index.php?rest_route=\/wp\/v2\/posts\/4527\/revisions\/4528"}],"wp:attachment":[{"href":"https:\/\/www.berlin.freidenker.org\/index.php?rest_route=%2Fwp%2Fv2%2Fmedia&parent=4527"}],"wp:term":[{"taxonomy":"category","embeddable":true,"href":"https:\/\/www.berlin.freidenker.org\/index.php?rest_route=%2Fwp%2Fv2%2Fcategories&post=4527"},{"taxonomy":"post_tag","embeddable":true,"href":"https:\/\/www.berlin.freidenker.org\/index.php?rest_route=%2Fwp%2Fv2%2Ftags&post=4527"}],"curies":[{"name":"wp","href":"https:\/\/api.w.org\/{rel}","templated":true}]}}