{"id":4529,"date":"2017-08-12T18:24:47","date_gmt":"2017-08-12T16:24:47","guid":{"rendered":"http:\/\/www.berlin.freidenker.org\/?p=4529"},"modified":"2017-08-12T18:25:34","modified_gmt":"2017-08-12T16:25:34","slug":"solidaritaet-mit-dem-koreanischen-volk","status":"publish","type":"post","link":"https:\/\/www.berlin.freidenker.org\/?p=4529","title":{"rendered":"Solidarit\u00e4t mit dem koreanischen Volk!"},"content":{"rendered":"<h3 style=\"text-align: center;\">Erkl\u00e4rung des\u00a0<strong>Sekretariats des Weltfriedensrates aus Anlass der Resolution des\u00a0UN-Sicherheitsrats vom 5. August 2017 \u00fcber Sanktionen gegen Korea:<\/strong><\/h3>\n<p><em>Der Weltfriedensrat (WFR) dr\u00fcckt seine ernsthafte Sorge aus \u00fcber die j\u00fcngste Resolution des UN-Sicherheitsrats vom 5. August, die der Demokratischen Volksrepublik Korea (DVRK) und ihrem Volk neue Sanktionen auferlegt.<\/em><\/p>\n<p><em>Der WFR steht in Solidarit\u00e4t fest an der Seite des koreanischen Volkes und seinem Recht, selbst und ohne fremde Einmischung \u00fcber sein Gl\u00fcck und seine Zukunft zu entscheiden. Die Drohungen der US-Regierung und ihrer regionalen Alliierten gegen die Souver\u00e4nit\u00e4t der DVRK weisen wir zur\u00fcck und verurteilen sie. Wir missbilligen die steigende Zahl von Man\u00f6vern der USA, S\u00fcdkoreas und Japans in diesem Gebiet ebenso wie die milit\u00e4rische Pr\u00e4senz von mehr als 28.000 US-Soldaten im S\u00fcden der koreanischen Halbinsel. Die Aufstellung des US-Raketenabwehrsystems THAAD in S\u00fcdkorea stellt eine weitere Eskalationsstufe in der Bedrohungsstrategie dar und zielt auf die F\u00e4higkeit zum Erstschlag, die die M\u00f6glichkeit der Vergeltung ausschlie\u00dft.<\/em><\/p>\n<p><em>Der WFR ist f\u00fcr die weltweite Abschaffung aller Nuklearwaffen, die einseitige Propaganda gegen das \u00bbNuklearprogramm\u00ab der DVRK akzeptieren wir jedoch nicht. Wir unterst\u00fctzen und fordern die friedliche Beilegung der Streitigkeiten zwischen den USA und der DVRK sowie die Ersetzung der Waffenstillstandsvereinbarung von 1953 durch ein umfassendes Friedensabkommen zwischen beiden Seiten.<\/em><\/p>\n<p><em>Aus historischen Gr\u00fcnden lehnen wir es ab, die DVRK mit weiteren Sanktionen auszusondern, treffen diese doch vor allem die Bev\u00f6lkerung; sie sind in Wirklichkeit \u2013 wie zuvor im Irak und in Libyen \u2013 eine Form der Aggression oder Vorbereitung einer milit\u00e4rischen Intervention.<\/em><\/p>\n<p><em>Den berechtigten Sorgen der DVRK kann nicht mit Sanktionen oder Drohungen begegnet werden, mit Anstrengungen, ein Volk zu strangulieren, um die geostrategische Dominanz des Imperialismus durchzusetzen, der die tats\u00e4chliche Bedrohung f\u00fcr Frieden und Stabilit\u00e4t in dieser Region darstellt. Gerade in diesen Tagen erinnern wir daran, dass es die USA waren, die vor 72 Jahren als einziges Land in ihrem Verbrechen in Hiroshima und Nagasaki Atombomben eingesetzt haben, sich aber selbst bis heute weigern, von der Option eines nuklearen Erstschlags Abstand zu nehmen.<\/em><\/p>\n<p><em>Der WFR unterstreicht erneut seine Unterst\u00fctzung des Kampfes des koreanischen Volkes gegen die imperialistischen Pl\u00e4ne, f\u00fcr die Verteidigung seiner Souver\u00e4nit\u00e4t, f\u00fcr die Demilitarisierung und nukleare Abr\u00fcstung in der Region sowie die unabh\u00e4ngige und friedliche Wiedervereinigung Koreas. <\/em><\/p>\n<hr \/>\n<p>Quelle und \u00dcbersetzung:<a href=\"https:\/\/www.jungewelt.de\/artikel\/316080.solidarit%C3%A4t-mit-dem-koreanischen-volk.html\" target=\"_blank\">&#8222;junge Welt&#8220;<\/a><\/p>\n","protected":false},"excerpt":{"rendered":"<p>Erkl\u00e4rung des\u00a0Sekretariats des Weltfriedensrates aus Anlass der Resolution des\u00a0UN-Sicherheitsrats vom 5. August 2017 \u00fcber Sanktionen gegen Korea: Der Weltfriedensrat (WFR) dr\u00fcckt seine ernsthafte Sorge aus \u00fcber die j\u00fcngste Resolution des UN-Sicherheitsrats vom 5. August, die der Demokratischen Volksrepublik Korea (DVRK) und ihrem Volk neue Sanktionen auferlegt. Der WFR steht in Solidarit\u00e4t fest an der Seite [&hellip;]<\/p>\n","protected":false},"author":4,"featured_media":0,"comment_status":"open","ping_status":"open","sticky":false,"template":"","format":"standard","meta":{"jetpack_post_was_ever_published":false,"_jetpack_newsletter_access":"","_jetpack_dont_email_post_to_subs":true,"_jetpack_newsletter_tier_id":0,"_jetpack_memberships_contains_paywalled_content":false,"_jetpack_memberships_contains_paid_content":false,"footnotes":""},"categories":[49,22,21,8],"tags":[152,711,525,280,712,96],"class_list":["post-4529","post","type-post","status-publish","format-standard","hentry","category-aufklaerung","category-friedensaktionen","category-politik","category-standpunkte","tag-imperialismus","tag-kernwaffren","tag-korea","tag-trump","tag-un-sicherheitsrat","tag-usa"],"jetpack_featured_media_url":"","jetpack_shortlink":"https:\/\/wp.me\/py5dN-1b3","jetpack_sharing_enabled":true,"_links":{"self":[{"href":"https:\/\/www.berlin.freidenker.org\/index.php?rest_route=\/wp\/v2\/posts\/4529","targetHints":{"allow":["GET"]}}],"collection":[{"href":"https:\/\/www.berlin.freidenker.org\/index.php?rest_route=\/wp\/v2\/posts"}],"about":[{"href":"https:\/\/www.berlin.freidenker.org\/index.php?rest_route=\/wp\/v2\/types\/post"}],"author":[{"embeddable":true,"href":"https:\/\/www.berlin.freidenker.org\/index.php?rest_route=\/wp\/v2\/users\/4"}],"replies":[{"embeddable":true,"href":"https:\/\/www.berlin.freidenker.org\/index.php?rest_route=%2Fwp%2Fv2%2Fcomments&post=4529"}],"version-history":[{"count":4,"href":"https:\/\/www.berlin.freidenker.org\/index.php?rest_route=\/wp\/v2\/posts\/4529\/revisions"}],"predecessor-version":[{"id":4533,"href":"https:\/\/www.berlin.freidenker.org\/index.php?rest_route=\/wp\/v2\/posts\/4529\/revisions\/4533"}],"wp:attachment":[{"href":"https:\/\/www.berlin.freidenker.org\/index.php?rest_route=%2Fwp%2Fv2%2Fmedia&parent=4529"}],"wp:term":[{"taxonomy":"category","embeddable":true,"href":"https:\/\/www.berlin.freidenker.org\/index.php?rest_route=%2Fwp%2Fv2%2Fcategories&post=4529"},{"taxonomy":"post_tag","embeddable":true,"href":"https:\/\/www.berlin.freidenker.org\/index.php?rest_route=%2Fwp%2Fv2%2Ftags&post=4529"}],"curies":[{"name":"wp","href":"https:\/\/api.w.org\/{rel}","templated":true}]}}