{"id":4562,"date":"2017-08-21T00:00:47","date_gmt":"2017-08-20T22:00:47","guid":{"rendered":"http:\/\/www.berlin.freidenker.org\/?p=4562"},"modified":"2017-08-22T00:47:14","modified_gmt":"2017-08-21T22:47:14","slug":"gegen-den-russischen-und-chinesischen-militarismus","status":"publish","type":"post","link":"https:\/\/www.berlin.freidenker.org\/?p=4562","title":{"rendered":"Gegen den &#8222;russischen und chinesischen Militarismus&#8220;&#8230;"},"content":{"rendered":"<p>&#8230; k\u00e4mpft Rainer Braun.<\/p>\n<p>Er tut das auf seine originelle Weise und (zumindest was Russland betrifft) schon lange. Sein Bem\u00fchen, meine ich, verdient mehr Aufmerksamkeit.<\/p>\n<p>Neueste derartige \u00c4u\u00dferungen finden sich in diesem aktuellen Gespr\u00e4ch mit Andreas Wehr bei Weltnetz TV:<\/p>\n<p><iframe loading=\"lazy\" src=\"\/\/www.youtube.com\/embed\/J5Fvtl2xmIc\" width=\"500\" height=\"314\" allowfullscreen=\"allowfullscreen\"><\/iframe><\/p>\n<p>Eine ausf\u00fchrlichere Auseinandersetzung mit Positionen Rainer Brauns ist jetzt auf &#8222;opablog&#8220; unter dem Titel \u00a0<a href=\"https:\/\/opablog.net\/2017\/08\/20\/der-schiefe-blick\/\" target=\"_blank\">&#8222;Der schiefe Blick&#8220;<\/a> erschienen.<\/p>\n","protected":false},"excerpt":{"rendered":"<p>&#8230; k\u00e4mpft Rainer Braun. Er tut das auf seine originelle Weise und (zumindest was Russland betrifft) schon lange. Sein Bem\u00fchen, meine ich, verdient mehr Aufmerksamkeit. Neueste derartige \u00c4u\u00dferungen finden sich in diesem aktuellen Gespr\u00e4ch mit Andreas Wehr bei Weltnetz TV: Eine ausf\u00fchrlichere Auseinandersetzung mit Positionen Rainer Brauns ist jetzt auf &#8222;opablog&#8220; unter dem Titel \u00a0&#8222;Der [&hellip;]<\/p>\n","protected":false},"author":4,"featured_media":0,"comment_status":"open","ping_status":"open","sticky":false,"template":"","format":"standard","meta":{"jetpack_post_was_ever_published":false,"_jetpack_newsletter_access":"","_jetpack_dont_email_post_to_subs":true,"_jetpack_newsletter_tier_id":0,"_jetpack_memberships_contains_paywalled_content":false,"_jetpack_memberships_contains_paid_content":false,"footnotes":""},"categories":[49,30,22,45,24,175,8,23,31],"tags":[668,725,635,724,522,144],"class_list":["post-4562","post","type-post","status-publish","format-standard","hentry","category-aufklaerung","category-europa","category-friedensaktionen","category-friedensbewegung","category-friko-berlin","category-nato","category-standpunkte","category-syrien","category-ukraine","tag-andreas-wehr","tag-friedenswinter","tag-g20","tag-mahnwachen","tag-rainer-braun","tag-ramstein"],"jetpack_featured_media_url":"","jetpack_shortlink":"https:\/\/wp.me\/py5dN-1bA","jetpack_sharing_enabled":true,"_links":{"self":[{"href":"https:\/\/www.berlin.freidenker.org\/index.php?rest_route=\/wp\/v2\/posts\/4562","targetHints":{"allow":["GET"]}}],"collection":[{"href":"https:\/\/www.berlin.freidenker.org\/index.php?rest_route=\/wp\/v2\/posts"}],"about":[{"href":"https:\/\/www.berlin.freidenker.org\/index.php?rest_route=\/wp\/v2\/types\/post"}],"author":[{"embeddable":true,"href":"https:\/\/www.berlin.freidenker.org\/index.php?rest_route=\/wp\/v2\/users\/4"}],"replies":[{"embeddable":true,"href":"https:\/\/www.berlin.freidenker.org\/index.php?rest_route=%2Fwp%2Fv2%2Fcomments&post=4562"}],"version-history":[{"count":2,"href":"https:\/\/www.berlin.freidenker.org\/index.php?rest_route=\/wp\/v2\/posts\/4562\/revisions"}],"predecessor-version":[{"id":4571,"href":"https:\/\/www.berlin.freidenker.org\/index.php?rest_route=\/wp\/v2\/posts\/4562\/revisions\/4571"}],"wp:attachment":[{"href":"https:\/\/www.berlin.freidenker.org\/index.php?rest_route=%2Fwp%2Fv2%2Fmedia&parent=4562"}],"wp:term":[{"taxonomy":"category","embeddable":true,"href":"https:\/\/www.berlin.freidenker.org\/index.php?rest_route=%2Fwp%2Fv2%2Fcategories&post=4562"},{"taxonomy":"post_tag","embeddable":true,"href":"https:\/\/www.berlin.freidenker.org\/index.php?rest_route=%2Fwp%2Fv2%2Ftags&post=4562"}],"curies":[{"name":"wp","href":"https:\/\/api.w.org\/{rel}","templated":true}]}}