{"id":4586,"date":"2017-08-25T21:39:43","date_gmt":"2017-08-25T19:39:43","guid":{"rendered":"http:\/\/www.berlin.freidenker.org\/?p=4586"},"modified":"2023-10-07T13:46:47","modified_gmt":"2023-10-07T11:46:47","slug":"russophobie-eine-ergaenzende-bemerkung","status":"publish","type":"post","link":"https:\/\/www.berlin.freidenker.org\/?p=4586","title":{"rendered":"Russophobie &#8211; eine erg\u00e4nzende Feststellung"},"content":{"rendered":"<p>Wir haben den detailreichen Beitrag von Doris Pumphrey \u00fcber den <a href=\"https:\/\/www.berlin.freidenker.org\/?p=4580\" target=\"_blank\" rel=\"noopener\">russophoben Wahnsinn in den USA und \u00fcber den ausbleibenden Protest der &#8222;Linken&#8220; und &#8222;Progressiven&#8220;<\/a> \u00fcbernommen.<\/p>\n<p>M\u00fchelos finden wir Russophobie auch im n\u00e4heren und n\u00e4chsten geografischen Umwelt. Steinmeier bem\u00fchte den Jahrestag des Nichtangriffspaktes zwischen Nazi-Deutschland und der Sowjetunion vom 23. August 1939 f\u00fcr <a href=\"https:\/\/deutsch.rt.com\/europa\/56226-russophobe-selbstfindung-steinmeier-im-baltikum\/\" target=\"_blank\" rel=\"noopener\">russenfeindliche Ausf\u00e4lle bei seinem Besuch in den baltischen Staaten.<\/a><\/p>\n<p>(Steinmeiers aktive Rolle im entscheidenden Moment des Putsches gegen die ukrainische Regierung am 20.2.2014 ist unvergessen &#8211; <a href=\"https:\/\/opablog.net\/2014\/02\/21\/steinmeier-mit-faschist-tjagnibok-in-der-brd-botschaft-in-kiew\/\" target=\"_blank\" rel=\"noopener\">Vertragspartner Oleg Tjagnibog.<\/a>)<\/p>\n<p>&nbsp;<\/p>\n<p>Die Einen sind russophobe &#8222;Exzeptionelle&#8220;, der Andere b\u00fcndelt mit den Faschisten, Dritte, Friedensbewegte, \u00a0entdecken &#8211; <a href=\"https:\/\/www.berlin.freidenker.org\/?p=4562\" target=\"_blank\" rel=\"noopener\">wie wir wahrgenommen haben<\/a>\u00a0&#8211; den &#8222;russischen Militarismus&#8220;.<\/p>\n","protected":false},"excerpt":{"rendered":"<p>Wir haben den detailreichen Beitrag von Doris Pumphrey \u00fcber den russophoben Wahnsinn in den USA und \u00fcber den ausbleibenden Protest der &#8222;Linken&#8220; und &#8222;Progressiven&#8220; \u00fcbernommen. M\u00fchelos finden wir Russophobie auch im n\u00e4heren und n\u00e4chsten geografischen Umwelt. Steinmeier bem\u00fchte den Jahrestag des Nichtangriffspaktes zwischen Nazi-Deutschland und der Sowjetunion vom 23. August 1939 f\u00fcr russenfeindliche Ausf\u00e4lle bei [&hellip;]<\/p>\n","protected":false},"author":4,"featured_media":0,"comment_status":"open","ping_status":"open","sticky":false,"template":"","format":"standard","meta":{"jetpack_post_was_ever_published":false,"_jetpack_newsletter_access":"","_jetpack_dont_email_post_to_subs":true,"_jetpack_newsletter_tier_id":0,"_jetpack_memberships_contains_paywalled_content":false,"_jetpack_memberships_contains_paid_content":false,"footnotes":""},"categories":[49,30,45,175,21,31],"tags":[128,197,522,730,156],"class_list":["post-4586","post","type-post","status-publish","format-standard","hentry","category-aufklaerung","category-europa","category-friedensbewegung","category-nato","category-politik","category-ukraine","tag-faschismus","tag-militarismus","tag-rainer-braun","tag-russophobie","tag-steinmeier"],"jetpack_featured_media_url":"","jetpack_shortlink":"https:\/\/wp.me\/py5dN-1bY","jetpack_sharing_enabled":true,"_links":{"self":[{"href":"https:\/\/www.berlin.freidenker.org\/index.php?rest_route=\/wp\/v2\/posts\/4586","targetHints":{"allow":["GET"]}}],"collection":[{"href":"https:\/\/www.berlin.freidenker.org\/index.php?rest_route=\/wp\/v2\/posts"}],"about":[{"href":"https:\/\/www.berlin.freidenker.org\/index.php?rest_route=\/wp\/v2\/types\/post"}],"author":[{"embeddable":true,"href":"https:\/\/www.berlin.freidenker.org\/index.php?rest_route=\/wp\/v2\/users\/4"}],"replies":[{"embeddable":true,"href":"https:\/\/www.berlin.freidenker.org\/index.php?rest_route=%2Fwp%2Fv2%2Fcomments&post=4586"}],"version-history":[{"count":7,"href":"https:\/\/www.berlin.freidenker.org\/index.php?rest_route=\/wp\/v2\/posts\/4586\/revisions"}],"predecessor-version":[{"id":6498,"href":"https:\/\/www.berlin.freidenker.org\/index.php?rest_route=\/wp\/v2\/posts\/4586\/revisions\/6498"}],"wp:attachment":[{"href":"https:\/\/www.berlin.freidenker.org\/index.php?rest_route=%2Fwp%2Fv2%2Fmedia&parent=4586"}],"wp:term":[{"taxonomy":"category","embeddable":true,"href":"https:\/\/www.berlin.freidenker.org\/index.php?rest_route=%2Fwp%2Fv2%2Fcategories&post=4586"},{"taxonomy":"post_tag","embeddable":true,"href":"https:\/\/www.berlin.freidenker.org\/index.php?rest_route=%2Fwp%2Fv2%2Ftags&post=4586"}],"curies":[{"name":"wp","href":"https:\/\/api.w.org\/{rel}","templated":true}]}}