{"id":4651,"date":"2017-10-02T18:36:26","date_gmt":"2017-10-02T16:36:26","guid":{"rendered":"http:\/\/www.berlin.freidenker.org\/?p=4651"},"modified":"2017-11-05T21:14:06","modified_gmt":"2017-11-05T19:14:06","slug":"11-10-2017-berliner-runde-freidenker-im-gespraech","status":"publish","type":"post","link":"https:\/\/www.berlin.freidenker.org\/?p=4651","title":{"rendered":"11.10.2017 &#8211; &#8222;Berliner Runde &#8211; Freidenker im Gespr\u00e4ch&#8220;"},"content":{"rendered":"<h4 class=\"western\" style=\"text-align: left;\"><strong>Da unsere Runde bekanntlich das Thema: &#8222;Selbstbestimmt leben &#8211; selbstbestimmt sterben&#8220; hat, dazu eine eilige Vorabinformation:<span style=\"color: #ff0000;\">\u00a0<\/span><\/strong><\/h4>\n<p class=\"western\"><span style=\"color: #ff0000;\">Zu diesem Thema gibt es einen brandaktuellen <strong>Fernsehtermin<\/strong>:<\/span><\/p>\n<p class=\"western\"><span style=\"color: #ff0000;\"><strong>Am Montag, dem 2.10.2017, ab 20.15 Uhr<\/strong> zeigt\u00a0das ARD-Fernsehen im Rahmen eines Themenabends &#8222;Selbstbestimmtes Sterben&#8220; zun\u00e4chst den Spielfilm \u201eDie letzte Reise\u201c mit Christiane H\u00f6rbiger und im Anschluss eine 30-min\u00fctige TV-Dokumentation \u201eFrau S. will sterben\u201c.\u00a0<\/span><\/p>\n<p class=\"western\"><span style=\"color: #ff0000;\">In einer aus dem Anlass dieser Filmvorf\u00fchrung durchgef\u00fchrten <strong><a style=\"color: #ff0000;\" href=\"http:\/\/www.presseportal.de\/pm\/75892\/3748522\" target=\"_blank\">Repr\u00e4sentativ-Umfrage<\/a><\/strong> sagte eine Mehrheit der Befragten, dass sie ihren schwerstkranken Angeh\u00f6rigen beim Suizid helfen w\u00fcrde.\u00a0<\/span><\/p>\n<p class=\"western\"><span style=\"color: #ff0000;\">Wer heute den Film verpasst, kann diesen bekanntlich nachtr\u00e4glich in der <strong>Mediathek<\/strong> der ARD abrufen.<\/span><\/p>\n<p class=\"western\">Nach diesem ungew\u00f6hnlichen Vorspann aus aktuellem Anlass nun zum eigentlichen Einladungstext:<\/p>\n<p>Liebe Freidenkerin, lieber Freidenker, liebe Freunde,\u00a0wir laden\u00a0herzlich\u00a0ein zu unserer n\u00e4chsten \u00f6ffentlichen<\/p>\n<p class=\"western\" align=\"center\">\u201e<span style=\"font-size: large;\"><b>Berliner Runde \u2013 Freidenker im Gespr\u00e4ch\u201c<\/b><\/span><\/p>\n<p class=\"western\" align=\"center\"><span style=\"font-size: medium;\">am\u00a0Mittwoch, dem\u00a01<\/span><span style=\"font-size: medium;\">1<\/span><span style=\"font-size: medium;\">. <\/span><span style=\"font-size: medium;\">Oktober<\/span><span style=\"font-size: medium;\">\u00a02017, 18.00\u00a0Uhr <\/span>im Kieztreff Wedding, Stralsunder Stra\u00dfe 6, 13355 Berlin<span style=\"color: #ff0000;\">*<\/span>.<\/p>\n<p class=\"western\">Unser Thema:<\/p>\n<p class=\"western\" align=\"center\">\u201e<span style=\"font-size: large;\"><b>Selbstbestimmt leben \u2013 selbstbestimmt sterben<\/b><\/span><span style=\"font-size: large;\"><b>\u201c<\/b><\/span><\/p>\n<p class=\"western\">Unser Referent und Gespr\u00e4chspartner ist <b>Michael Wardenga<\/b>, Pr\u00e4sidiumsmitglied der Deutschen Gesellschaft f\u00fcr Humanes Sterben (DGHS) e. V.<\/p>\n<p class=\"western\">Moderation: <b>Klaus-Peter Kurch<\/b><\/p>\n<p class=\"western\"><iframe loading=\"lazy\" src=\"\/\/www.youtube.com\/embed\/j0z1t-Ihffk\" width=\"500\" height=\"314\" allowfullscreen=\"allowfullscreen\"><\/iframe><\/p>\n<p class=\"western\">.<\/p>\n<p class=\"western\">Nicht zuletzt der Initiative unseres 94-j\u00e4hrigen Mitglieds Karl-Heinz Schulz ist es zu verdanken, dass wir uns im Rahmen des weitgespannten Diskussionsthemas der Freidenker \u201eWie wollen wir leben?\u201c auch dem Lebensende zuwenden.<\/p>\n<p class=\"western\">Wir teilen das Anliegen der DGHS, den Menschen auch zum Lebensende \u201cunertr\u00e4gliches und sinnloses Leiden zu ersparen und ihnen auch beim Sterben ihre Menschenw\u00fcrde zu erhalten\u201c. Dem gerecht zu werden, verlangt von jedem Menschen Aktivit\u00e4t, um sich zu informieren und rechtzeitig notwendige Entscheidungen zu treffen. Dem soll unsere Gespr\u00e4chsrunde dienen.<\/p>\n<p class=\"western\">Einleitend wird Dr. Kurch einige Gedanken zur Selbstbestimmung der Pers\u00f6nlichkeit vortragen und dabei die Vorz\u00fcge einer atheistischen Denkweise hervorheben, ohne problematische Momente zu ignorieren.<\/p>\n<p class=\"western\">Doch der Schwerpunkt unserer Runde soll mehr auf konkret-praktische Probleme, die zum Lebensende auftreten k\u00f6nnen, gerichtet sein.<\/p>\n<p class=\"western\">Herr Wardenga wird die rechtliche Situation nach der Verabschiedung des \u00a7217 des Strafgesetzbuches (Suizidhilfe-Verbot) durch den Deutschen Bundestag am 6.11.2015 erl\u00e4utern.<\/p>\n<p class=\"western\">Weitere Schwerpunkte sind:<\/p>\n<p class=\"western\">Bedeutung von Patientenverf\u00fcgung und Vorsorgevollmacht<\/p>\n<p class=\"western\">M\u00f6glichkeiten und Grenzen der Palliativmedizin<\/p>\n<p class=\"western\">M\u00f6glichkeit und Probleme des Sterbefastens.<\/p>\n<p class=\"western\">.<\/p>\n<p class=\"western\">Wir immer freuen wir uns auf einen spannenden, sachkundigen Vortrag und auf eine lebhafte Diskussion mit vielen Teilnehmern im sch\u00f6nen Kieztreff im Wedding.<\/p>\n<p class=\"western\">Wie immer findet ihr in den n\u00e4chsten Tagen auf unserer Webseite weitere Hinweise, Literaturempfehlungen und eventuelle Aktualisierungen.<\/p>\n<p class=\"western\">.<\/p>\n<p class=\"western\">Eure Kollektive Berliner Leitung<\/p>\n<p class=\"western\">_______________________________________<\/p>\n<p class=\"western\"><span style=\"color: #ff0000;\">* <\/span><span style=\"color: #111111;\"><span style=\"color: #ff0000;\">Der Kieztreff<\/span> <\/span><span style=\"color: #111111;\">\u2013 \u201e<\/span>generations\u00fcbergreifender und kiezbezogener Treffpunkt f\u00fcr alle Anwohnergruppen\u201c \u2013 ist etwa gleich weit entfernt (ca.\u00a0300m Fu\u00dfweg) von den U-Bahnh\u00f6fen Bernauer Stra\u00dfe oder Voltastra\u00dfe. Die Stralsunder Stra\u00dfe kreuzt die Brunnenstra\u00dfe. Im Bereich des Kieztreffs ist die Stralsunder Stra\u00dfe verkehrsberuhigt (ohne Autoverkehr), parkartig. Der Eingang zum Kieztreff ist von der Stralsunder Stra\u00dfe etwas zur\u00fcckgesetzt (\u201ezweimal um die Ecke\u201c), Dank Ausschilderung aber trotzdem gut zu finden.<\/p>\n","protected":false},"excerpt":{"rendered":"<p>Da unsere Runde bekanntlich das Thema: &#8222;Selbstbestimmt leben &#8211; selbstbestimmt sterben&#8220; hat, dazu eine eilige Vorabinformation:\u00a0 Zu diesem Thema gibt es einen brandaktuellen Fernsehtermin: Am Montag, dem 2.10.2017, ab 20.15 Uhr zeigt\u00a0das ARD-Fernsehen im Rahmen eines Themenabends &#8222;Selbstbestimmtes Sterben&#8220; zun\u00e4chst den Spielfilm \u201eDie letzte Reise\u201c mit Christiane H\u00f6rbiger und im Anschluss eine 30-min\u00fctige TV-Dokumentation \u201eFrau [&hellip;]<\/p>\n","protected":false},"author":4,"featured_media":0,"comment_status":"open","ping_status":"open","sticky":false,"template":"","format":"standard","meta":{"jetpack_post_was_ever_published":false,"_jetpack_newsletter_access":"","_jetpack_dont_email_post_to_subs":true,"_jetpack_newsletter_tier_id":0,"_jetpack_memberships_contains_paywalled_content":false,"_jetpack_memberships_contains_paid_content":false,"footnotes":""},"categories":[49,46,80,13],"tags":[442,740,739,742,738,741],"class_list":["post-4651","post","type-post","status-publish","format-standard","hentry","category-aufklaerung","category-freidenker-im-gespraech","category-religion","category-veranstaltungen","tag-dghs","tag-patientenverfuegung","tag-persoenlichkeit","tag-sterbefasten","tag-suizidhilfe","tag-741"],"jetpack_featured_media_url":"","jetpack_shortlink":"https:\/\/wp.me\/py5dN-1d1","jetpack_sharing_enabled":true,"_links":{"self":[{"href":"https:\/\/www.berlin.freidenker.org\/index.php?rest_route=\/wp\/v2\/posts\/4651","targetHints":{"allow":["GET"]}}],"collection":[{"href":"https:\/\/www.berlin.freidenker.org\/index.php?rest_route=\/wp\/v2\/posts"}],"about":[{"href":"https:\/\/www.berlin.freidenker.org\/index.php?rest_route=\/wp\/v2\/types\/post"}],"author":[{"embeddable":true,"href":"https:\/\/www.berlin.freidenker.org\/index.php?rest_route=\/wp\/v2\/users\/4"}],"replies":[{"embeddable":true,"href":"https:\/\/www.berlin.freidenker.org\/index.php?rest_route=%2Fwp%2Fv2%2Fcomments&post=4651"}],"version-history":[{"count":13,"href":"https:\/\/www.berlin.freidenker.org\/index.php?rest_route=\/wp\/v2\/posts\/4651\/revisions"}],"predecessor-version":[{"id":4685,"href":"https:\/\/www.berlin.freidenker.org\/index.php?rest_route=\/wp\/v2\/posts\/4651\/revisions\/4685"}],"wp:attachment":[{"href":"https:\/\/www.berlin.freidenker.org\/index.php?rest_route=%2Fwp%2Fv2%2Fmedia&parent=4651"}],"wp:term":[{"taxonomy":"category","embeddable":true,"href":"https:\/\/www.berlin.freidenker.org\/index.php?rest_route=%2Fwp%2Fv2%2Fcategories&post=4651"},{"taxonomy":"post_tag","embeddable":true,"href":"https:\/\/www.berlin.freidenker.org\/index.php?rest_route=%2Fwp%2Fv2%2Ftags&post=4651"}],"curies":[{"name":"wp","href":"https:\/\/api.w.org\/{rel}","templated":true}]}}