{"id":4756,"date":"2018-01-08T12:48:24","date_gmt":"2018-01-08T10:48:24","guid":{"rendered":"http:\/\/www.berlin.freidenker.org\/?p=4756"},"modified":"2018-01-08T13:03:35","modified_gmt":"2018-01-08T11:03:35","slug":"herzliche-einladung-zu-unserer-oeffentlichen-veranstaltung-in-berlin-mit-klaus-hartmann","status":"publish","type":"post","link":"https:\/\/www.berlin.freidenker.org\/?p=4756","title":{"rendered":"Herzliche Einladung zu unserer \u00f6ffentlichen Veranstaltung in Berlin mit Klaus Hartmann"},"content":{"rendered":"<p align=\"JUSTIFY\">\n<p align=\"CENTER\"><span style=\"color: #800000;\"><span style=\"font-family: Arial, serif;\"><span style=\"font-size: large;\"><b>Berliner Runde \u2013 Freidenker im Gespr\u00e4ch<\/b><\/span><\/span><\/span><\/p>\n<p align=\"CENTER\"><span style=\"color: #800000;\"><span style=\"font-family: Arial, serif;\"><span style=\"font-size: large;\">Einladung zu unserer ersten Veranstaltung im Jahr 2018<\/span><\/span><\/span><\/p>\n<p align=\"CENTER\"><span style=\"color: #800000;\"><span style=\"font-family: Arial, serif;\"><span style=\"font-size: large;\"><b>Thema: Friedenswillen der Bev\u00f6lkerung \u2013 St\u00e4rke der Friedensbewegung<\/b><\/span><\/span><\/span> <span style=\"color: #800000;\"><span style=\"font-family: Arial, serif;\"><span style=\"font-size: large;\"><b>\u2013 notwendige B\u00fcndnisse heute<\/b><\/span><\/span><\/span><\/p>\n<p><span style=\"font-family: Arial, serif;\">Liebe Freidenkerinnen, liebe Freidenker, liebe Freunde,<\/span><\/p>\n<p><span style=\"font-family: Arial, serif;\">wir freuen uns, gemeinsam mit Euch Klaus Hartmann, Bundesvorsitzender des Deutschen Freidenker-Verbandes, begr\u00fc\u00dfen zu k\u00f6nnen und damit die Berliner Runden \u2013 Freidenker im Gespr\u00e4ch im neuen Jahr zu er\u00f6ffnen:<\/span><\/p>\n<p align=\"CENTER\"><span style=\"color: #800000;\"><span style=\"font-family: Arial, serif;\"><b>wann: Dienstag, den 16. Januar 2018, 16.00 Uhr<\/b><\/span><\/span><\/p>\n<p align=\"CENTER\"><span style=\"color: #800000;\"><span style=\"font-family: Arial, serif;\"><b>wo: Franz-Mehring-Platz 1 (ND)*, Seminarraum 2.<\/b><\/span><\/span><\/p>\n<p>Der Friedenswille in der bundesdeutschen Bev\u00f6lkerung ist ungebrochen. Damit er vertreten wird braucht es eine starke Friedensbewegung. \u201eNie wieder Krieg!\u201c ist vielerorts zu h\u00f6ren, aber zu leise, um sich gegen Kriegsgeschrei und Verleumdungen durchzusetzen. Wir konnten den \u201eT\u00fcr\u00f6ffner-Krieg\u201c gegen Jugoslawien nicht abwehren.<\/p>\n<p>Was hat in den Jahren ab 2014 ein breiteres Friedensb\u00fcndnis verhindert?<\/p>\n<p>F\u00fcr die Friedensbewegten steht seit dem faschistisch unterst\u00fctzten Putsch in der Ukraine ein B\u00fcndnis auf der Tagesordnung, das sich den wirklich wichtigen Friedensaufgaben widmet:<\/p>\n<p>Ramstein, B\u00fcchel, gegen US-Milit\u00e4rst\u00fctzpunkte, Anti-Drohnen-Bewegung, \u201eabr\u00fcsten statt aufr\u00fcsten\u201c, Deutschland raus aus der NATO \u2013 NATO raus aus Deutschland, weg mit Feindbildern, hin zum V\u00f6lkerrecht.<\/p>\n<p>Wenn diese Ziele anerkannt sind, wie steht es mit der \u00dcbereinstimmung \u00fcber den Weg? Wie steht es mit der Toleranz gegen\u00fcber anderen politischen Ans\u00e4tzen? Wie gelingt das Zusammenwirken mit anderen politischen Organisationen?<\/p>\n<p><i>Welches sind die n\u00e4chsten Schritte f\u00fcr ein breites B\u00fcndnis im Kampf f\u00fcr den Frieden? <\/i><\/p>\n<p><a name=\"_GoBack\"><\/a><span style=\"font-family: Arial, serif;\">Wir hoffen auf einen lebhaften Gedankenaustausch und das Aufdecken vieler Gemeinsamkeiten auf dem Weg in eine friedlichere Welt. <\/span><\/p>\n","protected":false},"excerpt":{"rendered":"<p>Berliner Runde \u2013 Freidenker im Gespr\u00e4ch Einladung zu unserer ersten Veranstaltung im Jahr 2018 Thema: Friedenswillen der Bev\u00f6lkerung \u2013 St\u00e4rke der Friedensbewegung \u2013 notwendige B\u00fcndnisse heute Liebe Freidenkerinnen, liebe Freidenker, liebe Freunde, wir freuen uns, gemeinsam mit Euch Klaus Hartmann, Bundesvorsitzender des Deutschen Freidenker-Verbandes, begr\u00fc\u00dfen zu k\u00f6nnen und damit die Berliner Runden \u2013 Freidenker im [&hellip;]<\/p>\n","protected":false},"author":4,"featured_media":0,"comment_status":"open","ping_status":"open","sticky":false,"template":"","format":"standard","meta":{"jetpack_post_was_ever_published":false,"_jetpack_newsletter_access":"","_jetpack_dont_email_post_to_subs":false,"_jetpack_newsletter_tier_id":0,"_jetpack_memberships_contains_paywalled_content":false,"_jetpack_memberships_contains_paid_content":false,"footnotes":""},"categories":[1,14,46,13],"tags":[],"class_list":["post-4756","post","type-post","status-publish","format-standard","hentry","category-allgemein","category-aktivitaeten-des-dfv-berlin","category-freidenker-im-gespraech","category-veranstaltungen"],"jetpack_featured_media_url":"","jetpack_shortlink":"https:\/\/wp.me\/py5dN-1eI","jetpack_sharing_enabled":true,"_links":{"self":[{"href":"https:\/\/www.berlin.freidenker.org\/index.php?rest_route=\/wp\/v2\/posts\/4756","targetHints":{"allow":["GET"]}}],"collection":[{"href":"https:\/\/www.berlin.freidenker.org\/index.php?rest_route=\/wp\/v2\/posts"}],"about":[{"href":"https:\/\/www.berlin.freidenker.org\/index.php?rest_route=\/wp\/v2\/types\/post"}],"author":[{"embeddable":true,"href":"https:\/\/www.berlin.freidenker.org\/index.php?rest_route=\/wp\/v2\/users\/4"}],"replies":[{"embeddable":true,"href":"https:\/\/www.berlin.freidenker.org\/index.php?rest_route=%2Fwp%2Fv2%2Fcomments&post=4756"}],"version-history":[{"count":4,"href":"https:\/\/www.berlin.freidenker.org\/index.php?rest_route=\/wp\/v2\/posts\/4756\/revisions"}],"predecessor-version":[{"id":4761,"href":"https:\/\/www.berlin.freidenker.org\/index.php?rest_route=\/wp\/v2\/posts\/4756\/revisions\/4761"}],"wp:attachment":[{"href":"https:\/\/www.berlin.freidenker.org\/index.php?rest_route=%2Fwp%2Fv2%2Fmedia&parent=4756"}],"wp:term":[{"taxonomy":"category","embeddable":true,"href":"https:\/\/www.berlin.freidenker.org\/index.php?rest_route=%2Fwp%2Fv2%2Fcategories&post=4756"},{"taxonomy":"post_tag","embeddable":true,"href":"https:\/\/www.berlin.freidenker.org\/index.php?rest_route=%2Fwp%2Fv2%2Ftags&post=4756"}],"curies":[{"name":"wp","href":"https:\/\/api.w.org\/{rel}","templated":true}]}}