{"id":4767,"date":"2018-01-29T13:00:09","date_gmt":"2018-01-29T11:00:09","guid":{"rendered":"http:\/\/www.berlin.freidenker.org\/?p=4767"},"modified":"2018-01-29T13:00:09","modified_gmt":"2018-01-29T11:00:09","slug":"einladung-zu-unserer-naechsten-oeffentlichen-veranstaltung-im-februar","status":"publish","type":"post","link":"https:\/\/www.berlin.freidenker.org\/?p=4767","title":{"rendered":"Einladung zu unserer n\u00e4chsten \u00f6ffentlichen Veranstaltung im Februar:"},"content":{"rendered":"<p><span style=\"color: #993300;\"><span style=\"font-family: Arial, sans-serif;\"><span style=\"font-size: large;\"><b>Frei<\/b><\/span><\/span><\/span><span style=\"font-family: Arial, sans-serif;\"><span style=\"font-size: large;\">denker<\/span><\/span><\/p>\n<p><span style=\"font-family: Arial, sans-serif;\"><span style=\"font-size: small;\">Landesverband Berlin im <\/span><\/span><span style=\"font-family: Arial, sans-serif;\"><span style=\"font-size: small;\"><b>Landesleitung<\/b><\/span><\/span><\/p>\n<p align=\"JUSTIFY\"><span style=\"font-family: Arial, sans-serif;\"><span style=\"font-size: small;\">Deutschen Freidenker-Verband e.V. <\/span><\/span><span style=\"font-family: Arial, sans-serif;\"><span style=\"font-size: small;\">Berlin, den 26.1.2018<\/span><\/span><\/p>\n<p align=\"CENTER\"><span style=\"color: #800000;\"><span style=\"font-family: Arial, sans-serif;\"><span style=\"font-size: large;\"><b>Berliner Runde \u2013 Freidenker im Gespr\u00e4ch<\/b><\/span><\/span><\/span><\/p>\n<p align=\"CENTER\"><span style=\"color: #800000;\"><span style=\"font-family: Arial, sans-serif;\"><span style=\"font-size: large;\">Einladung zu unserer zweiten Veranstaltung im Jahr 2018<\/span><\/span><\/span><\/p>\n<p align=\"CENTER\"><span style=\"color: #800000;\"><span style=\"font-family: Arial, sans-serif;\"><span style=\"font-size: large;\"><b>Thema:<\/b><\/span><\/span><\/span><\/p>\n<p align=\"CENTER\"><span style=\"color: #800000;\"><span style=\"font-family: Arial, sans-serif;\"><span style=\"font-size: large;\"><b>Gemeinsam Nachdenken \u00fcber den Hauptwiderspruch<\/b><\/span><\/span><\/span><\/p>\n<p align=\"CENTER\"><span style=\"color: #800000;\"><span style=\"font-family: Arial, sans-serif;\"><span style=\"font-size: large;\"><b>\u00dcber den Zusammenhang von Tendenz der Faschisierung und Krieg<\/b><\/span><\/span><\/span><\/p>\n<p align=\"CENTER\"><span style=\"color: #800000;\"><span style=\"font-family: Arial, sans-serif;\"><span style=\"font-size: large;\"><b>und der Notwendigkeit und M\u00f6glichkeit des Widerstandes<\/b><\/span><\/span><\/span><\/p>\n<p><span style=\"font-family: Arial, sans-serif;\">Liebe Freidenkerinnen, liebe Freidenker, liebe Freundinnen und Freunde,<\/span><\/p>\n<p><span style=\"font-family: Arial, sans-serif;\">wir freuen uns, Erika Baum begr\u00fc\u00dfen und mit ihr die Berliner Runden \u2013 Freidenker im Gespr\u00e4ch im neuen Jahr fortf\u00fchren zu k\u00f6nnen:<\/span><\/p>\n<p align=\"CENTER\"><span style=\"color: #800000;\"><span style=\"font-family: Arial, sans-serif;\"><b>wann: Mittwoch, den 14. Februar 2018, 18.00 Uhr<\/b><\/span><\/span><\/p>\n<p align=\"CENTER\"><span style=\"color: #800000;\"><span style=\"font-family: Arial, sans-serif;\"><b>wo: Kieztreff Wedding, Stralsunder Stra\u00dfe 6, 13355 Berlin*<\/b><\/span><\/span><\/p>\n<p><span style=\"font-family: Arial, sans-serif;\">Erika Baum hat jahrzehntelang Erfahrungen in der kommunistischen Bewegung gesammelt &#8211; handelnd und denkend im Kampf gegen Faschismus und Imperialismus, gegen den imperialistischen Krieg, f\u00fcr die Befreiung der Arbeiterklasse und der Nation. In kommunistischer Familie aufgewachsen, erfuhr sie seit der Kindheit, was es hei\u00dft, unter wechselnden, aber stets kompliziertesten Bedingungen die Aufgaben des organisierten Widerstands zu erf\u00fcllen und die dazu notwendigen B\u00fcndnisse einzugehen ohne sich selber zu verbiegen &#8211; unter dem Austrofaschismus, in der Illegalit\u00e4t der kommunistischen Partei, im Erlernen der Linie des VII. Weltkongresses und der Volksfrontstrategie, im Widerstand gegen die Besatzung \u00d6sterreichs durch die Hitlerfaschisten, im Verstehenlernen des Nichtangriffsvertrags der Sowjetunion mit dem faschistischen Deutschland. Nach der Befreiung dann im Aufbau der DDR, der antifaschistisch demokratischen Etappe des Kampfes, der Bodenreform und der Schulreform. Und sie blieb nach der Vernichtung der DDR bis heute aktive Kommunistin &#8211; weiter im Kampf gegen Faschisierung, Imperialismus und Krieg. In all diesen Situationen war die Frage nach dem richtigen B\u00fcndnis, nach den m\u00f6glichen Punkten gemeinsamen Interesses auch mit sonst entgegengesetzten Kr\u00e4ften entscheidend f\u00fcr die Durchsetzung des eigenen Klassenstandpunkts. Immer wieder stellte sich die Frage nach den Hauptwiderspr\u00fcchen, auf die zu orientieren ist, immer wieder zeigte sich, wie die L\u00f6sung des einen Hauptwiderspruchs &#8211; etwa der Sieg \u00fcber den Faschismus &#8211; die Erfahrungen brachte, um den n\u00e4chsten zu erkennen und zu bew\u00e4ltigen &#8211; oder auch nicht zu bew\u00e4ltigen. So wollen wir an diesem Abend \u00fcber Erfahrungen des Kampfes reden, aber ohne in Erinnerungen zu schwelgen. Erikas Erfahrungen und ihre Haltung sind unverzichtbar und wir wollen wissen, was heute ihrer Meinung nach unter Widerstand gegen die Weltmachtpolitik, gegen die unipolare Welt zu verstehen ist, wo in der jetzigen Lage heranr\u00fcckender Kriegsdrohung und wachsender Verelendung die Hauptwiderspr\u00fcche zu suchen sind &#8211; und wie wir das neuerwachte Weltmachtstreben von Deutschland dabei einzusch\u00e4tzen haben.<\/span><\/p>\n<p>\u201e<span style=\"font-family: Arial, sans-serif;\">Um den Imperialismus zu schw\u00e4chen, um seine Offensive zu stoppen, um den Krieg zu verhindern, damit die Welt nicht zum Schlachtfeld wird \u2013 brauchen wir die Einheit, die Aktion aller, die am Leben interessiert sind\u201c (Rede von Erika Baum zum Th\u00e4lmanngedenken vom 19.08.2017).<\/span><\/p>\n<p><span style=\"font-family: Arial, sans-serif;\">Erika ist bereit, mit uns \u00fcber ihre Erfahrungen sowie Ansichten zu brennenden Problemen der heutigen Zeit zu sprechen<\/span>.<\/p>\n<p><span style=\"font-size: large;\">Wir freuen uns auf Eure Teilnahme!<\/span><\/p>\n<p><span style=\"font-family: Arial, sans-serif;\">i. A. des Leitungskollektivs<\/span><\/p>\n<p><span style=\"font-family: Arial, sans-serif;\">Klaus Linder, Uta und Eduard Mader<\/span><\/p>\n<p><span style=\"font-family: Arial, sans-serif;\">PS: Im M\u00e4rz findet keine Berliner Runde \u2013 Freidenker im Gespr\u00e4ch statt, weil die Freidenkermitglieder ihre Wahlversammlung abhalten.<\/span><\/p>\n<p><span style=\"font-family: Arial, sans-serif;\">* U8 &#8211; Bernauer Str. oder Voltastr., ca. 300m Fu\u00dfweg entlang Brunnenstr. bis Stralsunder <\/span><\/p>\n","protected":false},"excerpt":{"rendered":"<p>Freidenker Landesverband Berlin im Landesleitung Deutschen Freidenker-Verband e.V. Berlin, den 26.1.2018 Berliner Runde \u2013 Freidenker im Gespr\u00e4ch Einladung zu unserer zweiten Veranstaltung im Jahr 2018 Thema: Gemeinsam Nachdenken \u00fcber den Hauptwiderspruch \u00dcber den Zusammenhang von Tendenz der Faschisierung und Krieg und der Notwendigkeit und M\u00f6glichkeit des Widerstandes Liebe Freidenkerinnen, liebe Freidenker, liebe Freundinnen und Freunde, [&hellip;]<\/p>\n","protected":false},"author":4,"featured_media":0,"comment_status":"open","ping_status":"open","sticky":false,"template":"","format":"standard","meta":{"jetpack_post_was_ever_published":false,"_jetpack_newsletter_access":"","_jetpack_dont_email_post_to_subs":false,"_jetpack_newsletter_tier_id":0,"_jetpack_memberships_contains_paywalled_content":false,"_jetpack_memberships_contains_paid_content":false,"footnotes":""},"categories":[1,49,14,46,45,175,743],"tags":[],"class_list":["post-4767","post","type-post","status-publish","format-standard","hentry","category-allgemein","category-aufklaerung","category-aktivitaeten-des-dfv-berlin","category-freidenker-im-gespraech","category-friedensbewegung","category-nato","category-nato-kriege"],"jetpack_featured_media_url":"","jetpack_shortlink":"https:\/\/wp.me\/py5dN-1eT","jetpack_sharing_enabled":true,"_links":{"self":[{"href":"https:\/\/www.berlin.freidenker.org\/index.php?rest_route=\/wp\/v2\/posts\/4767","targetHints":{"allow":["GET"]}}],"collection":[{"href":"https:\/\/www.berlin.freidenker.org\/index.php?rest_route=\/wp\/v2\/posts"}],"about":[{"href":"https:\/\/www.berlin.freidenker.org\/index.php?rest_route=\/wp\/v2\/types\/post"}],"author":[{"embeddable":true,"href":"https:\/\/www.berlin.freidenker.org\/index.php?rest_route=\/wp\/v2\/users\/4"}],"replies":[{"embeddable":true,"href":"https:\/\/www.berlin.freidenker.org\/index.php?rest_route=%2Fwp%2Fv2%2Fcomments&post=4767"}],"version-history":[{"count":1,"href":"https:\/\/www.berlin.freidenker.org\/index.php?rest_route=\/wp\/v2\/posts\/4767\/revisions"}],"predecessor-version":[{"id":4768,"href":"https:\/\/www.berlin.freidenker.org\/index.php?rest_route=\/wp\/v2\/posts\/4767\/revisions\/4768"}],"wp:attachment":[{"href":"https:\/\/www.berlin.freidenker.org\/index.php?rest_route=%2Fwp%2Fv2%2Fmedia&parent=4767"}],"wp:term":[{"taxonomy":"category","embeddable":true,"href":"https:\/\/www.berlin.freidenker.org\/index.php?rest_route=%2Fwp%2Fv2%2Fcategories&post=4767"},{"taxonomy":"post_tag","embeddable":true,"href":"https:\/\/www.berlin.freidenker.org\/index.php?rest_route=%2Fwp%2Fv2%2Ftags&post=4767"}],"curies":[{"name":"wp","href":"https:\/\/api.w.org\/{rel}","templated":true}]}}