{"id":4771,"date":"2018-01-29T14:02:01","date_gmt":"2018-01-29T12:02:01","guid":{"rendered":"http:\/\/www.berlin.freidenker.org\/?p=4771"},"modified":"2018-01-29T14:02:01","modified_gmt":"2018-01-29T12:02:01","slug":"als-ergaenzende-information-zu-unserer-veranstaltung-mit-erika-baum-am-14-februar-geben-wir-hier-ihr-rede-zum-thaelmanngedenken-im-letzten-august-wieder-mit-bestem-dank-an-die-dkp-berlin","status":"publish","type":"post","link":"https:\/\/www.berlin.freidenker.org\/?p=4771","title":{"rendered":"Als erg\u00e4nzende Information zu unserer Veranstaltung mit Erika Baum am 14. Februar geben wir hier ihr Rede zum Th\u00e4lmanngedenken im letzten August wieder (mit bestem Dank an die DKP Berlin):"},"content":{"rendered":"<p><span style=\"font-size: large;\"><a href=\"https:\/\/i0.wp.com\/www.berlin.freidenker.org\/wp-content\/uploads\/2018\/01\/erika-baum-2-1.jpg?ssl=1\"><img data-recalc-dims=\"1\" loading=\"lazy\" decoding=\"async\" class=\"alignnone size-medium wp-image-4772\" src=\"https:\/\/i0.wp.com\/www.berlin.freidenker.org\/wp-content\/uploads\/2018\/01\/erika-baum-2-1.jpg?resize=300%2C221&#038;ssl=1\" alt=\"\" width=\"300\" height=\"221\" srcset=\"https:\/\/i0.wp.com\/www.berlin.freidenker.org\/wp-content\/uploads\/2018\/01\/erika-baum-2-1.jpg?resize=300%2C221&amp;ssl=1 300w, https:\/\/i0.wp.com\/www.berlin.freidenker.org\/wp-content\/uploads\/2018\/01\/erika-baum-2-1.jpg?w=413&amp;ssl=1 413w\" sizes=\"auto, (max-width: 300px) 100vw, 300px\" \/><\/a><\/span><\/p>\n<p><span style=\"font-size: large;\"><b>K\u00c4MPFEND LERNEN<\/b><\/span><\/p>\n<p><a name=\"_GoBack\"><\/a><span style=\"font-size: large;\"><b>Rede der Genossin Erika Baum zum Th\u00e4lmanngedenken vom 19.08.2017<\/b><\/span><\/p>\n<p>Wir sind hier am Th\u00e4lmann-Denkmal und morgen in Ziegenhals und ein Teil unserer Genossen bei der Demonstration der Faschisten in Spandau, um zu bekunden:<\/p>\n<p>Th\u00e4lmann ist niemals gefallen.<\/p>\n<p>Seiner zu gedenken hei\u00dft: Aus seinem Leben, seinem Kampf die F\u00e4higkeit, die St\u00e4rke und Bereitschaft zu gewinnen, um die gegenw\u00e4rtigen Aufgaben zu erkennen und sie zu l\u00f6sen.<\/p>\n<p>Ernst Th\u00e4lmann wurde in der Nacht zum 18. August 1944 im KZ-Buchenwald ermordet. Sie haben es geplant aber verschwiegen. Th\u00e4lmann hat es im Fr\u00fchjahr 1944 so gesehen: &#8222;Es besteht sogar die Wahrscheinlichkeit, so grausam und so hart es ist,&#8230;da\u00df bei einem f\u00fcr Deutschland gefahrvollen Vordringen der Sowjetarmee. &#8230;das Hitlerregime in einer solchen Situation nicht davor zur\u00fcckschrecken (wird), Th\u00e4lmann beiseite zu schaffen oder aber f\u00fcr immer zu erledigen.&#8220;<\/p>\n<p>Wenn wir hier stehen, unsere Genossen in Spandau demonstrieren, dann ist Th\u00e4lmann unter uns. Das war so und wird so sein. Der Kampf um die Befreiung Th\u00e4lmanns in der ganzen Welt war der Kampf gegen den Faschismus.<\/p>\n<p>In Spanien k\u00e4mpfte das Th\u00e4lmann-Bataillon. In der Illegalit\u00e4t in den Konzentrationslagern wurde der Widerstand organisiert. Die Fahne der Sowjetmacht auf dem Reichstag in Berlin entsprach seiner Gewi\u00dfheit \u00fcber die Niederlage des Faschismus.<\/p>\n<p>Auch nach dem Krieg haben wir die Orientierung gehalten:<\/p>\n<p>Wir haben die Tr\u00fcmmer beseitigt, die Konzerne enteignet, eine Schulreform durchgef\u00fchrt, die Junker verjagt. Wir gr\u00fcndeten die DDR. Unsere Kinder wurden Th\u00e4lmann-Pioniere.<\/p>\n<p>Weil wir diesen Weg verteidigen, verteidigen wir Denkm\u00e4ler und Stra\u00dfennamen. Wir wehren uns gegen Angriffe gegen Denkm\u00e4ler der Sowjetsoldaten, des Sieges der Sowjetunion. Wir tun es in solidarischer Verbundenheit mit den Antifaschisten in der Ukraine, die dabei ihr Leben einsetzen.<\/p>\n<p>Th\u00e4lmann zeigt, wie man K\u00c4MPFEND&#8211;LERNEN mu\u00df.<\/p>\n<p>In Artikeln, in Aktionen, in Massenversammlungen, in der Parteiarbeit hat er den Zusammenhang von Imperialismus, Krieg und Faschismus gezeigt. Die Losung zu den Wahlen war &#8222;Wer Hindenburg w\u00e4hlt &#8211; w\u00e4hlt Hitler; wer Hitler w\u00e4hlt &#8211; w\u00e4hlt den Krieg&#8220;.<\/p>\n<p>Besteht auch heute dieser Zusammenhang von Imperialismus, Faschismus und Krieg?<\/p>\n<p>Nach der Vernichtung der DDR, ihrer Besetzung, hat der damalige Bundeskanzler, der jetzt so gelobte gro\u00dfe \u201eEurop\u00e4er\u201c, in der Regierungserkl\u00e4rung am 30.01.91 erkl\u00e4rt: \u201eDeutschland hat mit seiner Geschichte abgeschlossen. Es kann sich k\u00fcnftig offen zu seiner Weltmachtrolle bekennen.&#8220;<\/p>\n<p>F\u00fcr alle verst\u00e4ndlich hat es das Transparent junger Genossen erkl\u00e4rt: &#8222;Haben wir die Einheit geschaffen, um neue Kriege zu f\u00fchren?&#8220;<\/p>\n<p>Die Auspr\u00e4gung des deutschen Imperialismus schreitet fort. Die EU, das imperialistische Staatenb\u00fcndnis, sichert trotz aller Gegens\u00e4tze die Rolle des deutschen Finanzkapitals. Was es hei\u00dft, wenn in Europa deutsch gesprochen wird, erleben die Werkt\u00e4tigen in Griechenland. Deutschland erh\u00f6ht seine R\u00fcstungsausgaben, beteiligt sich an Kriegsvorbereitungen und Kriegen, Ramstein\/B\u00fcchel. Der milit\u00e4risch-industrielle Komplex verdient an Kriegen.<\/p>\n<p>Der Kampf Th\u00e4lmanns, seiner Partei &#8211; ihre Erfahrungen waren ein wichtiger Beitrag zur Erarbeitung der Strategie des Kampfes und des Sieges \u00fcber den Faschismus durch die Kommunistische Internationale 1935.<\/p>\n<p>Dimitroff betont die Tendenz der Faschisierung im Imperialismus, den Klassencharakter des Faschismus und weist darauf hin, da\u00df in L\u00e4ndern der b\u00fcrgerlichen Demokratie sich versch\u00e4rfende reaktion\u00e4re Ma\u00dfnahmen zu beachten sind&#8230;wer sie nicht bek\u00e4mpft, kann den Sieg des Faschismus nicht verhindern.<\/p>\n<p>Und Togliatti sagt, da\u00df es die grundlegende Besonderheit unserer revolution\u00e4ren Strategie ist, in jedem gegebenen Moment festzustellen, wer der Hauptfeind ist &#8211; wer der Hauptkriegstreiber ist.<\/p>\n<p>F\u00fcr die Gegenwart:<\/p>\n<p>Die Hauptkr\u00e4fte des Finanzkapitals (in \u00dcbereinstimmung und in Gegensatz) m\u00fcssen, um ihre Macht zu sichern, die Weltmacht anstreben &#8211; eine unipolare Welt &#8211; eine \u201eWertegemeinschaft\u201c. Sie bek\u00e4mpfen alle Bewegungen, Staaten, die sich nicht unterwerfen. Dazu brauchen sie Kriege in der ganzen Welt.<\/p>\n<p>Sie richten Ihren Hauptsto\u00df, ihre Provokationen gegen Ru\u00dfland und China. Die Nato l\u00f6st die milit\u00e4rischen Aktionen. Das hei\u00dft deutsche Soldaten stehen an der Grenze Ru\u00dflands. Um den Frieden f\u00fcr Europa zu sichern, &#8222;H\u00e4nde weg von Ru\u00dfland&#8220;.<\/p>\n<p>Wir wissen: Ru\u00dfland ist nicht die Sowjet-Union.<\/p>\n<p>Aber wo gibt es noch ein Land &#8211; man sieht es am Marsch der Unsterblichen &#8211; in dem jede Familie ihre Erfahrungen im Kampf gegen Faschismus und Krieg hat.<\/p>\n<p>Um den Imperialismus zu schw\u00e4chen, um seine Offensive zu stoppen, um den Krieg zu verhindern, damit die Welt nicht zum Schlachtfeld wird &#8211; brauchen wir die Einheit, die Aktion aller, die am Leben interessiert sind.<\/p>\n<p>Schauen, was sie tun &#8211; nicht glauben, was sie sagen.<\/p>\n<p>Deshalb gemeinsam gegen Faschisten in Spandau, aber gegen die Politik des Senats, der den Naziaufmarsch nicht verbietet.<\/p>\n<p>Im Sinne von Th\u00e4lmann WIDERSTAND.<\/p>\n<p><a href=\"http:\/\/dkp.berlin\/262-berlin\/antifaschismus-antirassismus\/779-rede-der-genossin-erika-baum-zum-thaelmanngedenken-vom-19-08\">http:\/\/dkp.berlin\/262-berlin\/antifaschismus-antirassismus\/779-rede-der-genossin-erika-baum-zum-thaelmanngedenken-vom-19-08<\/a><\/p>\n<p>&nbsp;<\/p>\n","protected":false},"excerpt":{"rendered":"<p>K\u00c4MPFEND LERNEN Rede der Genossin Erika Baum zum Th\u00e4lmanngedenken vom 19.08.2017 Wir sind hier am Th\u00e4lmann-Denkmal und morgen in Ziegenhals und ein Teil unserer Genossen bei der Demonstration der Faschisten in Spandau, um zu bekunden: Th\u00e4lmann ist niemals gefallen. Seiner zu gedenken hei\u00dft: Aus seinem Leben, seinem Kampf die F\u00e4higkeit, die St\u00e4rke und Bereitschaft zu [&hellip;]<\/p>\n","protected":false},"author":4,"featured_media":0,"comment_status":"open","ping_status":"open","sticky":false,"template":"","format":"standard","meta":{"jetpack_post_was_ever_published":false,"_jetpack_newsletter_access":"","_jetpack_dont_email_post_to_subs":false,"_jetpack_newsletter_tier_id":0,"_jetpack_memberships_contains_paywalled_content":false,"_jetpack_memberships_contains_paid_content":false,"footnotes":""},"categories":[1],"tags":[],"class_list":["post-4771","post","type-post","status-publish","format-standard","hentry","category-allgemein"],"jetpack_featured_media_url":"","jetpack_shortlink":"https:\/\/wp.me\/py5dN-1eX","jetpack_sharing_enabled":true,"_links":{"self":[{"href":"https:\/\/www.berlin.freidenker.org\/index.php?rest_route=\/wp\/v2\/posts\/4771","targetHints":{"allow":["GET"]}}],"collection":[{"href":"https:\/\/www.berlin.freidenker.org\/index.php?rest_route=\/wp\/v2\/posts"}],"about":[{"href":"https:\/\/www.berlin.freidenker.org\/index.php?rest_route=\/wp\/v2\/types\/post"}],"author":[{"embeddable":true,"href":"https:\/\/www.berlin.freidenker.org\/index.php?rest_route=\/wp\/v2\/users\/4"}],"replies":[{"embeddable":true,"href":"https:\/\/www.berlin.freidenker.org\/index.php?rest_route=%2Fwp%2Fv2%2Fcomments&post=4771"}],"version-history":[{"count":1,"href":"https:\/\/www.berlin.freidenker.org\/index.php?rest_route=\/wp\/v2\/posts\/4771\/revisions"}],"predecessor-version":[{"id":4773,"href":"https:\/\/www.berlin.freidenker.org\/index.php?rest_route=\/wp\/v2\/posts\/4771\/revisions\/4773"}],"wp:attachment":[{"href":"https:\/\/www.berlin.freidenker.org\/index.php?rest_route=%2Fwp%2Fv2%2Fmedia&parent=4771"}],"wp:term":[{"taxonomy":"category","embeddable":true,"href":"https:\/\/www.berlin.freidenker.org\/index.php?rest_route=%2Fwp%2Fv2%2Fcategories&post=4771"},{"taxonomy":"post_tag","embeddable":true,"href":"https:\/\/www.berlin.freidenker.org\/index.php?rest_route=%2Fwp%2Fv2%2Ftags&post=4771"}],"curies":[{"name":"wp","href":"https:\/\/api.w.org\/{rel}","templated":true}]}}