{"id":4776,"date":"2018-02-18T11:45:53","date_gmt":"2018-02-18T09:45:53","guid":{"rendered":"http:\/\/www.berlin.freidenker.org\/?p=4776"},"modified":"2018-02-18T11:45:53","modified_gmt":"2018-02-18T09:45:53","slug":"am-24-februar-in-berlin-schliesst-guantanamo","status":"publish","type":"post","link":"https:\/\/www.berlin.freidenker.org\/?p=4776","title":{"rendered":"Am 24.Februar in Berlin: Schlie\u00dft Guantanamo!"},"content":{"rendered":"<header class=\"page-header\">\n<h1 class=\"page-title entry-title title-single font-inherit\">Aufruf\/Info zum GLOBAL ACTION DAY Berlin<\/h1>\n<div class=\"entry-meta \"><\/div>\n<\/header>\n<div class=\"entry-content clearfix\">\n<p>in Berlin am Samstag, 24. Februar 2018 um 14 Uhr vor der US-Botschaft beim Brandenburger Tor<\/p>\n<p><strong>in SOLIDARIT\u00c4T MIT CUBA &amp; GEGEN DIE US-Milit\u00e4rbasis GUANT\u00c1NAMO\/Cuba<\/strong><\/p>\n<p>Seit genau115 Jahren halten die USA Guant\u00e1namo Bay als Marinest\u00fctzpunkt besetzt.<br \/>\nSeit dem Sieg der cubanischen Revolution 1959 verlangt Cuba, verlangt das cubanische Volk die R\u00fcckgabe seines eigenen Territoriums, wie es dem v\u00f6lkerrechtlichen Prinzip der Selbstbestimmung entspricht. Guant\u00e1namo wurde vom US-Milit\u00e4r 1903 unter kolonialen Machtverh\u00e4ltnissen eingenommen und durch einen unter Zwang zustande<br \/>\ngekommenen Pachtvertrag weiter besetzt.<\/p>\n<p>Der Bruch von V\u00f6lkerrecht und Menschenrecht wurden durch die USA noch weiter eskaliert:<br \/>\nmit dem 11.9.2001 wurde Guant\u00e1namo Bay zu einem menschenverachtenden <strong>US-Foltergef\u00e4ngnis<\/strong> f\u00fcr angebliche Terroristen ausgebaut. Dies alles gegen den erkl\u00e4rten Willen Cubas.<\/p>\n<p>Angesichts der weltweiten Emp\u00f6rung versprach Pr\u00e4sident Obama die Schlie\u00dfung des Lagers, allerdings ohne Ergebnis. Pr\u00e4sident Trump stellt sich nun ausdr\u00fccklich gegen eine Schlie\u00dfung. <strong>Doch die Gegenkr\u00e4fte werden mobilisiert und immer st\u00e4rker!<\/strong><\/p>\n<p>Eine internationale Konferenz von Friedens-, Menschenrechts- und Umweltorganisationen fand im Januar 2018 gegen US- und Nato- Milit\u00e4rbasen in Baltimore\/USA statt (<a href=\"http:\/\/noforeignbases.org\/\">http:\/\/noforeignbases.org\/<\/a>). Der Global Action Day am 24.2. ist auf dieser Konferenz initiiert worden.<br \/>\nZus\u00e4tzlicher Nachdruck f\u00fcr die Forderung \u201eGebt Guant\u00e1namo zur\u00fcck an Cuba\u201c kann am 23.2. beim <strong>Twitterstorm<\/strong> ausge\u00fcbt werden: [<a href=\"http:\/\/www.netzwerk-cuba.de\/2018\/02\/aufruf-info-zum-global-action-day-berlin\/#ReturnGuantanamotoCubaNow\">#ReturnGuantanamotoCubaNow<\/a>]\n<p>Auch in Deutschland verstehen wir uns als Teil der Bewegung \u201eKeine ausl\u00e4ndischen Basen\u201c wie Ramstein und B\u00fcchel und der Koalition gegen U.S. Milit\u00e4rbasen im Ausland (in 131 Staaten haben die USA etwa 800 Milit\u00e4rbasen!!).<\/p>\n<p>Unsere weithin geteilten und unterst\u00fctzten Forderungen:<br \/>\n<strong>Schlie\u00dft Guant\u00e1namo! Schlie\u00dft den US-Milit\u00e4rst\u00fctzpunkt<\/strong><br \/>\n<strong> Ramstein! Raus mit den US-Atomwaffen aus B\u00fcchel!<\/strong><\/p>\n<p>Schlie\u00dfen Sie sich der Forderung an bei unserer Mahnwache am 24.2.2018 um 14 Uhr<br \/>\nam Brandenburger Tor. Vor Ort: Infotisch, Ansprachen, Infos, Diskussionen etc.<\/p>\n<p>Diesen Aufruf unterst\u00fctzen: NETZWERK CUBA \u2013 informationsb\u00fcro e.V., Freidenker Berlin, International<br \/>\nPeace Bureau (IPB), Patria Grande, Pers\u00f6nlichkeiten der Solidarit\u00e4ts- und Friedensbewegung<\/p>\n<p><a href=\"http:\/\/www.netzwerk-cuba.de\/\">www.netzwerk-cuba.de<\/a><\/p>\n<p><a href=\"http:\/\/www.netzwerk-cuba.de\/wp-content\/uploads\/2018\/02\/Aufruf-Milit\u00e4rbasen-Guantanamo-2018-02.pdf\">Aufruf Milit\u00e4rbasen Guantanamo 2018-02<\/a><\/p>\n<\/div>\n","protected":false},"excerpt":{"rendered":"<p>Aufruf\/Info zum GLOBAL ACTION DAY Berlin in Berlin am Samstag, 24. Februar 2018 um 14 Uhr vor der US-Botschaft beim Brandenburger Tor in SOLIDARIT\u00c4T MIT CUBA &amp; GEGEN DIE US-Milit\u00e4rbasis GUANT\u00c1NAMO\/Cuba Seit genau115 Jahren halten die USA Guant\u00e1namo Bay als Marinest\u00fctzpunkt besetzt. Seit dem Sieg der cubanischen Revolution 1959 verlangt Cuba, verlangt das cubanische Volk [&hellip;]<\/p>\n","protected":false},"author":4,"featured_media":0,"comment_status":"open","ping_status":"open","sticky":false,"template":"","format":"standard","meta":{"jetpack_post_was_ever_published":false,"_jetpack_newsletter_access":"","_jetpack_dont_email_post_to_subs":false,"_jetpack_newsletter_tier_id":0,"_jetpack_memberships_contains_paywalled_content":false,"_jetpack_memberships_contains_paid_content":false,"footnotes":""},"categories":[1],"tags":[],"class_list":["post-4776","post","type-post","status-publish","format-standard","hentry","category-allgemein"],"jetpack_featured_media_url":"","jetpack_shortlink":"https:\/\/wp.me\/py5dN-1f2","jetpack_sharing_enabled":true,"_links":{"self":[{"href":"https:\/\/www.berlin.freidenker.org\/index.php?rest_route=\/wp\/v2\/posts\/4776","targetHints":{"allow":["GET"]}}],"collection":[{"href":"https:\/\/www.berlin.freidenker.org\/index.php?rest_route=\/wp\/v2\/posts"}],"about":[{"href":"https:\/\/www.berlin.freidenker.org\/index.php?rest_route=\/wp\/v2\/types\/post"}],"author":[{"embeddable":true,"href":"https:\/\/www.berlin.freidenker.org\/index.php?rest_route=\/wp\/v2\/users\/4"}],"replies":[{"embeddable":true,"href":"https:\/\/www.berlin.freidenker.org\/index.php?rest_route=%2Fwp%2Fv2%2Fcomments&post=4776"}],"version-history":[{"count":1,"href":"https:\/\/www.berlin.freidenker.org\/index.php?rest_route=\/wp\/v2\/posts\/4776\/revisions"}],"predecessor-version":[{"id":4777,"href":"https:\/\/www.berlin.freidenker.org\/index.php?rest_route=\/wp\/v2\/posts\/4776\/revisions\/4777"}],"wp:attachment":[{"href":"https:\/\/www.berlin.freidenker.org\/index.php?rest_route=%2Fwp%2Fv2%2Fmedia&parent=4776"}],"wp:term":[{"taxonomy":"category","embeddable":true,"href":"https:\/\/www.berlin.freidenker.org\/index.php?rest_route=%2Fwp%2Fv2%2Fcategories&post=4776"},{"taxonomy":"post_tag","embeddable":true,"href":"https:\/\/www.berlin.freidenker.org\/index.php?rest_route=%2Fwp%2Fv2%2Ftags&post=4776"}],"curies":[{"name":"wp","href":"https:\/\/api.w.org\/{rel}","templated":true}]}}