{"id":4783,"date":"2018-03-07T11:36:51","date_gmt":"2018-03-07T09:36:51","guid":{"rendered":"http:\/\/www.berlin.freidenker.org\/?p=4783"},"modified":"2018-03-07T11:36:51","modified_gmt":"2018-03-07T09:36:51","slug":"die-konfrontationspolitik-gegenueber-russland-und-die-medien","status":"publish","type":"post","link":"https:\/\/www.berlin.freidenker.org\/?p=4783","title":{"rendered":"Die Konfrontationspolitik gegen\u00fcber Russland und die Medien"},"content":{"rendered":"<p>Es geht mit gro\u00dfen Schritten auf den Berliner Ostermarsch zu! Den Aufruf werden auch die Berliner Freidenker in K\u00fcrze auf dieser website teilen. Selbstverst\u00e4ndlich unterst\u00fctzt der Freidenkerverband Berlin den Ostermarsch auch in diesem Jahr wieder \u2013 gerade in der Hauptstadt Berlin, hier, wo die Kriegspolitik der Bundesregierung geplant, und, an der gro\u00dfen Mehrheit der Bev\u00f6lkerung vorbei, beschlossen wird, ist es wichtiger denn je, mit diesem Ostermarsch ein kraftvolles Zeichen auch gegen die Konfrontationspolitik gegen Ru\u00dfland zu f\u00fchren.<\/p>\n<p>Um in die Thematik einzuf\u00fchren und einige der g\u00e4ngigsten Vorurteile auszur\u00e4umen, die eine konsequente Friedenspolitik verhindern, bringen wir hier mit gro\u00dfem Dank an weltnetz.tv den Vortrag von Dr. Gabriele Krone-Schmalz, den sie auf der IALANA Medientagung in Kassel hielt.<\/p>\n<p>Es lohnt sich in jedem Falle, die Ausf\u00fchrungen von Dr. Krone-Schmalz anzuh\u00f6ren. Sie vertritt die Traditionen der b\u00fcrgerlichen Demokratie im besten Sinne, deren Verteidigung heute, in Zeiten der allgegenw\u00e4rtigen Kriegspropaganda und Entm\u00fcndigung der W\u00e4hlerinnen und W\u00e4hler, unabdingbar f\u00fcr den Friedenskampf ist.<\/p>\n<p>Zum Video geht es hier:<\/p>\n<p>https:\/\/weltnetz.tv\/video\/1408-die-konfrontationspolitik-gegenueber-russland-und-die-medien<\/p>\n<p>\u201eIn der deutschen Medienlandschaft ist das Wort \u201eRusslandversteher\u201c zum Schimpfwort geworden. Ganz wie in den Zeiten des Kalten Krieges, wird die Bedrohung aus dem Osten propagiert und die Welt in \u201eb\u00f6ses Russland\u201c und \u201eguter Westen\u201c aufgeteilt.<\/p>\n<p>Gabriele Krone-Schmalz (ehem. Moskau-Korrespondentin und Moderatorin der ARD) tritt seit Jahren f\u00fcr gute Beziehungen zu unserem Nachbarn Russland ein. In ihrem Vortrag auf der IALANA Medientagung referiert sie \u00fcber die Konfrontationspolitik gegen\u00fcber Russland und die Rolle, die die Medien dabei spielen.<\/p>\n<p>Vom 26.-28.01.2018 fand die IALANA Medientagung in Kassel statt. 350 interessierte BesucherInnen nahmen Teil und folgten aufmerksam dem dichten und hochinteressanten Programmteilen mit vielen \u00e4u\u00dferst informativen Referaten kompetenter G\u00e4ste. Es ging um das Thema \u201eKrieg und Frieden in den Medien\u201c und die Frage: Kann man ein Leitbild \u201eFriedensjournalismus\u201c, der Wahrheit verpflichtete und deeskalierende Berichterstattung etablieren? Anlass f\u00fcr die Tagung war nicht zuletzt auch die unumst\u00f6\u00dfliche Tatsache, dass das Vertrauen in die Berichterstattung der deutschen Medien zweifelsohne nachgelassen hat.<\/p>\n<p>Auf der Tagung sprachen bzw. diskutierten u.a. Daniela Dahn (Journalistin und Autorin), Max Uthoff (Kabarettist u.a. Die Anstalt und Jurist), Dr. Sabine Schiffer (Institut f\u00fcr Medienverantwortung), Prof. Dr. G\u00fcnther Rager (TU Dortmund), Maren M\u00fcller (St\u00e4ndige Publikumskonferenz \u00f6ffentlich-rechtliche Medien e.V.), Markus Fiedler (Lehrer, Autor u.a. von \u201eDie dunkle Seite der Wikipedia\u201c), Prof. Dr. Ulrich Teusch (Autor), Dr. Kurt Gritsch (Institut f\u00fcr Zeitgeschichte Innsbruck), Prof. Dr. Gabriele Krone-Schmalz (ehem. ARD), Albrecht M\u00fcller (Herausgeber der NachDenkSeiten), Dr. Uwe Kr\u00fcger (Universit\u00e4t Leipzig), Ekkehard Sieker (u.a. Team Die Anstalt), Prof. Dr. J\u00f6rg Becker (Politikwissenschaftler), Volker Br\u00e4utigam und Friedhelm Klinkhammer (ehem. ARD und NDR; Programmbeschwerden), Jens Berger (Redakteur NachDenkSeiten), Pascal Luig (Chefredakteur WeltnetzTV), Jens Wernicke (RUBIKON)) Dr. Ute Finkh-Kr\u00e4mer ((EX-MdB), Reiner Braun (Co-Pr\u00e4sident IPB) und Tilman W\u00f6rtz (Peace Counts). Einen musikalischen H\u00f6hepunkt setzte zum Abschluss des zweiten Tagungstages Konstantin Wecker mit einem Konzert f\u00fcr die TeilnehmerInnen.\u201c<\/p>\n","protected":false},"excerpt":{"rendered":"<p>Es geht mit gro\u00dfen Schritten auf den Berliner Ostermarsch zu! Den Aufruf werden auch die Berliner Freidenker in K\u00fcrze auf dieser website teilen. Selbstverst\u00e4ndlich unterst\u00fctzt der Freidenkerverband Berlin den Ostermarsch auch in diesem Jahr wieder \u2013 gerade in der Hauptstadt Berlin, hier, wo die Kriegspolitik der Bundesregierung geplant, und, an der gro\u00dfen Mehrheit der Bev\u00f6lkerung [&hellip;]<\/p>\n","protected":false},"author":4,"featured_media":0,"comment_status":"open","ping_status":"open","sticky":false,"template":"","format":"standard","meta":{"jetpack_post_was_ever_published":false,"_jetpack_newsletter_access":"","_jetpack_dont_email_post_to_subs":false,"_jetpack_newsletter_tier_id":0,"_jetpack_memberships_contains_paywalled_content":false,"_jetpack_memberships_contains_paid_content":false,"footnotes":""},"categories":[1,49,14,45,24,175,743],"tags":[],"class_list":["post-4783","post","type-post","status-publish","format-standard","hentry","category-allgemein","category-aufklaerung","category-aktivitaeten-des-dfv-berlin","category-friedensbewegung","category-friko-berlin","category-nato","category-nato-kriege"],"jetpack_featured_media_url":"","jetpack_shortlink":"https:\/\/wp.me\/py5dN-1f9","jetpack_sharing_enabled":true,"_links":{"self":[{"href":"https:\/\/www.berlin.freidenker.org\/index.php?rest_route=\/wp\/v2\/posts\/4783","targetHints":{"allow":["GET"]}}],"collection":[{"href":"https:\/\/www.berlin.freidenker.org\/index.php?rest_route=\/wp\/v2\/posts"}],"about":[{"href":"https:\/\/www.berlin.freidenker.org\/index.php?rest_route=\/wp\/v2\/types\/post"}],"author":[{"embeddable":true,"href":"https:\/\/www.berlin.freidenker.org\/index.php?rest_route=\/wp\/v2\/users\/4"}],"replies":[{"embeddable":true,"href":"https:\/\/www.berlin.freidenker.org\/index.php?rest_route=%2Fwp%2Fv2%2Fcomments&post=4783"}],"version-history":[{"count":1,"href":"https:\/\/www.berlin.freidenker.org\/index.php?rest_route=\/wp\/v2\/posts\/4783\/revisions"}],"predecessor-version":[{"id":4784,"href":"https:\/\/www.berlin.freidenker.org\/index.php?rest_route=\/wp\/v2\/posts\/4783\/revisions\/4784"}],"wp:attachment":[{"href":"https:\/\/www.berlin.freidenker.org\/index.php?rest_route=%2Fwp%2Fv2%2Fmedia&parent=4783"}],"wp:term":[{"taxonomy":"category","embeddable":true,"href":"https:\/\/www.berlin.freidenker.org\/index.php?rest_route=%2Fwp%2Fv2%2Fcategories&post=4783"},{"taxonomy":"post_tag","embeddable":true,"href":"https:\/\/www.berlin.freidenker.org\/index.php?rest_route=%2Fwp%2Fv2%2Ftags&post=4783"}],"curies":[{"name":"wp","href":"https:\/\/api.w.org\/{rel}","templated":true}]}}