{"id":4817,"date":"2018-04-10T08:51:38","date_gmt":"2018-04-10T06:51:38","guid":{"rendered":"http:\/\/www.berlin.freidenker.org\/?p=4817"},"modified":"2018-06-06T08:28:04","modified_gmt":"2018-06-06T06:28:04","slug":"unsere-oeffentliche-veranstaltung-im-april","status":"publish","type":"post","link":"https:\/\/www.berlin.freidenker.org\/?p=4817","title":{"rendered":"Unsere \u00f6ffentliche Veranstaltung im April"},"content":{"rendered":"<p><strong>Berliner Runde \u2013 Freidenker im Gespr\u00e4ch<\/strong><\/p>\n<p><strong>Thema: B\u00fcndnisse \u2013 f\u00fcr welche Ziele und mit wem?<\/strong><\/p>\n<p><strong>wann: Mittwoch, den 11. April 2018, 18.00 Uhr<\/strong><\/p>\n<p><strong>wo: Kieztreff Wedding, Stralsunder Stra\u00dfe 6, 13355 Berlin<\/strong><\/p>\n<p><strong>Referat und Diskussion mit Andreas Wehr <\/strong><br \/>\n\u201cGemeinsam sind wir stark\u201c, \u201eSolidarit\u00e4t ist unsere Kraft\u201c \u2013 solche Losungen sind Ausdruck der Erfahrung der Arbeiterbewegung. Bei linken und demokratischen Organisationen ist es \u201eim Prinzip\u201c unumstritten, dass man f\u00fcr gemeinsame Forderungen zusammenarbeiten muss. \u201eIm Prinzip\u201c \u2013 aber wenn\u2019s konkret wird, beginnen die Schwierigkeiten, und sie haben in den letzten Jahren noch zugenommen.<br \/>\nAngesichts wachsender Kriegsgefahr, dem Abbau demokratischer und sozialer Rechte sowie offen auftretender Neonazis scheint nicht die Klarheit, sondern die Konfusion zuzunehmen.<\/p>\n<p>Mit Andreas Wehr wollen wir zuvor einen Blick auf die Weltlage werfen, ohne deren vertiefte Kenntnis wir nicht die Grundlinien entwickeln k\u00f6nnen, aus denen auch die B\u00fcndnisfragen zu diskutieren und zu entscheiden sind.<\/p>\n<p>Wie stellt sich die Weltsituation dar, in die die Auseinandersetzungen einzuordnen sind?<\/p>\n<p>Die best\u00fcrzende westliche Zuspitzung der Aggression gegen Russland um die \u201eAff\u00e4re Skripal\u201c und die gleichzeitige Verk\u00fcndung von Strafz\u00f6llen durch die USA \u2013 mit dem Hauptsto\u00df gegen China \u2013 zeigen die Welt an der Schwelle zu einer brandgef\u00e4hrlichen Phase des neuen Kalten Krieges. Dabei sind Fragen zu stellen: Wie entwickelt sich die Rangordnung der imperialistischen Staaten &#8211; \u201edes Westens\u201c unter der Vorherrschaft der USA ? Welche Rolle spielt die Aufr\u00fcstung und Verdopplung des Milit\u00e4rbudgets, die die NATO auch den EU-L\u00e4ndern aufgeb\u00fcrdet hat, die wiederum unter deutscher Vorherrschaft stehen? Was bringt der Kampf um nationale Souver\u00e4nit\u00e4t? Und: Welche unbotm\u00e4\u00dfigen L\u00e4nder stehen f\u00fcr alternative Entwicklungen und wer will, da\u00df eigene Initiativen erstickt werden?<\/p>\n<p>Ausgehend von diesen Fragen wollen wir diskutieren, welche die Schwerpunkte f\u00fcr den Friedenskampf in Deutschland sind. Wir wollen auf dieser Grundlage noch einmal er\u00f6rtern, welches die Triebkr\u00e4fte der Angriffe und Spaltungsversuche gegen die Friedensbewegung sind, wie sie leider auch von Linken versucht werden.<\/p>\n<p>Unser Referent, Andreas Wehr, leitet zusammen mit Marianna Schauzu das Berliner Marx-Engels-Zentrum. Beide sind hier in Berlin Mitglieder des Deutschen Freidenker Verbandes. Wir freuen uns, Andreas als Referenten begr\u00fc\u00dfen zu d\u00fcrfen und freuen uns gleichzeitig auf Eure rege Teilnehme!<\/p>\n<p>Es ist uns ein Vergn\u00fcgen hier auch den link mitzuteilen, aus dem auch die aktuellen Veranstaltungen des Berliner MEZ zu ersehen sind:<\/p>\n<p><a href=\"https:\/\/deref-1und1.de\/mail\/client\/tYsKXlGjG_A\/dereferrer\/?redirectUrl=http%3A%2F%2Fwww.mez-berlin.de%2F\" target=\"_blank\" rel=\"noopener\">http:\/\/www.mez-berlin.de\/<\/a><\/p>\n","protected":false},"excerpt":{"rendered":"<p>Berliner Runde \u2013 Freidenker im Gespr\u00e4ch Thema: B\u00fcndnisse \u2013 f\u00fcr welche Ziele und mit wem? wann: Mittwoch, den 11. April 2018, 18.00 Uhr wo: Kieztreff Wedding, Stralsunder Stra\u00dfe 6, 13355 Berlin Referat und Diskussion mit Andreas Wehr \u201cGemeinsam sind wir stark\u201c, \u201eSolidarit\u00e4t ist unsere Kraft\u201c \u2013 solche Losungen sind Ausdruck der Erfahrung der Arbeiterbewegung. Bei [&hellip;]<\/p>\n","protected":false},"author":4,"featured_media":0,"comment_status":"open","ping_status":"open","sticky":false,"template":"","format":"standard","meta":{"jetpack_post_was_ever_published":false,"_jetpack_newsletter_access":"","_jetpack_dont_email_post_to_subs":false,"_jetpack_newsletter_tier_id":0,"_jetpack_memberships_contains_paywalled_content":false,"_jetpack_memberships_contains_paid_content":false,"footnotes":""},"categories":[14,22,13],"tags":[],"class_list":["post-4817","post","type-post","status-publish","format-standard","hentry","category-aktivitaeten-des-dfv-berlin","category-friedensaktionen","category-veranstaltungen"],"jetpack_featured_media_url":"","jetpack_shortlink":"https:\/\/wp.me\/py5dN-1fH","jetpack_sharing_enabled":true,"_links":{"self":[{"href":"https:\/\/www.berlin.freidenker.org\/index.php?rest_route=\/wp\/v2\/posts\/4817","targetHints":{"allow":["GET"]}}],"collection":[{"href":"https:\/\/www.berlin.freidenker.org\/index.php?rest_route=\/wp\/v2\/posts"}],"about":[{"href":"https:\/\/www.berlin.freidenker.org\/index.php?rest_route=\/wp\/v2\/types\/post"}],"author":[{"embeddable":true,"href":"https:\/\/www.berlin.freidenker.org\/index.php?rest_route=\/wp\/v2\/users\/4"}],"replies":[{"embeddable":true,"href":"https:\/\/www.berlin.freidenker.org\/index.php?rest_route=%2Fwp%2Fv2%2Fcomments&post=4817"}],"version-history":[{"count":3,"href":"https:\/\/www.berlin.freidenker.org\/index.php?rest_route=\/wp\/v2\/posts\/4817\/revisions"}],"predecessor-version":[{"id":4858,"href":"https:\/\/www.berlin.freidenker.org\/index.php?rest_route=\/wp\/v2\/posts\/4817\/revisions\/4858"}],"wp:attachment":[{"href":"https:\/\/www.berlin.freidenker.org\/index.php?rest_route=%2Fwp%2Fv2%2Fmedia&parent=4817"}],"wp:term":[{"taxonomy":"category","embeddable":true,"href":"https:\/\/www.berlin.freidenker.org\/index.php?rest_route=%2Fwp%2Fv2%2Fcategories&post=4817"},{"taxonomy":"post_tag","embeddable":true,"href":"https:\/\/www.berlin.freidenker.org\/index.php?rest_route=%2Fwp%2Fv2%2Ftags&post=4817"}],"curies":[{"name":"wp","href":"https:\/\/api.w.org\/{rel}","templated":true}]}}