{"id":4822,"date":"2018-04-13T10:41:47","date_gmt":"2018-04-13T08:41:47","guid":{"rendered":"http:\/\/www.berlin.freidenker.org\/?p=4822"},"modified":"2018-04-23T22:47:13","modified_gmt":"2018-04-23T20:47:13","slug":"konferenz-individuum-und-gesellschaft-menschenbild-und-persoenlichkeitstheorie-im-marxismus","status":"publish","type":"post","link":"https:\/\/www.berlin.freidenker.org\/?p=4822","title":{"rendered":"Konferenz: Individuum und Gesellschaft \u2013 Menschenbild und Pers\u00f6nlichkeitstheorie im Marxismus"},"content":{"rendered":"<div class=\"below-entry-meta\"><span class=\"posted-on\"><a title=\"7:46\" href=\"http:\/\/www.freidenker.org\/?p=4889\" rel=\"bookmark\"><time class=\"entry-date published\" datetime=\"2018-03-27T07:46:23+00:00\">27. M\u00e4rz 2018<\/time><\/a><\/span> <span class=\"byline\"><span class=\"author vcard\"><a class=\"url fn n\" title=\"Webredaktion\" href=\"http:\/\/www.freidenker.org\/?author=3\">Webredaktion<\/a><\/span><\/span> <span class=\"tag-links\"><a href=\"http:\/\/www.freidenker.org\/?tag=deutscher-freidenker-verband\" rel=\"tag\">Deutscher Freidenker-Verband<\/a>, <a href=\"http:\/\/www.freidenker.org\/?tag=gesellschaft\" rel=\"tag\">Gesellschaft<\/a>, <a href=\"http:\/\/www.freidenker.org\/?tag=hannover\" rel=\"tag\">Hannover<\/a>, <a href=\"http:\/\/www.freidenker.org\/?tag=karl-marx\" rel=\"tag\">Karl Marx<\/a>, <a href=\"http:\/\/www.freidenker.org\/?tag=konferenz\" rel=\"tag\">Konferenz<\/a>, <a href=\"http:\/\/www.freidenker.org\/?tag=mensch\" rel=\"tag\">Mensch<\/a>, <a href=\"http:\/\/www.freidenker.org\/?tag=persoenlichkeit\" rel=\"tag\">Pers\u00f6nlichkeit<\/a>, <a href=\"http:\/\/www.freidenker.org\/?tag=weltanschauung\" rel=\"tag\">Weltanschauung<\/a>, <a href=\"http:\/\/www.freidenker.org\/?tag=wissenschaftliche-konferenz\" rel=\"tag\">Wissenschaftliche Konferenz<\/a><\/span><\/div>\n<div class=\"entry-content clearfix\">\n<h4>\u00d6ffentliche Wissenschaftliche Konferenz zum 200. Geburtstag von Karl Marx<\/h4>\n<p><strong>Samstag, 28. April 2018, Hannover<\/strong><\/p>\n<h6>Vortr\u00e4ge und Diskussion<\/h6>\n<p><strong>Was ist der Mensch?<\/strong><br \/>\nKlaus Hartmann<\/p>\n<p><strong>Pers\u00f6nlichkeit und sozialer Sinn<\/strong><br \/>\nProf. Dr. Wolfgang Jantzen<\/p>\n<p><strong>Die Leere der Frankfurter Schule<\/strong><br \/>\nKlaus Linder<\/p>\n<p><strong>Warum und wie passen Mensch und Arbeit zusammen?<\/strong><br \/>\nDr. Elmar Witzgall<\/p>\n<p><strong>Das Menschenbild des informationstechnologischen Kapitals<\/strong><br \/>\nDr. Werner Seppmann<\/p>\n<div>Samstag, 28. April 2018, 10.30 \u2013 17 Uhr<br \/>\nFreizeitheim Linden, Windheimstra\u00dfe 4, 30451 Hannover<br \/>\nStadtbahn Linie 10 \u2013 Hauptbahnhof Richtung Ahlem, Haltestelle \u201eUngerstra\u00dfe\u201c<br \/>\nKostenbeitrag 10 Euro, erm\u00e4\u00dfigt 7 Euro<\/div>\n<p>.<br \/>\n<strong>Deutscher Freidenker-Verband, Verbandsvorstand<\/strong><br \/>\nin Zusammenarbeit mit:<\/p>\n<ul>\n<li>Ostdeutsches Kuratorium von Verb\u00e4nden (OKV) e.V.,<\/li>\n<li>Gesellschaft zum Schutz von B\u00fcrgerrecht und Menschenw\u00fcrde (GBM) e.V.,<\/li>\n<li>Gesellschaft zur rechtlichen und humanit\u00e4ren Unterst\u00fctzung (GRH) e.V.,<\/li>\n<li>Arbeiterfotografie \u2013 Forum f\u00fcr Engagierte Fotografie,<\/li>\n<li>Marx-Engels-Stiftung Wuppertal,<\/li>\n<li>Marx-Engels-Zentrum Berlin,<\/li>\n<li>DKP Hannover<\/li>\n<\/ul>\n<p><a href=\"https:\/\/i0.wp.com\/www.freidenker.org\/fw17\/wp-content\/uploads\/2018\/03\/Karl_Marx_Konferenz_vrs-001.jpg\"><img data-recalc-dims=\"1\" loading=\"lazy\" decoding=\"async\" class=\"size-full wp-image-4829 alignnone\" src=\"https:\/\/i0.wp.com\/www.berlin.freidenker.org\/wp-content\/uploads\/2018\/04\/Karl_Marx_Konferenz_vrs-001_500px.jpg?resize=500%2C500&#038;ssl=1\" alt=\"\" width=\"500\" height=\"500\" srcset=\"https:\/\/i0.wp.com\/www.berlin.freidenker.org\/wp-content\/uploads\/2018\/04\/Karl_Marx_Konferenz_vrs-001_500px.jpg?w=500&amp;ssl=1 500w, https:\/\/i0.wp.com\/www.berlin.freidenker.org\/wp-content\/uploads\/2018\/04\/Karl_Marx_Konferenz_vrs-001_500px.jpg?resize=150%2C150&amp;ssl=1 150w, https:\/\/i0.wp.com\/www.berlin.freidenker.org\/wp-content\/uploads\/2018\/04\/Karl_Marx_Konferenz_vrs-001_500px.jpg?resize=300%2C300&amp;ssl=1 300w\" sizes=\"auto, (max-width: 500px) 100vw, 500px\" \/><\/a><\/p>\n<p><a href=\"https:\/\/i0.wp.com\/www.freidenker.org\/fw17\/wp-content\/uploads\/2018\/03\/Karl_Marx_Konferenz_vrs-002.jpg\"><img data-recalc-dims=\"1\" loading=\"lazy\" decoding=\"async\" class=\"size-full wp-image-4830 alignnone\" src=\"https:\/\/i0.wp.com\/www.berlin.freidenker.org\/wp-content\/uploads\/2018\/04\/Karl_Marx_Konferenz_vrs-002_500px.jpg?resize=500%2C500&#038;ssl=1\" alt=\"\" width=\"500\" height=\"500\" srcset=\"https:\/\/i0.wp.com\/www.berlin.freidenker.org\/wp-content\/uploads\/2018\/04\/Karl_Marx_Konferenz_vrs-002_500px.jpg?w=500&amp;ssl=1 500w, https:\/\/i0.wp.com\/www.berlin.freidenker.org\/wp-content\/uploads\/2018\/04\/Karl_Marx_Konferenz_vrs-002_500px.jpg?resize=150%2C150&amp;ssl=1 150w, https:\/\/i0.wp.com\/www.berlin.freidenker.org\/wp-content\/uploads\/2018\/04\/Karl_Marx_Konferenz_vrs-002_500px.jpg?resize=300%2C300&amp;ssl=1 300w\" sizes=\"auto, (max-width: 500px) 100vw, 500px\" \/><\/a><\/p>\n<\/div>\n<p>&nbsp;<\/p>\n<div class=\"entry-content clearfix\">\n<p>Nachfragen zu unserer Konferenz sind m\u00f6glich \u00fcber Sebastian Bahlo via E-Mail: <a href=\"mailto:s.bahlo@freidenker.org\">s.bahlo@freidenker.org<\/a><\/p>\n<\/div>\n","protected":false},"excerpt":{"rendered":"<p>27. M\u00e4rz 2018 Webredaktion Deutscher Freidenker-Verband, Gesellschaft, Hannover, Karl Marx, Konferenz, Mensch, Pers\u00f6nlichkeit, Weltanschauung, Wissenschaftliche Konferenz \u00d6ffentliche Wissenschaftliche Konferenz zum 200. Geburtstag von Karl Marx Samstag, 28. April 2018, Hannover Vortr\u00e4ge und Diskussion Was ist der Mensch? Klaus Hartmann Pers\u00f6nlichkeit und sozialer Sinn Prof. Dr. Wolfgang Jantzen Die Leere der Frankfurter Schule Klaus Linder Warum [&hellip;]<\/p>\n","protected":false},"author":4,"featured_media":0,"comment_status":"open","ping_status":"open","sticky":false,"template":"","format":"standard","meta":{"jetpack_post_was_ever_published":false,"_jetpack_newsletter_access":"","_jetpack_dont_email_post_to_subs":false,"_jetpack_newsletter_tier_id":0,"_jetpack_memberships_contains_paywalled_content":false,"_jetpack_memberships_contains_paid_content":false,"footnotes":""},"categories":[1],"tags":[],"class_list":["post-4822","post","type-post","status-publish","format-standard","hentry","category-allgemein"],"jetpack_featured_media_url":"","jetpack_shortlink":"https:\/\/wp.me\/py5dN-1fM","jetpack_sharing_enabled":true,"_links":{"self":[{"href":"https:\/\/www.berlin.freidenker.org\/index.php?rest_route=\/wp\/v2\/posts\/4822","targetHints":{"allow":["GET"]}}],"collection":[{"href":"https:\/\/www.berlin.freidenker.org\/index.php?rest_route=\/wp\/v2\/posts"}],"about":[{"href":"https:\/\/www.berlin.freidenker.org\/index.php?rest_route=\/wp\/v2\/types\/post"}],"author":[{"embeddable":true,"href":"https:\/\/www.berlin.freidenker.org\/index.php?rest_route=\/wp\/v2\/users\/4"}],"replies":[{"embeddable":true,"href":"https:\/\/www.berlin.freidenker.org\/index.php?rest_route=%2Fwp%2Fv2%2Fcomments&post=4822"}],"version-history":[{"count":3,"href":"https:\/\/www.berlin.freidenker.org\/index.php?rest_route=\/wp\/v2\/posts\/4822\/revisions"}],"predecessor-version":[{"id":4839,"href":"https:\/\/www.berlin.freidenker.org\/index.php?rest_route=\/wp\/v2\/posts\/4822\/revisions\/4839"}],"wp:attachment":[{"href":"https:\/\/www.berlin.freidenker.org\/index.php?rest_route=%2Fwp%2Fv2%2Fmedia&parent=4822"}],"wp:term":[{"taxonomy":"category","embeddable":true,"href":"https:\/\/www.berlin.freidenker.org\/index.php?rest_route=%2Fwp%2Fv2%2Fcategories&post=4822"},{"taxonomy":"post_tag","embeddable":true,"href":"https:\/\/www.berlin.freidenker.org\/index.php?rest_route=%2Fwp%2Fv2%2Ftags&post=4822"}],"curies":[{"name":"wp","href":"https:\/\/api.w.org\/{rel}","templated":true}]}}