{"id":4907,"date":"2018-07-16T12:46:52","date_gmt":"2018-07-16T10:46:52","guid":{"rendered":"http:\/\/www.berlin.freidenker.org\/?p=4907"},"modified":"2018-07-16T12:46:52","modified_gmt":"2018-07-16T10:46:52","slug":"der-berliner-freidenker-verband-unterstuetzt-das-pax-terra-musica-friedensfestival","status":"publish","type":"post","link":"https:\/\/www.berlin.freidenker.org\/?p=4907","title":{"rendered":"Der Berliner Freidenker-Verband unterst\u00fctzt das Pax Terra Musica-Friedensfestival"},"content":{"rendered":"<p><span style=\"color: #333333;\">Es wird in der Freilichtb\u00fchne Friesack vom 27. bis 29. Juli 2018 stattfinden.<\/span><\/p>\n<p><span style=\"color: #333333;\">Wir werden w\u00e4hrend der drei Tage mit einem Informationsstand vertreten sein.<\/span><\/p>\n<p><span style=\"color: #333333;\">Alle n\u00e4heren Informationen, auch zur Kartenbestellung, hier:<\/span><\/p>\n<p><span style=\"color: #333333;\"><a href=\"http:\/\/www.pax-terra-musica.de\/\">www.pax-terra-musica.de<\/a><\/span><\/p>\n<p><span style=\"color: #333333;\">Hier das Programm:<\/span><\/p>\n<h1 class=\"western\"><span style=\"color: #333333;\">Freitag 27.07.2018<\/span><\/h1>\n<h4 class=\"western\"><span style=\"color: #333333;\">In den freien Zeiten werden Moderationen und weitere Aktivit\u00e4ten folgen. Die Tabellen werden kontinuierlich gef\u00fcllt und angepasst.<\/span><\/h4>\n<p><a name=\"tablepress-4\"><\/a><\/p>\n<table border=\"0\" width=\"142\" cellspacing=\"0\" cellpadding=\"2\">\n<colgroup>\n<col width=\"138\" \/> <\/colgroup>\n<thead>\n<tr>\n<th width=\"138\">MUSIK<\/th>\n<\/tr>\n<\/thead>\n<tbody>\n<tr>\n<td width=\"138\">Drew Rouse Band<\/td>\n<\/tr>\n<tr>\n<td width=\"138\">Robert Carl Blank<\/td>\n<\/tr>\n<tr>\n<td width=\"138\">Germaid<\/td>\n<\/tr>\n<tr>\n<td width=\"138\">Dascha<\/td>\n<\/tr>\n<tr>\n<td width=\"138\">Rebellische Saiten &#8211;<br \/>\nAnna Katharina &amp;<br \/>\nPrinz Chaos II<\/td>\n<\/tr>\n<tr>\n<td width=\"138\">Tjorben<\/td>\n<\/tr>\n<tr>\n<td width=\"138\">Bermooda<\/td>\n<\/tr>\n<tr>\n<td width=\"138\">Max Jeschek<\/td>\n<\/tr>\n<tr>\n<td width=\"138\">Paragraph 117<\/td>\n<\/tr>\n<\/tbody>\n<\/table>\n<p><a name=\"tablepress-13\"><\/a><\/p>\n<table border=\"0\" width=\"434\" cellspacing=\"0\" cellpadding=\"2\">\n<colgroup>\n<col width=\"430\" \/> <\/colgroup>\n<thead>\n<tr>\n<th width=\"430\">VORTR\u0080\u00c4GE<\/th>\n<\/tr>\n<\/thead>\n<tbody>\n<tr>\n<td width=\"430\">Ralph Boes &#8211; Menschenrechte<\/td>\n<\/tr>\n<tr>\n<td width=\"430\">Diskussionsrunde &#8211; Umwelt<br \/>\nmit<br \/>\n&#8211; Dr. Heidi Wichmann (Moderation)<br \/>\n&#8211; Dr. Harald Banzhaf<br \/>\n&#8211; Dr. Thomas H\u00f6hn<br \/>\n&#8211; Dr. Dr. Karl J. Probst<br \/>\n&#8211; Dr. Heinz Reinwald<\/td>\n<\/tr>\n<tr>\n<td width=\"430\">Dr. Dr. Karl J. Probst &#8211; Nat\u00fcrliche Gesundheitslehre f\u00fcr Jedermann<\/td>\n<\/tr>\n<tr>\n<td width=\"430\">Erwin Thoma &#8211; Mondholz<\/td>\n<\/tr>\n<\/tbody>\n<\/table>\n<p><a name=\"tablepress-16\"><\/a><\/p>\n<table border=\"0\" width=\"116\" cellspacing=\"0\" cellpadding=\"2\">\n<colgroup>\n<col width=\"112\" \/> <\/colgroup>\n<thead>\n<tr>\n<th width=\"112\">WORKSHOPS<\/th>\n<\/tr>\n<\/thead>\n<tbody>\n<tr>\n<td width=\"112\">Theatergruppe<\/td>\n<\/tr>\n<\/tbody>\n<\/table>\n<p><a name=\"tablepress-10\"><\/a><\/p>\n<table border=\"0\" width=\"295\" cellspacing=\"0\" cellpadding=\"2\">\n<colgroup>\n<col width=\"291\" \/> <\/colgroup>\n<thead>\n<tr>\n<th width=\"291\">OFFENES FRIEDENSFORUM<\/th>\n<\/tr>\n<\/thead>\n<tbody>\n<tr>\n<td width=\"291\">Karoline-Rutzen &#8211; Allmende\u009a\u00f6konomie<\/td>\n<\/tr>\n<tr>\n<td width=\"291\">Achim Reschke- Wie friedensf\u00e4hig sind wir?<\/td>\n<\/tr>\n<\/tbody>\n<\/table>\n<p><a name=\"tablepress-5\"><\/a><\/p>\n<table border=\"0\" width=\"643\" cellspacing=\"0\" cellpadding=\"2\">\n<colgroup>\n<col width=\"639\" \/> <\/colgroup>\n<thead>\n<tr>\n<th width=\"639\">KINDER<\/th>\n<\/tr>\n<\/thead>\n<tbody>\n<tr>\n<td width=\"639\">Begr\u00fc\u00dfung im Musikkreis<\/td>\n<\/tr>\n<tr>\n<td width=\"639\">Hexe Inka Galaktika aus dem \u00dcberall<\/td>\n<\/tr>\n<tr>\n<td width=\"639\">&#8222;Die Magie der Kinder &#8211; warum Ihr Sch\u00f6pfer und Zukunft seid&#8220; Interaktiver Vortrag f\u00fcr Eltern und Kinder ab 6 Jahren<\/td>\n<\/tr>\n<\/tbody>\n<\/table>\n<h1 class=\"western\"><span style=\"color: #333333;\">Samstag 28.07.2018<\/span><\/h1>\n<h4 class=\"western\"><span style=\"color: #333333;\">In den freien Zeiten werden Moderationen und weitere Aktivit\u00e4ten folgen. Die Tabellen werden kontinuierlich gef\u00fcllt und angepasst.<\/span><\/h4>\n<p><a name=\"tablepress-8\"><\/a><\/p>\n<table border=\"0\" width=\"221\" cellspacing=\"0\" cellpadding=\"2\">\n<colgroup>\n<col width=\"217\" \/> <\/colgroup>\n<thead>\n<tr>\n<th width=\"217\">MUSIK<\/th>\n<\/tr>\n<\/thead>\n<tbody>\n<tr>\n<td width=\"217\">Nor\u00f0ir<\/td>\n<\/tr>\n<tr>\n<td width=\"217\">Mischa Gohlke &amp; Band<\/td>\n<\/tr>\n<tr>\n<td width=\"217\">Tristan Michael<\/td>\n<\/tr>\n<tr>\n<td width=\"217\">Achim Reschke<\/td>\n<\/tr>\n<tr>\n<td width=\"217\">Morgaine &amp; Tjorben<\/td>\n<\/tr>\n<tr>\n<td width=\"217\">Duo Flower Flow: Nino und Pete<\/td>\n<\/tr>\n<tr>\n<td width=\"217\">Kilez More<\/td>\n<\/tr>\n<tr>\n<td width=\"217\">Bella Wagner<\/td>\n<\/tr>\n<tr>\n<td width=\"217\">Truthbrothers<\/td>\n<\/tr>\n<tr>\n<td width=\"217\">WAMP<\/td>\n<\/tr>\n<\/tbody>\n<\/table>\n<p><a name=\"tablepress-14\"><\/a><\/p>\n<table border=\"0\" width=\"274\" cellspacing=\"0\" cellpadding=\"2\">\n<colgroup>\n<col width=\"270\" \/> <\/colgroup>\n<thead>\n<tr>\n<th width=\"270\">VORTR\u00c4GE<\/th>\n<\/tr>\n<\/thead>\n<tbody>\n<tr>\n<td width=\"270\">Diskussionsrunde &#8211; Mensch<br \/>\nBilbo Calvez<\/td>\n<\/tr>\n<tr>\n<td width=\"270\">Astrid &amp; Burkhard &#8211; Kl\u00e4nge des Friedens<\/td>\n<\/tr>\n<tr>\n<td width=\"270\">Dirk C. Fleck &#8211;<br \/>\nGier-Kultur und Erwachen<\/td>\n<\/tr>\n<tr>\n<td width=\"270\">Heinz Kruse &#8211;<br \/>\nVerfassung vom Volk<\/td>\n<\/tr>\n<tr>\n<td width=\"270\">R\u00fcdiger Lenz &#8211;<br \/>\nDas Nichtkampf Prinzip<\/td>\n<\/tr>\n<tr>\n<td width=\"270\">Pascal Luig &#8211;<br \/>\nStopp Airbase Ramstein<\/td>\n<\/tr>\n<tr>\n<td width=\"270\">Marius Kr\u00fcger &#8211;<br \/>\nDemocracy Deutschland<\/td>\n<\/tr>\n<tr>\n<td width=\"270\">Gunther Sosna &#8211;<br \/>\nMacht und Herrschaft<\/td>\n<\/tr>\n<tr>\n<td width=\"270\">Dennis Hack &#8211;<br \/>\nHuman Connection<\/td>\n<\/tr>\n<tr>\n<td width=\"270\">Tommy Hansen &#8211;<br \/>\nWer bestimmt die \u00f6ffentliche Meinung<\/td>\n<\/tr>\n<\/tbody>\n<\/table>\n<p><a name=\"tablepress-17\"><\/a><\/p>\n<table border=\"0\" width=\"627\" cellspacing=\"0\" cellpadding=\"2\">\n<colgroup>\n<col width=\"623\" \/> <\/colgroup>\n<thead>\n<tr>\n<th width=\"623\">WORKSHOPS<\/th>\n<\/tr>\n<\/thead>\n<tbody>\n<tr>\n<td width=\"623\">Quellmeditation mit Angelina<\/td>\n<\/tr>\n<tr>\n<td width=\"623\">Miroslav Grosser &#8211;<br \/>\nDancing Voices<\/td>\n<\/tr>\n<tr>\n<td width=\"623\">Andrea Drescher &#8211; Workshop f\u00fcr Selbermacher<\/td>\n<\/tr>\n<tr>\n<td width=\"623\">Immer Frieden in der Friedensbewegung &#8211; Mythos oder Realit\u00e4t?<br \/>\nEin politischer Achtsamkeits-Workshop Christiane Borowy<\/td>\n<\/tr>\n<tr>\n<td width=\"623\">Dada Madhuvidyananda &#8211;<br \/>\nMeditation bringt Dir und der Welt Frieden.<br \/>\nWie Du durch Meditation inneren Frieden finden und wirksam zum Weltfrieden beitragen kannst.<\/td>\n<\/tr>\n<\/tbody>\n<\/table>\n<p><a name=\"tablepress-11\"><\/a><\/p>\n<table border=\"0\" width=\"469\" cellspacing=\"0\" cellpadding=\"2\">\n<colgroup>\n<col width=\"465\" \/> <\/colgroup>\n<thead>\n<tr>\n<th width=\"465\">OFFENES FRIEDENSFORUM<\/th>\n<\/tr>\n<\/thead>\n<tbody>\n<tr>\n<td width=\"465\">Andreas Aldag &#8211; Commons (Allmende\u00f6konomie) Ein Erfahrungsbericht<\/td>\n<\/tr>\n<tr>\n<td width=\"465\">Katrin McClean &#8211; Das Leben ist der bessere Job<\/td>\n<\/tr>\n<tr>\n<td width=\"465\">Mathias Tretschog &#8211; Stopp WAR in Yemen<\/td>\n<\/tr>\n<\/tbody>\n<\/table>\n<p><a name=\"tablepress-6\"><\/a><\/p>\n<table border=\"0\" width=\"643\" cellspacing=\"0\" cellpadding=\"2\">\n<colgroup>\n<col width=\"639\" \/> <\/colgroup>\n<thead>\n<tr>\n<th width=\"639\">KINDER<\/th>\n<\/tr>\n<\/thead>\n<tbody>\n<tr>\n<td width=\"639\">Laufend offenes Angebot<\/td>\n<\/tr>\n<tr>\n<td width=\"639\">Friedensmeditation f\u009f\u00fcr Eltern und Kinder<\/td>\n<\/tr>\n<tr>\n<td width=\"639\">Begr\u00fc\u00dfung im Musikkreis<\/td>\n<\/tr>\n<tr>\n<td width=\"639\">Hoola Hoop tanzen<\/td>\n<\/tr>\n<tr>\n<td width=\"639\">Pois Basteln und Spielen<\/td>\n<\/tr>\n<tr>\n<td width=\"639\">&#8222;Die Mitmach &#8211; Suppe&#8220;<\/td>\n<\/tr>\n<tr>\n<td width=\"639\">&#8222;Warum lernen in (der) Gemeinschaft so wichtig ist&#8220; Interaktiver Vortrag f\u00fcr Eltern und Kinder ab 6 Jahren<\/td>\n<\/tr>\n<\/tbody>\n<\/table>\n<h1 class=\"western\"><span style=\"color: #333333;\">Sonntag 29.07.2018<\/span><\/h1>\n<h4 class=\"western\"><span style=\"color: #333333;\">In den freien Zeiten werden Moderationen und weitere Aktivit\u00e4ten folgen. Die Tabellen werden kontinuierlich gef\u00fcllt und angepasst.<\/span><\/h4>\n<p><a name=\"tablepress-9\"><\/a><\/p>\n<table border=\"0\" width=\"183\" cellspacing=\"0\" cellpadding=\"2\">\n<colgroup>\n<col width=\"179\" \/> <\/colgroup>\n<thead>\n<tr>\n<th width=\"179\">MUSIK<\/th>\n<\/tr>\n<\/thead>\n<tbody>\n<tr>\n<td width=\"179\">LEvator<\/td>\n<\/tr>\n<tr>\n<td width=\"179\">Ren\u008e\u00e9 Rebell<\/td>\n<\/tr>\n<tr>\n<td width=\"179\">Patrizio &#8222;Wurzlmo&#8220; Pagero<\/td>\n<\/tr>\n<tr>\n<td width=\"179\">Brother Ben<\/td>\n<\/tr>\n<tr>\n<td width=\"179\">Sally<\/td>\n<\/tr>\n<\/tbody>\n<\/table>\n<p><a name=\"tablepress-15\"><\/a><\/p>\n<table border=\"0\" width=\"286\" cellspacing=\"0\" cellpadding=\"2\">\n<colgroup>\n<col width=\"282\" \/> <\/colgroup>\n<thead>\n<tr>\n<th width=\"282\">VORTR\u0080\u00c4GE<\/th>\n<\/tr>\n<\/thead>\n<tbody>\n<tr>\n<td width=\"282\">Diskussionsrunde-Frieden<br \/>\nmit<br \/>\n&#8211; Paula P&#8217;Cay (Moderation)<br \/>\n&#8211; Rolf KeTaN Tepel<br \/>\n&#8211; Andrea Drescher<br \/>\n&#8211; Marco Henrichs<\/td>\n<\/tr>\n<tr>\n<td width=\"282\">Wilhelm Schmid &#8211;<br \/>\nSelbstfreundschaft<\/td>\n<\/tr>\n<tr>\n<td width=\"282\">Bilbo Calvez &#8211;<br \/>\nFrauen und Frieden<\/td>\n<\/tr>\n<tr>\n<td width=\"282\">Andrea Drescher &#8211;<br \/>\nHilfe f\u00fcr den Donbass &#8211; Was kann man tun?<\/td>\n<\/tr>\n<\/tbody>\n<\/table>\n<p><a name=\"tablepress-18\"><\/a><\/p>\n<table border=\"0\" width=\"462\" cellspacing=\"0\" cellpadding=\"2\">\n<colgroup>\n<col width=\"458\" \/> <\/colgroup>\n<thead>\n<tr>\n<th width=\"458\">WORKSHOP<\/th>\n<\/tr>\n<\/thead>\n<tbody>\n<tr>\n<td width=\"458\">Kinderworkshop mit Biena &#8211;<br \/>\n&#8222;Sing, Sang + Tralala&#8220; Friedenslieder + andere &#8211; f\u009f\u00fcr Kleine + Grosse&#8220;<\/td>\n<\/tr>\n<tr>\n<td width=\"458\">Nora Gerstenberg &#8211;<br \/>\nHolistic Bodywork<\/td>\n<\/tr>\n<\/tbody>\n<\/table>\n<p><a name=\"tablepress-12\"><\/a><\/p>\n<table border=\"0\" width=\"617\" cellspacing=\"0\" cellpadding=\"2\">\n<colgroup>\n<col width=\"613\" \/> <\/colgroup>\n<thead>\n<tr>\n<th width=\"613\">OFFENES FRIEDENSFORUM<\/th>\n<\/tr>\n<\/thead>\n<tbody>\n<tr>\n<td width=\"613\">J\u00fcrgen Michael Hackbarth &#8211; F\u00fcr eine Politik jenseits von Markt und Staat<\/td>\n<\/tr>\n<tr>\n<td width=\"613\">Gemeinsame Gespr\u00e4chsrunde &#8211; Wie weiter mit der Friedensbewegung? Themen zur Vernetzung<\/td>\n<\/tr>\n<\/tbody>\n<\/table>\n<p><a name=\"tablepress-7\"><\/a><\/p>\n<table border=\"0\" width=\"281\" cellspacing=\"0\" cellpadding=\"2\">\n<colgroup>\n<col width=\"277\" \/> <\/colgroup>\n<thead>\n<tr>\n<th width=\"277\">KINDER<\/th>\n<\/tr>\n<\/thead>\n<tbody>\n<tr>\n<td width=\"277\">Laufend offenes Angebot<\/td>\n<\/tr>\n<tr>\n<td width=\"277\">Friedensmeditation f\u00fcr Eltern und Kinder<\/td>\n<\/tr>\n<tr>\n<td width=\"277\">Begr\u00fc\u00dfung im Musikkreis<\/td>\n<\/tr>\n<tr>\n<td width=\"277\">Vorstellung des Mitmachzikus<\/td>\n<\/tr>\n<tr>\n<td width=\"277\">Indianer- und Naturschmuck<\/td>\n<\/tr>\n<\/tbody>\n<\/table>\n<h1 class=\"western\" align=\"CENTER\"><\/h1>\n","protected":false},"excerpt":{"rendered":"<p>Es wird in der Freilichtb\u00fchne Friesack vom 27. bis 29. Juli 2018 stattfinden. Wir werden w\u00e4hrend der drei Tage mit einem Informationsstand vertreten sein. Alle n\u00e4heren Informationen, auch zur Kartenbestellung, hier: www.pax-terra-musica.de Hier das Programm: Freitag 27.07.2018 In den freien Zeiten werden Moderationen und weitere Aktivit\u00e4ten folgen. Die Tabellen werden kontinuierlich gef\u00fcllt und angepasst. MUSIK [&hellip;]<\/p>\n","protected":false},"author":4,"featured_media":0,"comment_status":"open","ping_status":"open","sticky":false,"template":"","format":"standard","meta":{"jetpack_post_was_ever_published":false,"_jetpack_newsletter_access":"","_jetpack_dont_email_post_to_subs":false,"_jetpack_newsletter_tier_id":0,"_jetpack_memberships_contains_paywalled_content":false,"_jetpack_memberships_contains_paid_content":false,"footnotes":""},"categories":[1],"tags":[],"class_list":["post-4907","post","type-post","status-publish","format-standard","hentry","category-allgemein"],"jetpack_featured_media_url":"","jetpack_shortlink":"https:\/\/wp.me\/py5dN-1h9","jetpack_sharing_enabled":true,"_links":{"self":[{"href":"https:\/\/www.berlin.freidenker.org\/index.php?rest_route=\/wp\/v2\/posts\/4907","targetHints":{"allow":["GET"]}}],"collection":[{"href":"https:\/\/www.berlin.freidenker.org\/index.php?rest_route=\/wp\/v2\/posts"}],"about":[{"href":"https:\/\/www.berlin.freidenker.org\/index.php?rest_route=\/wp\/v2\/types\/post"}],"author":[{"embeddable":true,"href":"https:\/\/www.berlin.freidenker.org\/index.php?rest_route=\/wp\/v2\/users\/4"}],"replies":[{"embeddable":true,"href":"https:\/\/www.berlin.freidenker.org\/index.php?rest_route=%2Fwp%2Fv2%2Fcomments&post=4907"}],"version-history":[{"count":1,"href":"https:\/\/www.berlin.freidenker.org\/index.php?rest_route=\/wp\/v2\/posts\/4907\/revisions"}],"predecessor-version":[{"id":4908,"href":"https:\/\/www.berlin.freidenker.org\/index.php?rest_route=\/wp\/v2\/posts\/4907\/revisions\/4908"}],"wp:attachment":[{"href":"https:\/\/www.berlin.freidenker.org\/index.php?rest_route=%2Fwp%2Fv2%2Fmedia&parent=4907"}],"wp:term":[{"taxonomy":"category","embeddable":true,"href":"https:\/\/www.berlin.freidenker.org\/index.php?rest_route=%2Fwp%2Fv2%2Fcategories&post=4907"},{"taxonomy":"post_tag","embeddable":true,"href":"https:\/\/www.berlin.freidenker.org\/index.php?rest_route=%2Fwp%2Fv2%2Ftags&post=4907"}],"curies":[{"name":"wp","href":"https:\/\/api.w.org\/{rel}","templated":true}]}}