{"id":491,"date":"2010-09-07T17:11:40","date_gmt":"2010-09-07T15:11:40","guid":{"rendered":"http:\/\/www.berlin.freidenker.org\/?p=491"},"modified":"2011-11-07T13:07:38","modified_gmt":"2011-11-07T11:07:38","slug":"einladung","status":"publish","type":"post","link":"https:\/\/www.berlin.freidenker.org\/?p=491","title":{"rendered":"100 Jahre Krematorium und Urnenhalle Berlin-Wedding"},"content":{"rendered":"<p>Aus <strong>Anlass des 100-j\u00e4hrigen Bestehens der Urnenhalle Gerichtstra\u00dfe<\/strong>, Berlin-Wedding hatte der Landesvorstand Berlin des Deutschen Freidenker-Verbandes e.V. zu einer Informations- und Gedenkveranstaltung an den historischen Ort am 02.Oktober 2010 eingeladen.<\/p>\n<div id=\"attachment_509\" style=\"width: 310px\" class=\"wp-caption alignleft\"><a href=\"https:\/\/i0.wp.com\/www.berlin.freidenker.org\/wp-content\/uploads\/pa020001.jpg?ssl=1\"><img data-recalc-dims=\"1\" loading=\"lazy\" decoding=\"async\" aria-describedby=\"caption-attachment-509\" class=\"size-medium wp-image-509\" title=\"Eingang Friedhof Berlin-Wedding Gerichtsstrasse\" src=\"https:\/\/i0.wp.com\/www.berlin.freidenker.org\/wp-content\/uploads\/pa020001.jpg?resize=300%2C224&#038;ssl=1\" alt=\"Eingang Friedhof Berlin-Wedding Gerichtsstrasse\" width=\"300\" height=\"224\" srcset=\"https:\/\/i0.wp.com\/www.berlin.freidenker.org\/wp-content\/uploads\/pa020001.jpg?resize=300%2C224&amp;ssl=1 300w, https:\/\/i0.wp.com\/www.berlin.freidenker.org\/wp-content\/uploads\/pa020001.jpg?resize=1024%2C766&amp;ssl=1 1024w, https:\/\/i0.wp.com\/www.berlin.freidenker.org\/wp-content\/uploads\/pa020001.jpg?w=2000&amp;ssl=1 2000w\" sizes=\"auto, (max-width: 300px) 100vw, 300px\" \/><\/a><p id=\"caption-attachment-509\" class=\"wp-caption-text\">Eingang Friedhof Berlin-Wedding Gerichtsstrasse<\/p><\/div>\n<div id=\"attachment_510\" style=\"width: 310px\" class=\"wp-caption aligncenter\"><a href=\"https:\/\/i0.wp.com\/www.berlin.freidenker.org\/wp-content\/uploads\/pa020002.jpg?ssl=1\"><img data-recalc-dims=\"1\" loading=\"lazy\" decoding=\"async\" aria-describedby=\"caption-attachment-510\" class=\"size-medium wp-image-510\" title=\"Au\u00dfenansicht Friedhof Berlin-Wedding\" src=\"https:\/\/i0.wp.com\/www.berlin.freidenker.org\/wp-content\/uploads\/pa020002.jpg?resize=300%2C224&#038;ssl=1\" alt=\"Au\u00dfenansicht Friedhof Berlin-Wedding\" width=\"300\" height=\"224\" srcset=\"https:\/\/i0.wp.com\/www.berlin.freidenker.org\/wp-content\/uploads\/pa020002.jpg?resize=300%2C224&amp;ssl=1 300w, https:\/\/i0.wp.com\/www.berlin.freidenker.org\/wp-content\/uploads\/pa020002.jpg?resize=1024%2C766&amp;ssl=1 1024w, https:\/\/i0.wp.com\/www.berlin.freidenker.org\/wp-content\/uploads\/pa020002.jpg?w=2000&amp;ssl=1 2000w\" sizes=\"auto, (max-width: 300px) 100vw, 300px\" \/><\/a><p id=\"caption-attachment-510\" class=\"wp-caption-text\">Au\u00dfenansicht Friedhof Berlin-Wedding<\/p><\/div>\n<div id=\"attachment_511\" style=\"width: 310px\" class=\"wp-caption alignright\"><a href=\"https:\/\/i0.wp.com\/www.berlin.freidenker.org\/wp-content\/uploads\/pa020003.jpg?ssl=1\"><img data-recalc-dims=\"1\" loading=\"lazy\" decoding=\"async\" aria-describedby=\"caption-attachment-511\" class=\"size-medium wp-image-511\" title=\"Der Historiker Gernot Bandur (rechts im Bild)\" src=\"https:\/\/i0.wp.com\/www.berlin.freidenker.org\/wp-content\/uploads\/pa020003.jpg?resize=300%2C224&#038;ssl=1\" alt=\"Der Historiker Gernot Bandur (rechts im Bild)\" width=\"300\" height=\"224\" srcset=\"https:\/\/i0.wp.com\/www.berlin.freidenker.org\/wp-content\/uploads\/pa020003.jpg?resize=300%2C224&amp;ssl=1 300w, https:\/\/i0.wp.com\/www.berlin.freidenker.org\/wp-content\/uploads\/pa020003.jpg?resize=1024%2C766&amp;ssl=1 1024w, https:\/\/i0.wp.com\/www.berlin.freidenker.org\/wp-content\/uploads\/pa020003.jpg?w=2000&amp;ssl=1 2000w\" sizes=\"auto, (max-width: 300px) 100vw, 300px\" \/><\/a><p id=\"caption-attachment-511\" class=\"wp-caption-text\">Der Historiker Gernot Bandur (rechts im Bild)<\/p><\/div>\n<p>Die Urnenhalle, Teil des sp\u00e4teren Krematoriums, war die erste in Berlin und vom damaligen Verein f\u00fcr Feuerbestattung erstritten worden. In einem\u00a0 Beitrag informierte der\u00a0 Historiker Gernot Bandur\u00a0 \u00fcber die Geschichte der Feuerbestattung und \u00fcber Pers\u00f6nlichkeiten die hier bestattet wurden.<\/p>\n<p>Der Beitrag finden Sie hier als PDF-Dokument.<a href=\"https:\/\/www.berlin.freidenker.org\/wp-content\/uploads\/100-jahre-urnenhalle.pdf\">Vortrag 100-jahre-Urnenhalle Berlin-Wedding<\/a><a rel=\"attachment wp-att-508\" href=\"https:\/\/www.berlin.freidenker.org\/?attachment_id=508\"><\/a><\/p>\n<p>(Alle Fotos auf der Seite: LV Berlin)<\/p>\n","protected":false},"excerpt":{"rendered":"<p>Aus Anlass des 100-j\u00e4hrigen Bestehens der Urnenhalle Gerichtstra\u00dfe, Berlin-Wedding hatte der Landesvorstand Berlin des Deutschen Freidenker-Verbandes e.V. zu einer Informations- und Gedenkveranstaltung an den historischen Ort am 02.Oktober 2010 eingeladen. Die Urnenhalle, Teil des sp\u00e4teren Krematoriums, war die erste in Berlin und vom damaligen Verein f\u00fcr Feuerbestattung erstritten worden. In einem\u00a0 Beitrag informierte der\u00a0 Historiker [&hellip;]<\/p>\n","protected":false},"author":4,"featured_media":0,"comment_status":"closed","ping_status":"closed","sticky":false,"template":"","format":"standard","meta":{"jetpack_post_was_ever_published":false,"_jetpack_newsletter_access":"","_jetpack_dont_email_post_to_subs":false,"_jetpack_newsletter_tier_id":0,"_jetpack_memberships_contains_paywalled_content":false,"_jetpack_memberships_contains_paid_content":false,"footnotes":""},"categories":[14,13],"tags":[],"class_list":["post-491","post","type-post","status-publish","format-standard","hentry","category-aktivitaeten-des-dfv-berlin","category-veranstaltungen"],"jetpack_featured_media_url":"","jetpack_shortlink":"https:\/\/wp.me\/py5dN-7V","jetpack_sharing_enabled":true,"_links":{"self":[{"href":"https:\/\/www.berlin.freidenker.org\/index.php?rest_route=\/wp\/v2\/posts\/491","targetHints":{"allow":["GET"]}}],"collection":[{"href":"https:\/\/www.berlin.freidenker.org\/index.php?rest_route=\/wp\/v2\/posts"}],"about":[{"href":"https:\/\/www.berlin.freidenker.org\/index.php?rest_route=\/wp\/v2\/types\/post"}],"author":[{"embeddable":true,"href":"https:\/\/www.berlin.freidenker.org\/index.php?rest_route=\/wp\/v2\/users\/4"}],"replies":[{"embeddable":true,"href":"https:\/\/www.berlin.freidenker.org\/index.php?rest_route=%2Fwp%2Fv2%2Fcomments&post=491"}],"version-history":[{"count":18,"href":"https:\/\/www.berlin.freidenker.org\/index.php?rest_route=\/wp\/v2\/posts\/491\/revisions"}],"predecessor-version":[{"id":825,"href":"https:\/\/www.berlin.freidenker.org\/index.php?rest_route=\/wp\/v2\/posts\/491\/revisions\/825"}],"wp:attachment":[{"href":"https:\/\/www.berlin.freidenker.org\/index.php?rest_route=%2Fwp%2Fv2%2Fmedia&parent=491"}],"wp:term":[{"taxonomy":"category","embeddable":true,"href":"https:\/\/www.berlin.freidenker.org\/index.php?rest_route=%2Fwp%2Fv2%2Fcategories&post=491"},{"taxonomy":"post_tag","embeddable":true,"href":"https:\/\/www.berlin.freidenker.org\/index.php?rest_route=%2Fwp%2Fv2%2Ftags&post=491"}],"curies":[{"name":"wp","href":"https:\/\/api.w.org\/{rel}","templated":true}]}}