{"id":4918,"date":"2018-09-03T11:17:55","date_gmt":"2018-09-03T09:17:55","guid":{"rendered":"http:\/\/www.berlin.freidenker.org\/?p=4918"},"modified":"2018-09-03T11:19:49","modified_gmt":"2018-09-03T09:19:49","slug":"verpflichtung-fuer-frieden-und-voelkerfreundschaft-solidaritaet-mit-dem-donbass","status":"publish","type":"post","link":"https:\/\/www.berlin.freidenker.org\/?p=4918","title":{"rendered":"VERPFLICHTUNG F\u00dcR FRIEDEN UND V\u00d6LKERFREUNDSCHAFT \u2013 SOLIDARIT\u00c4T MIT DEM DONBASS!"},"content":{"rendered":"<p>Die Berliner Freidenker laden herzlich ein zur ersten Runde nach der Sommerpause \u201eBerliner Freidenker im Gespr\u00e4ch\u201c.<\/p>\n<p>Sie steht unter dem Motto:<\/p>\n<p>VERPFLICHTUNG F\u00dcR FRIEDEN UND V\u00d6LKERFREUNDSCHAFT \u2013 SOLIDARIT\u00c4T MIT DEM DONBASS!<\/p>\n<p>Wir treffen uns wieder zum gewohnten Termin am gewohnten Ort.<\/p>\n<p><span style=\"font-size: large;\"><b>Wann: Mittwoch, 12.September 2018, 18 Uhr<\/b><\/span><\/p>\n<p><span style=\"font-size: large;\"><b>Wo:<\/b><\/span><b> <\/b><span style=\"font-size: large;\"><b>Kieztreff Wedding, Stralsunder Stra\u00dfe 6, 13355 Berlin<\/b><\/span><\/p>\n<p>Als Gast freuen wir uns, Liane Kilinc beg\u00fc\u00dfen zu d\u00fcrfen. Liane ist Vorsitzende des Vereins <a href=\"https:\/\/www.youtube.com\/watch?v=e2XLF--ZkUc\" target=\"_blank\" rel=\"noopener\">Friedensbr\u00fccke-Kriegsopferhilfe e.V. &#8211; \u043c\u043e\u0441\u0442 \u043c\u0438\u0440\u0430 &#8211;<\/a><\/p>\n<p>Mit Liane wollen wir der Frage nachgehen: Was hei\u00dft heute praktische Solidarit\u00e4t? Welche politischen und professionellen Voraussetzungen mu\u00df humanit\u00e4re Arbeit erf\u00fcllen, um \u00fcber moralische Appelle und karitative Wirkungslosigkeit hinauszugehen?<\/p>\n<p>Unsere Berliner Veranstaltungen sehen wir als \u00f6ffentliche Beitr\u00e4ge, um unser Freidenker-Verbandsmotto \u201eWie wollen wir leben?\u201c gemeinsam mit Inhalt zu erf\u00fcllen.<\/p>\n<p>\u201eWie wollen wir leben?\u201c &#8211; das herauszufinden erfordert in der jetzigen Lage imperialistischer Kriege, Sanktionen und Vorbereitung neuer Aggressionen auch Antworten auf die Frage \u201eWie k\u00f6nnen wir helfen?\u201c und \u201eWem m\u00fcssen wir helfen?\u201c.<\/p>\n<p>Seit 2015 unterst\u00fctzt die \u201eFriedensbr\u00fccke \u2013 Kriegsopferhilfe e.V.\u201c die Menschen in Kriegsgebieten. Warum sie das tun, welche Entscheidungen sie dabei zu treffen haben, um wirksame Hilfe zu leisten, und welche enormen politischen Widerst\u00e4nde dabei zu \u00fcberwinden sind \u2013 das wollen wir mit Liane Kilinc diskutieren.<\/p>\n<p>Wir werden diesem Thema am Beispiel der Solidarit\u00e4tsarbeit mit den Volksrepubliken im Donbass und ihrer heldenhaften leidgepr\u00fcften Bev\u00f6lkerung nachgehen. Hier leistet die Friedensbr\u00fccke seit Jahren eine vorbildliche, aber von der \u00d6ffentlichkeit kaum wahrgenommene humanit\u00e4re Arbeit. Ob Lieferung von Hilfsg\u00fctern, Evakuierung von Kindern aus dem Kriegsgebiet, Betreuung dieser durch die Kriegserfahrung und die Barbarei der ukrainischen Faschisten traumatisierten Kinder \u2013 die Arbeit der Friedensbr\u00fccke geschieht vor Ort, im Donbass. Alle Hilfsleitungen erfolgen im direkten Kontakt und werden nicht \u00fcber Dritte organisiert.<\/p>\n<p>Nach dem Anschauen eines kurzen Films, der die Arbeit des Vereins Friedensbr\u00fccke-Kriegsopferhilfe e.V. im Donbass vorstellt, wird uns Liane Einblick in diese Arbeit geben. Wir wollen diskutieren, welche Widerst\u00e4nde zu \u00fcberwinden sind, wenn die Solidarit\u00e4t aus einem imperialistischen Land heraus erfolgt, f\u00fcr das die Unterst\u00fctzung der faschistischen Kr\u00e4fte und der neuen NATO-Ostfront Staatsr\u00e4son ist.<\/p>\n<p>Wenn es ihr Terminkalender erlaubt, werden wir uns au\u00dferdem freuen, auch die Freunde von der Alternativen Presseschau zu begr\u00fc\u00dfen, die seit vier Jahren t\u00e4glich \u00fcber den Donbass informiert.<\/p>\n<p>&nbsp;<\/p>\n","protected":false},"excerpt":{"rendered":"<p>Die Berliner Freidenker laden herzlich ein zur ersten Runde nach der Sommerpause \u201eBerliner Freidenker im Gespr\u00e4ch\u201c. Sie steht unter dem Motto: VERPFLICHTUNG F\u00dcR FRIEDEN UND V\u00d6LKERFREUNDSCHAFT \u2013 SOLIDARIT\u00c4T MIT DEM DONBASS! Wir treffen uns wieder zum gewohnten Termin am gewohnten Ort. Wann: Mittwoch, 12.September 2018, 18 Uhr Wo: Kieztreff Wedding, Stralsunder Stra\u00dfe 6, 13355 Berlin [&hellip;]<\/p>\n","protected":false},"author":4,"featured_media":0,"comment_status":"open","ping_status":"open","sticky":false,"template":"","format":"standard","meta":{"jetpack_post_was_ever_published":false,"_jetpack_newsletter_access":"","_jetpack_dont_email_post_to_subs":false,"_jetpack_newsletter_tier_id":0,"_jetpack_memberships_contains_paywalled_content":false,"_jetpack_memberships_contains_paid_content":false,"footnotes":""},"categories":[1],"tags":[],"class_list":["post-4918","post","type-post","status-publish","format-standard","hentry","category-allgemein"],"jetpack_featured_media_url":"","jetpack_shortlink":"https:\/\/wp.me\/py5dN-1hk","jetpack_sharing_enabled":true,"_links":{"self":[{"href":"https:\/\/www.berlin.freidenker.org\/index.php?rest_route=\/wp\/v2\/posts\/4918","targetHints":{"allow":["GET"]}}],"collection":[{"href":"https:\/\/www.berlin.freidenker.org\/index.php?rest_route=\/wp\/v2\/posts"}],"about":[{"href":"https:\/\/www.berlin.freidenker.org\/index.php?rest_route=\/wp\/v2\/types\/post"}],"author":[{"embeddable":true,"href":"https:\/\/www.berlin.freidenker.org\/index.php?rest_route=\/wp\/v2\/users\/4"}],"replies":[{"embeddable":true,"href":"https:\/\/www.berlin.freidenker.org\/index.php?rest_route=%2Fwp%2Fv2%2Fcomments&post=4918"}],"version-history":[{"count":2,"href":"https:\/\/www.berlin.freidenker.org\/index.php?rest_route=\/wp\/v2\/posts\/4918\/revisions"}],"predecessor-version":[{"id":4920,"href":"https:\/\/www.berlin.freidenker.org\/index.php?rest_route=\/wp\/v2\/posts\/4918\/revisions\/4920"}],"wp:attachment":[{"href":"https:\/\/www.berlin.freidenker.org\/index.php?rest_route=%2Fwp%2Fv2%2Fmedia&parent=4918"}],"wp:term":[{"taxonomy":"category","embeddable":true,"href":"https:\/\/www.berlin.freidenker.org\/index.php?rest_route=%2Fwp%2Fv2%2Fcategories&post=4918"},{"taxonomy":"post_tag","embeddable":true,"href":"https:\/\/www.berlin.freidenker.org\/index.php?rest_route=%2Fwp%2Fv2%2Ftags&post=4918"}],"curies":[{"name":"wp","href":"https:\/\/api.w.org\/{rel}","templated":true}]}}