{"id":4928,"date":"2018-10-01T14:36:05","date_gmt":"2018-10-01T12:36:05","guid":{"rendered":"http:\/\/www.berlin.freidenker.org\/?p=4928"},"modified":"2018-10-01T14:36:05","modified_gmt":"2018-10-01T12:36:05","slug":"alternative-einheitsfeier-achtung-neuer-ort","status":"publish","type":"post","link":"https:\/\/www.berlin.freidenker.org\/?p=4928","title":{"rendered":"Alternative Einheitsfeier &#8211; Achtung: Neuer Ort!"},"content":{"rendered":"<p align=\"LEFT\"><span style=\"color: #c00000;\"><span style=\"font-family: Berlin Sans FB, serif;\"><span style=\"font-size: xx-large;\">\u00bbDie W\u00fcrde des Menschen ist unantastbar\u00ab <\/span><\/span><\/span><\/p>\n<p align=\"LEFT\"><span style=\"color: #0037a4;\"> <span style=\"font-family: Berlin Sans FB, serif;\"><span style=\"font-size: x-large;\"> 3. Oktober 2018 &#8211; 10.00-12.00 Uhr <\/span><\/span><\/span><\/p>\n<h1 class=\"western\">\u00bbAlternative Einheitsfeier 2018\u00ab<\/h1>\n<p><span style=\"color: #0037a4;\"><span style=\"font-family: Berlin Sans FB, serif;\"><span style=\"font-size: medium;\">Die Protestveranstaltung des Ostdeutschen Kuratoriums von Verb\u00e4nden e.V. <\/span><\/span><\/span><\/p>\n<h2 class=\"western\">Programm<\/h2>\n<p><a name=\"_GoBack\"><\/a> Es sprechen:<\/p>\n<p>Dr. Matthias Werner, Pr\u00e4sident des OKV e.V.;<\/p>\n<p>RA Hans Bauer, Vizepr\u00e4sident des OKV und Vorsitzender des<\/p>\n<p>Gesellschaft zur Rechtlichen und humanit\u00e4ren Unterst\u00fctzung e.V.;<\/p>\n<p>Martina Dost, Vorstandsmitglied der Gesellschaft zum Schutz von B\u00fcrgerrecht und Menschenw\u00fcrde e.V.; Es wirken mit:<\/p>\n<p>Isabel Neuenfeldt, Moderatorin, S\u00e4ngerin und Schauspielerin sowie<\/p>\n<p align=\"LEFT\">Erich Schaffner, Rezitator und Schauspieler mit Georg Klemp am Piano.<\/p>\n<p align=\"LEFT\"><span style=\"font-size: small;\">Die Veranstaltung wird unterst\u00fctzt von der <\/span><\/p>\n<p><u> <\/u> <span style=\"font-size: small;\">Tageszeitung \u00bbjunge Welt\u00ab <\/span><\/p>\n<p>Die Protestveranstaltung findet statt am 3. Oktober 2018 von 10.00 bis 12.00 Uhr im B\u00fcrgerhaus Neuenhagen bei Berlin, 15366 Neuenhagen,<\/p>\n<p>Hauptstra\u00dfe 2. Einlass ab 9.00 Uhr und damit die Gelegenheit f\u00fcr interessante Gespr\u00e4che. Informationstische mit B\u00fcchern und Dokumentationen laden zum Verweilen ein.<\/p>\n<p>Der Veranstaltungsort ist zu erreichen mit der S-Bahn Linie 5 bis zur Haltestelle Neuenhagen (S-Bahn Tarifzone C). Das B\u00fcrgerhaus befindet sich ca. 400m entfernt vom S-Bahnhof.<\/p>\n<p>Kostenloses Parken nahe dem B\u00fcrgerhaus ist m\u00f6glich.<\/p>\n<p align=\"LEFT\">\n<p>Karten f\u00fcr diese Veranstaltung k\u00f6nnen ab 1. August 2018 telefonisch oder schriftlich bestellt oder in den unten stehenden Gesch\u00e4ftsstellen erworben werden.<\/p>\n<p>Unkostenbeitrag: 5,- Euro<\/p>\n<p>Bestellung und Verkauf \u00fcber die Gesch\u00e4ftsstellen von: OKV e. V. \u2013 Bestellung \u00fcber E-Mail: redaktion@okv-ev.de (24-Stunden-Bestellung)<\/p>\n<p align=\"LEFT\"><span style=\"font-size: medium;\">GBM e. V. \u2013 Montag bis Donnerstag, 9\u201316 Uhr, Franz-Mehring-Platz 1 (nd-Geb\u00e4ude), 10243 <\/span><\/p>\n<p align=\"LEFT\"><span style=\"font-size: medium;\">Berlin, Raum 630; Tel.: 030\/2978 4688. Fax: 030\/2978 4689 E-Mail: gbmev@t-online.de <\/span><\/p>\n<p><span style=\"font-size: medium;\">GRH e. V. \u2013 Dienstag und Donnerstag, 9\u201316 Uhr, Franz-Mehring-Platz 1 (nd-Geb\u00e4ude), <\/span><\/p>\n<p><span style=\"font-size: medium;\">10243 Berlin, Raum 342; Tel.: 030\/29784225, E-Mail: verein@grh-ev.org <\/span><\/p>\n<p><span style=\"font-size: medium;\">ISOR e. V. \u2013 Dienstag und Donnerstag, 9\u201316 Uhr, Franz-Mehring-Platz 1 (nd-Geb\u00e4ude), 10243 Berlin, Raum 318; Tel.: 030\/29784315, E-Mail: ISOR-Berlin@t-online.de <\/span><\/p>\n<p>Erwerb auch \u00fcber die weiteren im OKV organisierten Vereine, Freundeskreise und sozialen B\u00fcndnisse.<\/p>\n<p>Restkarten sind am Tag der Veranstaltung im B\u00fcrgerhaus Neuenhagen bei Berlin, Hauptstr. 2, 15366 Neuenhagen erh\u00e4ltlich.<\/p>\n","protected":false},"excerpt":{"rendered":"<p>\u00bbDie W\u00fcrde des Menschen ist unantastbar\u00ab 3. Oktober 2018 &#8211; 10.00-12.00 Uhr \u00bbAlternative Einheitsfeier 2018\u00ab Die Protestveranstaltung des Ostdeutschen Kuratoriums von Verb\u00e4nden e.V. Programm Es sprechen: Dr. Matthias Werner, Pr\u00e4sident des OKV e.V.; RA Hans Bauer, Vizepr\u00e4sident des OKV und Vorsitzender des Gesellschaft zur Rechtlichen und humanit\u00e4ren Unterst\u00fctzung e.V.; Martina Dost, Vorstandsmitglied der Gesellschaft zum [&hellip;]<\/p>\n","protected":false},"author":4,"featured_media":0,"comment_status":"open","ping_status":"open","sticky":false,"template":"","format":"standard","meta":{"jetpack_post_was_ever_published":false,"_jetpack_newsletter_access":"","_jetpack_dont_email_post_to_subs":false,"_jetpack_newsletter_tier_id":0,"_jetpack_memberships_contains_paywalled_content":false,"_jetpack_memberships_contains_paid_content":false,"footnotes":""},"categories":[1],"tags":[],"class_list":["post-4928","post","type-post","status-publish","format-standard","hentry","category-allgemein"],"jetpack_featured_media_url":"","jetpack_shortlink":"https:\/\/wp.me\/py5dN-1hu","jetpack_sharing_enabled":true,"_links":{"self":[{"href":"https:\/\/www.berlin.freidenker.org\/index.php?rest_route=\/wp\/v2\/posts\/4928","targetHints":{"allow":["GET"]}}],"collection":[{"href":"https:\/\/www.berlin.freidenker.org\/index.php?rest_route=\/wp\/v2\/posts"}],"about":[{"href":"https:\/\/www.berlin.freidenker.org\/index.php?rest_route=\/wp\/v2\/types\/post"}],"author":[{"embeddable":true,"href":"https:\/\/www.berlin.freidenker.org\/index.php?rest_route=\/wp\/v2\/users\/4"}],"replies":[{"embeddable":true,"href":"https:\/\/www.berlin.freidenker.org\/index.php?rest_route=%2Fwp%2Fv2%2Fcomments&post=4928"}],"version-history":[{"count":1,"href":"https:\/\/www.berlin.freidenker.org\/index.php?rest_route=\/wp\/v2\/posts\/4928\/revisions"}],"predecessor-version":[{"id":4929,"href":"https:\/\/www.berlin.freidenker.org\/index.php?rest_route=\/wp\/v2\/posts\/4928\/revisions\/4929"}],"wp:attachment":[{"href":"https:\/\/www.berlin.freidenker.org\/index.php?rest_route=%2Fwp%2Fv2%2Fmedia&parent=4928"}],"wp:term":[{"taxonomy":"category","embeddable":true,"href":"https:\/\/www.berlin.freidenker.org\/index.php?rest_route=%2Fwp%2Fv2%2Fcategories&post=4928"},{"taxonomy":"post_tag","embeddable":true,"href":"https:\/\/www.berlin.freidenker.org\/index.php?rest_route=%2Fwp%2Fv2%2Ftags&post=4928"}],"curies":[{"name":"wp","href":"https:\/\/api.w.org\/{rel}","templated":true}]}}